{"id":128673,"date":"2026-01-25T13:51:36","date_gmt":"2026-01-25T18:51:36","guid":{"rendered":"https:\/\/futbolhoy.co\/?p=128673"},"modified":"2026-01-26T13:42:12","modified_gmt":"2026-01-26T18:42:12","slug":"daniel-munoz-regreso-tras-mas-de-mes-y-medio-de-ausencia","status":"publish","type":"post","link":"https:\/\/futbolhoy.co\/index.php\/2026\/01\/25\/daniel-munoz-regreso-tras-mas-de-mes-y-medio-de-ausencia\/","title":{"rendered":"Daniel Mu\u00f1oz regres\u00f3 tras m\u00e1s de mes y medio de ausencia"},"content":{"rendered":"<p style=\"text-align: justify;\"><span style=\"font-family: helvetica, arial, sans-serif;\"><strong>Daniel Mu\u00f1oz<\/strong> regres\u00f3 a la competencia oficial luego de haber sido intervenido quir\u00fargicamente de una limpieza de rodilla, debido a un problema que ven\u00eda arrastrando desde hace algunos meses.<\/span><\/p>\n<p style=\"text-align: justify;\"><span style=\"font-family: helvetica, arial, sans-serif;\">El colombiano volvi\u00f3 a la acci\u00f3n este domingo en lo que fue derrota de su equipo, <strong>el Crystal Palace, 3-1 contra Chelsea<\/strong> en condici\u00f3n de local.<\/span><\/p>\n<p style=\"text-align: justify;\"><span style=\"font-family: helvetica, arial, sans-serif;\">El antioque\u00f1o fue titular y estuvo cerca de hacer asistencia, pues sobre los primeros minutos asisti\u00f3 a <strong>Jean Philipe Mateta,<\/strong> pero el arquero, Robert S\u00e1nchez, se qued\u00f3 con esa acci\u00f3n.<\/span><\/p>\n<p style=\"text-align: justify;\"><span style=\"font-family: helvetica, arial, sans-serif;\">Sin lugar a dudas el aspecto positivo es la reaparici\u00f3n del lateral derecho, pues no jugaba desde el 3 de diciembre. Se trata de una recuperaci\u00f3n clave para el cuadro que dirige<strong> Oliver Glasner,<\/strong> pues encadenaron 10 partidos sin poder ganar y marchan en el puesto 15 con 28 puntos.<\/span><\/p>\n<p>&nbsp;<\/p>\n","protected":false},"excerpt":{"rendered":"<p>Daniel Mu\u00f1oz regres\u00f3 a la competencia oficial luego de haber sido intervenido quir\u00fargicamente de una limpieza de rodilla, debido a un problema que ven\u00eda arrastrando desde hace algunos meses. El colombiano volvi\u00f3 a la acci\u00f3n este domingo en lo que fue derrota de su equipo, el Crystal Palace, 3-1 contra Chelsea en condici\u00f3n de local. [&hellip;]<\/p>\n","protected":false},"author":4,"featured_media":128674,"comment_status":"open","ping_status":"closed","sticky":false,"template":"","format":"standard","meta":{"_acf_changed":false,"footnotes":""},"categories":[152],"tags":[],"class_list":{"0":"post-128673","1":"post","2":"type-post","3":"status-publish","4":"format-standard","5":"has-post-thumbnail","7":"category-mundo-futbol"},"acf":[],"_links":{"self":[{"href":"https:\/\/futbolhoy.co\/index.php\/wp-json\/wp\/v2\/posts\/128673","targetHints":{"allow":["GET"]}}],"collection":[{"href":"https:\/\/futbolhoy.co\/index.php\/wp-json\/wp\/v2\/posts"}],"about":[{"href":"https:\/\/futbolhoy.co\/index.php\/wp-json\/wp\/v2\/types\/post"}],"author":[{"embeddable":true,"href":"https:\/\/futbolhoy.co\/index.php\/wp-json\/wp\/v2\/users\/4"}],"replies":[{"embeddable":true,"href":"https:\/\/futbolhoy.co\/index.php\/wp-json\/wp\/v2\/comments?post=128673"}],"version-history":[{"count":1,"href":"https:\/\/futbolhoy.co\/index.php\/wp-json\/wp\/v2\/posts\/128673\/revisions"}],"predecessor-version":[{"id":128675,"href":"https:\/\/futbolhoy.co\/index.php\/wp-json\/wp\/v2\/posts\/128673\/revisions\/128675"}],"wp:featuredmedia":[{"embeddable":true,"href":"https:\/\/futbolhoy.co\/index.php\/wp-json\/wp\/v2\/media\/128674"}],"wp:attachment":[{"href":"https:\/\/futbolhoy.co\/index.php\/wp-json\/wp\/v2\/media?parent=128673"}],"wp:term":[{"taxonomy":"category","embeddable":true,"href":"https:\/\/futbolhoy.co\/index.php\/wp-json\/wp\/v2\/categories?post=128673"},{"taxonomy":"post_tag","embeddable":true,"href":"https:\/\/futbolhoy.co\/index.php\/wp-json\/wp\/v2\/tags?post=128673"}],"curies":[{"name":"wp","href":"https:\/\/api.w.org\/{rel}","templated":true}]}}