{"id":128691,"date":"2026-01-26T09:57:13","date_gmt":"2026-01-26T14:57:13","guid":{"rendered":"https:\/\/futbolhoy.co\/?p=128691"},"modified":"2026-01-27T17:58:57","modified_gmt":"2026-01-27T22:58:57","slug":"dt-de-portugal-colombia-es-una-seleccion-top","status":"publish","type":"post","link":"https:\/\/futbolhoy.co\/index.php\/2026\/01\/26\/dt-de-portugal-colombia-es-una-seleccion-top\/","title":{"rendered":"DT de Portugal: \u201cColombia es una selecci\u00f3n top\u201d"},"content":{"rendered":"<p style=\"text-align: justify;\"><span style=\"font-family: helvetica, arial, sans-serif;\"><strong>Colombia y Portugal<\/strong> disputar\u00e1n uno de los partidos m\u00e1s atractivos de la fase de grupos del Mundial, incluso puede ser el mejor, ya que cuenta con m\u00e1s de 500 millones de solicitudes de boletas. El juego se llevar\u00e1 a cabo en el <strong>Hard Rock Stadium de Miami el 27 de junio.<\/strong><\/span><\/p>\n<p style=\"text-align: justify;\"><span style=\"font-family: helvetica, arial, sans-serif;\">En entrevista con Caracol Radio, el t\u00e9cnico de la selecci\u00f3n portuguesa, <strong>Roberto Mart\u00ednez<\/strong>, se refiri\u00f3 a lo que ser\u00e1 ese juego. Elogi\u00f3 a la Tricolor y el trabajo que ha hecho N\u00e9stor Lorenzo, as\u00ed como destac\u00f3 a jugadores como Luis D\u00edaz, entre otros.<\/span><\/p>\n<p style=\"text-align: justify;\"><span style=\"font-family: helvetica, arial, sans-serif;\">\u00a0\u201cYa conoc\u00edamos antes del sorteo que Colombia,\u00a0en otro Mundial donde no hubiera 3 anfitriones, <strong>claramente era una selecci\u00f3n para estar en el pote uno (del sorteo)<\/strong>. Para m\u00ed es una selecci\u00f3n top. Yo creo que el trabajo que est\u00e1 haciendo el profe <strong>N\u00e9stor Lorenzo<\/strong> es de una consistencia, de una clareza y de un entendimiento de lo que tiene aquel vestuario, \u00a0que le hace un equipo s\u00faper, s\u00faper competitivo, con\u00a0una gran facultad que es ser muy camale\u00f3nico\u201d, dijo.<\/span><\/p>\n<p style=\"text-align: justify;\"><span style=\"font-family: helvetica, arial, sans-serif;\">Respecto a Luis D\u00edaz, mencion\u00f3: \u201cEs uno de los mejores jugadores en este momento en el continente europeo. La verdad que la diferencia de lo que vimos de un Bayern de M\u00fanich de la temporada pasada y esta temporada,\u00a0<strong>hay mucho a decir de lo que aporta Luis D\u00edaz<\/strong>\u201d.<\/span><\/p>\n<p style=\"text-align: justify;\"><span style=\"font-family: helvetica, arial, sans-serif;\">Pero Lucho no fue el \u00fanico al cual se refiri\u00f3 Mart\u00ednez. \u201cTambi\u00e9n valoramos otros muchos jugadores de la selecci\u00f3n colombiana, como <strong>Luis Su\u00e1rez,<\/strong> que est\u00e1 teniendo muy buen, muy buena, muy buena \u00e9poca en el Sporting aqu\u00ed en Portugal. Jugadores como<strong>\u00a0James (Rodr\u00edguez)<\/strong>\u00a0siempre tienen una presencia importante, jugadores como<strong>\u00a0(Daniel) Mu\u00f1oz<\/strong>, como\u00a0<strong>(Jhon) Lucum\u00ed<\/strong>\u201d.<\/span><\/p>\n","protected":false},"excerpt":{"rendered":"<p>Colombia y Portugal disputar\u00e1n uno de los partidos m\u00e1s atractivos de la fase de grupos del Mundial, incluso puede ser el mejor, ya que cuenta con m\u00e1s de 500 millones de solicitudes de boletas. El juego se llevar\u00e1 a cabo en el Hard Rock Stadium de Miami el 27 de junio. En entrevista con Caracol [&hellip;]<\/p>\n","protected":false},"author":4,"featured_media":128703,"comment_status":"open","ping_status":"closed","sticky":false,"template":"","format":"standard","meta":{"_acf_changed":false,"footnotes":""},"categories":[418],"tags":[],"class_list":{"0":"post-128691","1":"post","2":"type-post","3":"status-publish","4":"format-standard","5":"has-post-thumbnail","7":"category-colombia"},"acf":[],"_links":{"self":[{"href":"https:\/\/futbolhoy.co\/index.php\/wp-json\/wp\/v2\/posts\/128691","targetHints":{"allow":["GET"]}}],"collection":[{"href":"https:\/\/futbolhoy.co\/index.php\/wp-json\/wp\/v2\/posts"}],"about":[{"href":"https:\/\/futbolhoy.co\/index.php\/wp-json\/wp\/v2\/types\/post"}],"author":[{"embeddable":true,"href":"https:\/\/futbolhoy.co\/index.php\/wp-json\/wp\/v2\/users\/4"}],"replies":[{"embeddable":true,"href":"https:\/\/futbolhoy.co\/index.php\/wp-json\/wp\/v2\/comments?post=128691"}],"version-history":[{"count":1,"href":"https:\/\/futbolhoy.co\/index.php\/wp-json\/wp\/v2\/posts\/128691\/revisions"}],"predecessor-version":[{"id":128704,"href":"https:\/\/futbolhoy.co\/index.php\/wp-json\/wp\/v2\/posts\/128691\/revisions\/128704"}],"wp:featuredmedia":[{"embeddable":true,"href":"https:\/\/futbolhoy.co\/index.php\/wp-json\/wp\/v2\/media\/128703"}],"wp:attachment":[{"href":"https:\/\/futbolhoy.co\/index.php\/wp-json\/wp\/v2\/media?parent=128691"}],"wp:term":[{"taxonomy":"category","embeddable":true,"href":"https:\/\/futbolhoy.co\/index.php\/wp-json\/wp\/v2\/categories?post=128691"},{"taxonomy":"post_tag","embeddable":true,"href":"https:\/\/futbolhoy.co\/index.php\/wp-json\/wp\/v2\/tags?post=128691"}],"curies":[{"name":"wp","href":"https:\/\/api.w.org\/{rel}","templated":true}]}}