{"id":128717,"date":"2026-01-27T11:07:45","date_gmt":"2026-01-27T16:07:45","guid":{"rendered":"https:\/\/futbolhoy.co\/?p=128717"},"modified":"2026-01-28T13:53:27","modified_gmt":"2026-01-28T18:53:27","slug":"falcao-convocado-con-millonarios-para-juego-frente-a-pasto","status":"publish","type":"post","link":"https:\/\/futbolhoy.co\/index.php\/2026\/01\/27\/falcao-convocado-con-millonarios-para-juego-frente-a-pasto\/","title":{"rendered":"Falcao, convocado con Millonarios para juego frente a Pasto"},"content":{"rendered":"<p style=\"text-align: justify;\"><span style=\"font-family: helvetica, arial, sans-serif;\"><strong>Radamel Falcao Garc\u00eda<\/strong> volvi\u00f3 a ser convocado con <strong>Millonarios,<\/strong> luego de m\u00e1s de siete meses de su \u00faltimo partido con el conjunto Embajador, en el que, tras la derrota con Santa Fe, recibi\u00f3 una <strong>sanci\u00f3n de cuatro fechas.<\/strong><\/span><\/p>\n<p style=\"text-align: justify;\"><span style=\"font-family: helvetica, arial, sans-serif;\">El delantero<strong> qued\u00f3 habilitado para la fecha 3 ante Pasto,<\/strong> luego de la resoluci\u00f3n del Comit\u00e9 Disciplinario de la Dimayor en el que hubo una suspensi\u00f3n parcial de la sanci\u00f3n, partiendo del art\u00edculo 42 del C\u00f3digo de la FCF, que se basa en que, si el jugador cumpli\u00f3 la mitad de la misma,<strong> puede haber una reducci\u00f3n de la mitad.<\/strong><\/span><\/p>\n<p style=\"text-align: justify;\"><span style=\"font-family: helvetica, arial, sans-serif;\">El Tigre <strong>hizo parte de la lista de 20 citados por el t\u00e9cnico Hern\u00e1n Torres<\/strong> para el encuentro clave, pues luego de dos derrotas consecutivas, la victoria es necesaria para la continuidad del entrenador tolimense en el cargo.<\/span><\/p>\n<p style=\"text-align: justify;\"><span style=\"font-family: helvetica, arial, sans-serif;\">Regresaron tambi\u00e9n a convocatoria <strong>Leonardo Castro<\/strong> (estaba suspendido),<strong> Andr\u00e9s Llin\u00e1s<\/strong> (regresa luego de una fractura del pie izquierdo) y<strong> Alex Castro<\/strong> (tambi\u00e9n ten\u00eda molestias f\u00edsicas).<\/span><\/p>\n<p style=\"text-align: justify;\"><span style=\"font-family: helvetica, arial, sans-serif;\">Por su parte, no viajaron <strong>David Mackalister Silva<\/strong> y <strong>Alex Moreno Paz<\/strong> por molestias f\u00edsicas tras el juego con Junior, mientras que <strong>Jorge Hurtado Cabezas<\/strong> qued\u00f3 afuera por decisi\u00f3n t\u00e9cnica.<\/span><\/p>\n<p>&nbsp;<\/p>\n<blockquote class=\"twitter-tweet\">\n<p dir=\"ltr\" lang=\"es\">\ud83e\ude7a\u24c2 Reporte M\u00e9dico: David M. Silva y \u00c1lex M. Paz<\/p>\n<p>\u25b6\ufe0f <a href=\"https:\/\/t.co\/9VuXjkULo0\">https:\/\/t.co\/9VuXjkULo0<\/a> <a href=\"https:\/\/t.co\/lWfV4ZKcoB\">pic.twitter.com\/lWfV4ZKcoB<\/a><\/p>\n<p>\u2014 Millonarios FC (@MillosFCoficial) <a href=\"https:\/\/twitter.com\/MillosFCoficial\/status\/2016164689743409378?ref_src=twsrc%5Etfw\">January 27, 2026<\/a><\/p><\/blockquote>\n<p><script async src=\"https:\/\/platform.twitter.com\/widgets.js\" charset=\"utf-8\"><\/script><\/p>\n","protected":false},"excerpt":{"rendered":"<p>Radamel Falcao Garc\u00eda volvi\u00f3 a ser convocado con Millonarios, luego de m\u00e1s de siete meses de su \u00faltimo partido con el conjunto Embajador, en el que, tras la derrota con Santa Fe, recibi\u00f3 una sanci\u00f3n de cuatro fechas. El delantero qued\u00f3 habilitado para la fecha 3 ante Pasto, luego de la resoluci\u00f3n del Comit\u00e9 Disciplinario [&hellip;]<\/p>\n","protected":false},"author":4,"featured_media":128718,"comment_status":"open","ping_status":"closed","sticky":false,"template":"","format":"standard","meta":{"_acf_changed":false,"footnotes":""},"categories":[7],"tags":[],"class_list":{"0":"post-128717","1":"post","2":"type-post","3":"status-publish","4":"format-standard","5":"has-post-thumbnail","7":"category-liga-betplay"},"acf":[],"_links":{"self":[{"href":"https:\/\/futbolhoy.co\/index.php\/wp-json\/wp\/v2\/posts\/128717","targetHints":{"allow":["GET"]}}],"collection":[{"href":"https:\/\/futbolhoy.co\/index.php\/wp-json\/wp\/v2\/posts"}],"about":[{"href":"https:\/\/futbolhoy.co\/index.php\/wp-json\/wp\/v2\/types\/post"}],"author":[{"embeddable":true,"href":"https:\/\/futbolhoy.co\/index.php\/wp-json\/wp\/v2\/users\/4"}],"replies":[{"embeddable":true,"href":"https:\/\/futbolhoy.co\/index.php\/wp-json\/wp\/v2\/comments?post=128717"}],"version-history":[{"count":3,"href":"https:\/\/futbolhoy.co\/index.php\/wp-json\/wp\/v2\/posts\/128717\/revisions"}],"predecessor-version":[{"id":128721,"href":"https:\/\/futbolhoy.co\/index.php\/wp-json\/wp\/v2\/posts\/128717\/revisions\/128721"}],"wp:featuredmedia":[{"embeddable":true,"href":"https:\/\/futbolhoy.co\/index.php\/wp-json\/wp\/v2\/media\/128718"}],"wp:attachment":[{"href":"https:\/\/futbolhoy.co\/index.php\/wp-json\/wp\/v2\/media?parent=128717"}],"wp:term":[{"taxonomy":"category","embeddable":true,"href":"https:\/\/futbolhoy.co\/index.php\/wp-json\/wp\/v2\/categories?post=128717"},{"taxonomy":"post_tag","embeddable":true,"href":"https:\/\/futbolhoy.co\/index.php\/wp-json\/wp\/v2\/tags?post=128717"}],"curies":[{"name":"wp","href":"https:\/\/api.w.org\/{rel}","templated":true}]}}