{"id":128723,"date":"2026-01-27T13:31:56","date_gmt":"2026-01-27T18:31:56","guid":{"rendered":"https:\/\/futbolhoy.co\/?p=128723"},"modified":"2026-01-28T17:42:11","modified_gmt":"2026-01-28T22:42:11","slug":"presidente-de-al-nassr-critico-con-dureza-a-jhon-duran","status":"publish","type":"post","link":"https:\/\/futbolhoy.co\/index.php\/2026\/01\/27\/presidente-de-al-nassr-critico-con-dureza-a-jhon-duran\/","title":{"rendered":"Presidente de Al Nassr critic\u00f3 con dureza a Jhon Dur\u00e1n"},"content":{"rendered":"<p style=\"text-align: justify;\"><span style=\"font-family: helvetica, arial, sans-serif;\">La aventura de <strong>Jhon Dur\u00e1n<\/strong> por<strong> Al Nassr<\/strong> dur\u00f3 poco menos de seis meses. El colombiano habr\u00eda tenido inconvenientes en la interna y eso agiliz\u00f3 su salida para irse en calidad de pr\u00e9stamo, por lo que lleg\u00f3 al <strong>Fenerbahce de Turqu\u00eda.<\/strong><\/span><\/p>\n<p style=\"text-align: justify;\"><span style=\"font-family: helvetica, arial, sans-serif;\"><strong>Abdullah Al-Majed,<\/strong> presidente de Al Nassr, se refiri\u00f3 a la situaci\u00f3n vivida por el antioque\u00f1o en el club y lo critic\u00f3 con dureza, al punto de agradecer el hecho de que haya salido del equipo.<\/span><\/p>\n<p style=\"text-align: justify;\"><span style=\"font-family: helvetica, arial, sans-serif;\">\u201cEl jugador actu\u00f3 de una forma que no correspond\u00eda a lo profesional. <strong>Negoci\u00f3 sin autorizaci\u00f3n y eso nos llev\u00f3 a tomar decisiones\u201d,<\/strong> explic\u00f3 Al-Majed.<\/span><\/p>\n<p style=\"text-align: justify;\"><span style=\"font-family: helvetica, arial, sans-serif;\">Del mismo modo, asegur\u00f3 que si hubiera continuado en el equipo, <strong>habr\u00eda sido sancionado duramente.<\/strong> \u201cSi continuaba en el equipo, se habr\u00edan aplicado sanciones severas y se habr\u00edan generado problemas internos. Al final, la situaci\u00f3n no se resolvi\u00f3 como \u00e9l esperaba\u00bb.<\/span><\/p>\n<p style=\"text-align: justify;\"><span style=\"font-family: helvetica, arial, sans-serif;\">En el conjunto saud\u00ed, Jhon Dur\u00e1n disput\u00f3 tan solo <strong>18 partidos y marc\u00f3 12 gole<\/strong>s. Lo adverso para el jugador, es que sigue perteneciendo a Al Nassr, ya que no hay una cl\u00e1usula de compra obligatoria y a mediados de a\u00f1o, despu\u00e9s del Mundial, <strong>deber\u00eda presentarse a entrenamientos en la instituci\u00f3n.<\/strong><\/span><\/p>\n","protected":false},"excerpt":{"rendered":"<p>La aventura de Jhon Dur\u00e1n por Al Nassr dur\u00f3 poco menos de seis meses. El colombiano habr\u00eda tenido inconvenientes en la interna y eso agiliz\u00f3 su salida para irse en calidad de pr\u00e9stamo, por lo que lleg\u00f3 al Fenerbahce de Turqu\u00eda. Abdullah Al-Majed, presidente de Al Nassr, se refiri\u00f3 a la situaci\u00f3n vivida por el [&hellip;]<\/p>\n","protected":false},"author":4,"featured_media":120672,"comment_status":"open","ping_status":"closed","sticky":false,"template":"","format":"standard","meta":{"_acf_changed":false,"footnotes":""},"categories":[418],"tags":[],"class_list":{"0":"post-128723","1":"post","2":"type-post","3":"status-publish","4":"format-standard","5":"has-post-thumbnail","7":"category-colombia"},"acf":[],"_links":{"self":[{"href":"https:\/\/futbolhoy.co\/index.php\/wp-json\/wp\/v2\/posts\/128723","targetHints":{"allow":["GET"]}}],"collection":[{"href":"https:\/\/futbolhoy.co\/index.php\/wp-json\/wp\/v2\/posts"}],"about":[{"href":"https:\/\/futbolhoy.co\/index.php\/wp-json\/wp\/v2\/types\/post"}],"author":[{"embeddable":true,"href":"https:\/\/futbolhoy.co\/index.php\/wp-json\/wp\/v2\/users\/4"}],"replies":[{"embeddable":true,"href":"https:\/\/futbolhoy.co\/index.php\/wp-json\/wp\/v2\/comments?post=128723"}],"version-history":[{"count":1,"href":"https:\/\/futbolhoy.co\/index.php\/wp-json\/wp\/v2\/posts\/128723\/revisions"}],"predecessor-version":[{"id":128724,"href":"https:\/\/futbolhoy.co\/index.php\/wp-json\/wp\/v2\/posts\/128723\/revisions\/128724"}],"wp:featuredmedia":[{"embeddable":true,"href":"https:\/\/futbolhoy.co\/index.php\/wp-json\/wp\/v2\/media\/120672"}],"wp:attachment":[{"href":"https:\/\/futbolhoy.co\/index.php\/wp-json\/wp\/v2\/media?parent=128723"}],"wp:term":[{"taxonomy":"category","embeddable":true,"href":"https:\/\/futbolhoy.co\/index.php\/wp-json\/wp\/v2\/categories?post=128723"},{"taxonomy":"post_tag","embeddable":true,"href":"https:\/\/futbolhoy.co\/index.php\/wp-json\/wp\/v2\/tags?post=128723"}],"curies":[{"name":"wp","href":"https:\/\/api.w.org\/{rel}","templated":true}]}}