{"id":128736,"date":"2026-01-28T13:59:51","date_gmt":"2026-01-28T18:59:51","guid":{"rendered":"https:\/\/futbolhoy.co\/?p=128736"},"modified":"2026-01-29T06:30:43","modified_gmt":"2026-01-29T11:30:43","slug":"marino-hinestroza-revelo-por-que-eligio-a-vasco-da-gama","status":"publish","type":"post","link":"https:\/\/futbolhoy.co\/index.php\/2026\/01\/28\/marino-hinestroza-revelo-por-que-eligio-a-vasco-da-gama\/","title":{"rendered":"Marino Hinestroza revel\u00f3 por qu\u00e9 eligi\u00f3 a Vasco da Gama"},"content":{"rendered":"<p style=\"text-align: justify;\"><span style=\"font-family: helvetica, arial, sans-serif;\"><strong>Marino Hinestroza<\/strong> fue uno de los protagonistas del mercado de pases. El colombiano parec\u00eda tener encaminada su llegada a<strong> Boca Juniors,<\/strong> pero el traspaso se frustr\u00f3 por irregularidades con Nacional, situaci\u00f3n que fue aprovechada por <strong>Vasco da Gama.<\/strong><\/span><\/p>\n<p style=\"text-align: justify;\"><span style=\"font-family: helvetica, arial, sans-serif;\">El equipo brasile\u00f1o mostr\u00f3 m\u00e1s determinaci\u00f3n para ficharlo y al final se termin\u00f3 quedando con su ficha por una cifra cercana a los <strong>6 millones de d\u00f3lares.<\/strong><\/span><\/p>\n<p style=\"text-align: justify;\"><span style=\"font-family: helvetica, arial, sans-serif;\">El joven cale\u00f1o<strong> fue presentado ante los medios de comunicaci\u00f3n<\/strong> en rueda de prensa. All\u00ed, se refiri\u00f3 a su llegada a Vasco y por qu\u00e9 eligi\u00f3 al cuadro Carioca, por encima de Boca Juniors.<\/span><\/p>\n<p style=\"text-align: justify;\"><span style=\"font-family: helvetica, arial, sans-serif;\">\u201cNunca me sent\u00ed frustrado por venir. Estoy muy contento de estar aqu\u00ed. Fui el primero en tomar la decisi\u00f3n, quiero que quede muy claro. Vine porque el Vasco era el equipo que m\u00e1s quer\u00eda que jugara. La decisi\u00f3n de Diniz fue muy clara. No necesit\u00e9 hablar mucho; solo fueron 20 minutos y ya quer\u00eda firmar. <strong>No hab\u00eda hablado con el entrenador de ning\u00fan otro club, solo con Diniz. Eso fue muy importante<\/strong>\u201d, explic\u00f3.<\/span><\/p>\n<p style=\"text-align: justify;\"><span style=\"font-family: helvetica, arial, sans-serif;\">Asimismo, asegur\u00f3 que su motivaci\u00f3n en Vasco es poder estar con la <strong>Selecci\u00f3n Colombia<\/strong> en el Mundial.<\/span><\/p>\n<p style=\"text-align: justify;\"><span dir=\"auto\" style=\"font-family: helvetica, arial, sans-serif;\">\u00abMi motivaci\u00f3n aqu\u00ed es la larga espera del equipo para ganar un campeonato. Es una gran motivaci\u00f3n porque quiero crear una hermosa historia con este equipo. Primero, tenemos que concentrarnos en lo que est\u00e1 pasando aqu\u00ed, hacer un buen trabajo, marcar goles, dar asistencias y <strong>llevar al equipo a los primeros puestos para poder clasificar a la selecci\u00f3n nacional.<\/strong> Ahora mismo, mi mente est\u00e1 en el Vasco. Despu\u00e9s, miraremos a la selecci\u00f3n nacional si tenemos la oportunidad\u00bb, a\u00f1adi\u00f3.<\/span><\/p>\n<p style=\"text-align: justify;\"><span style=\"font-family: helvetica, arial, sans-serif;\">Entretanto, habl\u00f3 de la importancia de tener otros compa\u00f1eros colombianos, pues compartir\u00e1 camerino con <strong>Andr\u00e9s G\u00f3mez, Johan Rojas y Carlos Cuesta.<\/strong><\/span><\/p>\n<p style=\"text-align: justify;\"><span style=\"font-family: helvetica, arial, sans-serif;\">\u201cA<strong>nte todo, creo que es muy bueno tener gente de mi pa\u00eds<\/strong>. Es importante tener una buena relaci\u00f3n fuera de la cancha, sentirse bien y compartir. Es parte de ser deportista. Fuera de la cancha me viene muy bien. He jugado en el extranjero y tambi\u00e9n hab\u00eda colombianos, y me sent\u00ed bien fuera de la cancha. Dentro de la cancha tambi\u00e9n es bueno porque los colombianos nos apoyamos mucho. Quiero ganar y ellos tambi\u00e9n. El idioma tambi\u00e9n es importante para ayudarlos, hablo un poco m\u00e1s\u201d.<\/span><\/p>\n<p><iframe title=\"AO VIVO | APRESENTA\u00c7\u00c3O MARINO HINESTROZA | VASCOTV\" src=\"https:\/\/www.youtube.com\/embed\/by-YMicFzIQ\" width=\"780\" height=\"439\" frameborder=\"0\" allowfullscreen=\"allowfullscreen\"><\/iframe><\/p>\n","protected":false},"excerpt":{"rendered":"<p>Marino Hinestroza fue uno de los protagonistas del mercado de pases. El colombiano parec\u00eda tener encaminada su llegada a Boca Juniors, pero el traspaso se frustr\u00f3 por irregularidades con Nacional, situaci\u00f3n que fue aprovechada por Vasco da Gama. El equipo brasile\u00f1o mostr\u00f3 m\u00e1s determinaci\u00f3n para ficharlo y al final se termin\u00f3 quedando con su ficha [&hellip;]<\/p>\n","protected":false},"author":4,"featured_media":128737,"comment_status":"open","ping_status":"closed","sticky":false,"template":"","format":"standard","meta":{"_acf_changed":false,"footnotes":""},"categories":[418],"tags":[],"class_list":{"0":"post-128736","1":"post","2":"type-post","3":"status-publish","4":"format-standard","5":"has-post-thumbnail","7":"category-colombia"},"acf":[],"_links":{"self":[{"href":"https:\/\/futbolhoy.co\/index.php\/wp-json\/wp\/v2\/posts\/128736","targetHints":{"allow":["GET"]}}],"collection":[{"href":"https:\/\/futbolhoy.co\/index.php\/wp-json\/wp\/v2\/posts"}],"about":[{"href":"https:\/\/futbolhoy.co\/index.php\/wp-json\/wp\/v2\/types\/post"}],"author":[{"embeddable":true,"href":"https:\/\/futbolhoy.co\/index.php\/wp-json\/wp\/v2\/users\/4"}],"replies":[{"embeddable":true,"href":"https:\/\/futbolhoy.co\/index.php\/wp-json\/wp\/v2\/comments?post=128736"}],"version-history":[{"count":1,"href":"https:\/\/futbolhoy.co\/index.php\/wp-json\/wp\/v2\/posts\/128736\/revisions"}],"predecessor-version":[{"id":128738,"href":"https:\/\/futbolhoy.co\/index.php\/wp-json\/wp\/v2\/posts\/128736\/revisions\/128738"}],"wp:featuredmedia":[{"embeddable":true,"href":"https:\/\/futbolhoy.co\/index.php\/wp-json\/wp\/v2\/media\/128737"}],"wp:attachment":[{"href":"https:\/\/futbolhoy.co\/index.php\/wp-json\/wp\/v2\/media?parent=128736"}],"wp:term":[{"taxonomy":"category","embeddable":true,"href":"https:\/\/futbolhoy.co\/index.php\/wp-json\/wp\/v2\/categories?post=128736"},{"taxonomy":"post_tag","embeddable":true,"href":"https:\/\/futbolhoy.co\/index.php\/wp-json\/wp\/v2\/tags?post=128736"}],"curies":[{"name":"wp","href":"https:\/\/api.w.org\/{rel}","templated":true}]}}