{"id":128776,"date":"2026-01-29T15:54:17","date_gmt":"2026-01-29T20:54:17","guid":{"rendered":"https:\/\/futbolhoy.co\/?p=128776"},"modified":"2026-01-30T13:12:43","modified_gmt":"2026-01-30T18:12:43","slug":"seleccion-de-peru-ya-piensa-en-el-mundial-2030-este-es-su-nuevo-dt","status":"publish","type":"post","link":"https:\/\/futbolhoy.co\/index.php\/2026\/01\/29\/seleccion-de-peru-ya-piensa-en-el-mundial-2030-este-es-su-nuevo-dt\/","title":{"rendered":"Selecci\u00f3n de Per\u00fa ya piensa en el Mundial 2030: este es su nuevo DT"},"content":{"rendered":"<p style=\"text-align: justify;\"><span style=\"font-family: helvetica, arial, sans-serif;\">El brasile\u00f1o <strong>Mano Menezes<\/strong> <strong>es el nuevo seleccionador de Per\u00fa<\/strong> y ha firmado un contrato por un ciclo de cuatro a\u00f1os, seg\u00fan se ha conocido este jueves.<\/span><\/p>\n<p style=\"text-align: justify;\"><span style=\"font-family: helvetica, arial, sans-serif;\">Menezes, que estaba libre en el mercado desde que sali\u00f3 del <strong>Gremio<\/strong> de <strong>Porto Alegre<\/strong> el pasado 9 de diciembre, ser\u00e1 presentado por la Federaci\u00f3n.<\/span><\/p>\n<p style=\"text-align: justify;\"><span style=\"font-family: helvetica, arial, sans-serif;\">Menezes, de 63 a\u00f1os y quien d<strong>irigi\u00f3 a la selecci\u00f3n brasile\u00f1a entre 2010 y 2012,<\/strong> sustituir\u00e1 al preparador de origen argentino <strong>\u00d3scar Ib\u00e1\u00f1ez,<\/strong> quien dej\u00f3 el comando de la Bicolor en septiembre pasado. <\/span><span style=\"font-family: helvetica, arial, sans-serif;\">Desde entonces, el combinado peruano ha estado dirigido de manera interina.<\/span><\/p>\n<p style=\"text-align: justify;\"><span style=\"font-family: helvetica, arial, sans-serif;\"><strong>El principal objetivo de Mano Menezes ser\u00e1 llevar a Per\u00fa al Mundial de 2030<\/strong>, despu\u00e9s de que el combinado andino se perdiera <strong>Qatar 2022<\/strong> y tampoco est\u00e9 en la cita de 2026 en <strong>Estados Unidos, Canad\u00e1 y M\u00e9xico.<\/strong><\/span><\/p>\n<p style=\"text-align: justify;\"><span style=\"font-family: helvetica, arial, sans-serif;\">Sin embargo, Menezes no ha tenido \u00e9xito en sus \u00faltimos tres trabajos en Brasil como t\u00e9cnico de <strong>Gremio, Fluminense y Corinthians<\/strong>, clubes en los que en ning\u00fan caso lleg\u00f3 a dirigir en m\u00e1s de 50 partidos. En su m\u00e1s reciente etapa en el Corinthians fue despedido tras apenas 20 encuentros.<\/span><\/p>\n","protected":false},"excerpt":{"rendered":"<p>El brasile\u00f1o Mano Menezes es el nuevo seleccionador de Per\u00fa y ha firmado un contrato por un ciclo de cuatro a\u00f1os, seg\u00fan se ha conocido este jueves. Menezes, que estaba libre en el mercado desde que sali\u00f3 del Gremio de Porto Alegre el pasado 9 de diciembre, ser\u00e1 presentado por la Federaci\u00f3n. Menezes, de 63 [&hellip;]<\/p>\n","protected":false},"author":4,"featured_media":128777,"comment_status":"open","ping_status":"closed","sticky":false,"template":"","format":"standard","meta":{"_acf_changed":false,"footnotes":""},"categories":[6,152],"tags":[],"class_list":{"0":"post-128776","1":"post","2":"type-post","3":"status-publish","4":"format-standard","5":"has-post-thumbnail","7":"category-mundial","8":"category-mundo-futbol"},"acf":[],"_links":{"self":[{"href":"https:\/\/futbolhoy.co\/index.php\/wp-json\/wp\/v2\/posts\/128776","targetHints":{"allow":["GET"]}}],"collection":[{"href":"https:\/\/futbolhoy.co\/index.php\/wp-json\/wp\/v2\/posts"}],"about":[{"href":"https:\/\/futbolhoy.co\/index.php\/wp-json\/wp\/v2\/types\/post"}],"author":[{"embeddable":true,"href":"https:\/\/futbolhoy.co\/index.php\/wp-json\/wp\/v2\/users\/4"}],"replies":[{"embeddable":true,"href":"https:\/\/futbolhoy.co\/index.php\/wp-json\/wp\/v2\/comments?post=128776"}],"version-history":[{"count":1,"href":"https:\/\/futbolhoy.co\/index.php\/wp-json\/wp\/v2\/posts\/128776\/revisions"}],"predecessor-version":[{"id":128778,"href":"https:\/\/futbolhoy.co\/index.php\/wp-json\/wp\/v2\/posts\/128776\/revisions\/128778"}],"wp:featuredmedia":[{"embeddable":true,"href":"https:\/\/futbolhoy.co\/index.php\/wp-json\/wp\/v2\/media\/128777"}],"wp:attachment":[{"href":"https:\/\/futbolhoy.co\/index.php\/wp-json\/wp\/v2\/media?parent=128776"}],"wp:term":[{"taxonomy":"category","embeddable":true,"href":"https:\/\/futbolhoy.co\/index.php\/wp-json\/wp\/v2\/categories?post=128776"},{"taxonomy":"post_tag","embeddable":true,"href":"https:\/\/futbolhoy.co\/index.php\/wp-json\/wp\/v2\/tags?post=128776"}],"curies":[{"name":"wp","href":"https:\/\/api.w.org\/{rel}","templated":true}]}}