{"id":128782,"date":"2026-01-29T22:46:53","date_gmt":"2026-01-30T03:46:53","guid":{"rendered":"https:\/\/futbolhoy.co\/?p=128782"},"modified":"2026-01-30T23:58:51","modified_gmt":"2026-01-31T04:58:51","slug":"america-y-once-caldas-empatan-tras-un-partidazo-en-cali","status":"publish","type":"post","link":"https:\/\/futbolhoy.co\/index.php\/2026\/01\/29\/america-y-once-caldas-empatan-tras-un-partidazo-en-cali\/","title":{"rendered":"Am\u00e9rica y Once Caldas empatan tras un partidazo en Cali"},"content":{"rendered":"<p style=\"text-align: justify;\"><span style=\"font-family: helvetica, arial, sans-serif;\"><strong>Am\u00e9rica<\/strong> y <strong>Once Caldas<\/strong> igualaron 1-1 en el <strong>Pascual Guerrero<\/strong> en un compromiso lleno de emociones y que dej\u00f3 como gran figura al aquero de la visita, <strong>Joan Parra,<\/strong> quien realiz\u00f3 7 salvadas.<\/span><\/p>\n<p style=\"text-align: justify;\"><span style=\"font-family: helvetica, arial, sans-serif;\">El primer gol del partido lleg\u00f3 al minuto 9&#8242;. Previamente hubo una atajada de <strong>Jorge Soto<\/strong> evitando que el bal\u00f3n terminara en autogol de <strong>Josen Escobar.<\/strong><\/span><\/p>\n<p style=\"text-align: justify;\"><span style=\"font-family: helvetica, arial, sans-serif;\">De ese tiro de esquina naci\u00f3 la anotaci\u00f3n del Blanco. Cobro en corto que le qued\u00f3 a <strong>Luis &#8216;Niche&#8217; S\u00e1nchez<\/strong> y este desequilibr\u00f3 dentro del \u00e1rea y luego defini\u00f3 con un remate cruzado.<\/span><\/p>\n<p style=\"text-align: justify;\"><span style=\"font-family: helvetica, arial, sans-serif;\">Pero 10 minutos despu\u00e9s, luego de un disparo de <strong>Tilman Palacios<\/strong> que ataj\u00f3 <strong>Joan Parra,<\/strong> el bal\u00f3n le qued\u00f3 a <strong>Mateo Castillo<\/strong> y este rompi\u00f3 el arco para la igualdad del Escarlata.<\/span><\/p>\n<p style=\"text-align: justify;\"><span style=\"font-family: helvetica, arial, sans-serif;\">Am\u00e9rica fue m\u00e1s, realizando aproximaciones de peligro, pero desperdiciaron varias. Una de esas al 90, cuando el bal\u00f3n le qued\u00f3 a <strong>Yojan Garc\u00e9s<\/strong> solo al borde del \u00e1rea chica y la mand\u00f3 por encima. Al final, se fue expulsado <strong>Josen Escobar<\/strong> por doble amarilla.<\/span><\/p>\n<p style=\"text-align: justify;\"><span style=\"font-family: helvetica, arial, sans-serif;\"><strong>Am\u00e9rica,<\/strong> que lleg\u00f3 a 7 puntos, volver\u00e1 a jugar frente a <strong>Nacional<\/strong> el pr\u00f3ximo mi\u00e9rcoles 4 de febrero. <strong>Once Caldas,<\/strong> por su parte, recibir\u00e1 a <strong>Jaguares<\/strong> el domingo 1 de febrero.<\/span><\/p>\n","protected":false},"excerpt":{"rendered":"<p>Am\u00e9rica y Once Caldas igualaron 1-1 en el Pascual Guerrero en un compromiso lleno de emociones y que dej\u00f3 como gran figura al aquero de la visita, Joan Parra, quien realiz\u00f3 7 salvadas. El primer gol del partido lleg\u00f3 al minuto 9&#8242;. Previamente hubo una atajada de Jorge Soto evitando que el bal\u00f3n terminara en [&hellip;]<\/p>\n","protected":false},"author":4,"featured_media":128783,"comment_status":"open","ping_status":"closed","sticky":false,"template":"","format":"standard","meta":{"_acf_changed":false,"footnotes":""},"categories":[7],"tags":[],"class_list":{"0":"post-128782","1":"post","2":"type-post","3":"status-publish","4":"format-standard","5":"has-post-thumbnail","7":"category-liga-betplay"},"acf":[],"_links":{"self":[{"href":"https:\/\/futbolhoy.co\/index.php\/wp-json\/wp\/v2\/posts\/128782","targetHints":{"allow":["GET"]}}],"collection":[{"href":"https:\/\/futbolhoy.co\/index.php\/wp-json\/wp\/v2\/posts"}],"about":[{"href":"https:\/\/futbolhoy.co\/index.php\/wp-json\/wp\/v2\/types\/post"}],"author":[{"embeddable":true,"href":"https:\/\/futbolhoy.co\/index.php\/wp-json\/wp\/v2\/users\/4"}],"replies":[{"embeddable":true,"href":"https:\/\/futbolhoy.co\/index.php\/wp-json\/wp\/v2\/comments?post=128782"}],"version-history":[{"count":1,"href":"https:\/\/futbolhoy.co\/index.php\/wp-json\/wp\/v2\/posts\/128782\/revisions"}],"predecessor-version":[{"id":128784,"href":"https:\/\/futbolhoy.co\/index.php\/wp-json\/wp\/v2\/posts\/128782\/revisions\/128784"}],"wp:featuredmedia":[{"embeddable":true,"href":"https:\/\/futbolhoy.co\/index.php\/wp-json\/wp\/v2\/media\/128783"}],"wp:attachment":[{"href":"https:\/\/futbolhoy.co\/index.php\/wp-json\/wp\/v2\/media?parent=128782"}],"wp:term":[{"taxonomy":"category","embeddable":true,"href":"https:\/\/futbolhoy.co\/index.php\/wp-json\/wp\/v2\/categories?post=128782"},{"taxonomy":"post_tag","embeddable":true,"href":"https:\/\/futbolhoy.co\/index.php\/wp-json\/wp\/v2\/tags?post=128782"}],"curies":[{"name":"wp","href":"https:\/\/api.w.org\/{rel}","templated":true}]}}