{"id":128785,"date":"2026-01-30T08:14:34","date_gmt":"2026-01-30T13:14:34","guid":{"rendered":"https:\/\/futbolhoy.co\/?p=128785"},"modified":"2026-01-31T12:18:58","modified_gmt":"2026-01-31T17:18:58","slug":"liga-de-campeones-rival-del-real-madrid-y-todos-los-partidos-de-play-offs","status":"publish","type":"post","link":"https:\/\/futbolhoy.co\/index.php\/2026\/01\/30\/liga-de-campeones-rival-del-real-madrid-y-todos-los-partidos-de-play-offs\/","title":{"rendered":"Liga de Campeones: rival del Real Madrid y todos los partidos de play-offs"},"content":{"rendered":"<p style=\"text-align: justify;\"><span style=\"font-family: helvetica, arial, sans-serif;\">Este viernes se llev\u00f3 a cabo el <strong>sorteo de la fase preliminar de la Liga de Campeones<\/strong>, instancia que tiene como gran novedad la participaci\u00f3n del <strong>Real Madrid<\/strong>, luego de terminar en la novena posici\u00f3n de la Fase de Liga. Asimismo, los colombianos <strong>Juan Cabal<\/strong> (Juventus), <strong>D\u00e1vinson S\u00e1nchez<\/strong> (Galatasaray), <strong>Richard R\u00edos<\/strong> (Benfica) y <strong>Camilo Dur\u00e1n<\/strong> (Qarabag) conocieron a sus respectivos rivales.<\/span><\/p>\n<p style=\"text-align: justify;\"><span style=\"font-family: helvetica, arial, sans-serif;\">El Real Madrid tendr\u00e1 que volver a medirse con el <strong>Benfica de R\u00edos<\/strong> y su exentrenador <strong>Jose Mourinho<\/strong>, con el que viene de caer en la \u00faltima jornada de la pasada instancia del campeonato. Esa derrota 4-2 en Lisboa impidi\u00f3 al <strong>Real Madrid<\/strong> clasificarse directamente a octavos y le oblig\u00f3 a jugar este playoff, que el cuadro portugu\u00e9s alcanz\u00f3 de manera apote\u00f3sica gracias a un tanto del arquero <strong>Anatoliy Trubin<\/strong> en el 90+8.<\/span><\/p>\n<p style=\"text-align: justify;\"><span style=\"font-family: helvetica, arial, sans-serif;\">Por la posici\u00f3n final en la clasificaci\u00f3n, el Madrid sab\u00eda que ten\u00eda como posibles rivales en play-offs al <strong>Benfica<\/strong> o al <strong>Bodo\/Glimt<\/strong>, conjunto noruego situado al norte del C\u00edrculo Polar \u00c1rtico y que finalmente qued\u00f3 emparejado con el<strong> Inter de Mil\u00e1n<\/strong>, vigente subcampe\u00f3n del certamen.<\/span><\/p>\n<p style=\"text-align: justify;\"><span style=\"font-family: helvetica, arial, sans-serif;\">El duelo de colombianos lo protagonizar\u00e1n <strong>el Galatasaray de D\u00e1vinson frente a la Juventus de Cabal<\/strong>, confrotaci\u00f3n que promete muchas emociones. Por oto lado, el <strong>Qarabag del goleador Dur\u00e1n<\/strong> tendr\u00e1 que medirse con el <strong>Newcastle<\/strong>, serie que podr\u00eda dar de qu\u00e9 hablar a futuro.<\/span><\/p>\n<p style=\"text-align: justify;\"><span style=\"font-family: helvetica, arial, sans-serif;\">Los otros duelos de estos play-offs ser\u00e1n <strong>PSG-AS Monaco<\/strong>, <strong>Brujas-Atl\u00e9tico de Madrid<\/strong>, <strong>Borussia Dortmund-Atalanta<\/strong> y <strong>Olympiacos-Bayer Leverkusen<\/strong>.<\/span><\/p>\n<blockquote class=\"twitter-tweet\">\n<p dir=\"ltr\" lang=\"en\">The knockout phase play-offs are set \u2705<a href=\"https:\/\/twitter.com\/hashtag\/UCLdraw?src=hash&amp;ref_src=twsrc%5Etfw\">#UCLdraw<\/a> <a href=\"https:\/\/t.co\/SLapvWxVV2\">pic.twitter.com\/SLapvWxVV2<\/a><\/p>\n<p>\u2014 UEFA Champions League (@ChampionsLeague) <a href=\"https:\/\/twitter.com\/ChampionsLeague\/status\/2017204585526440228?ref_src=twsrc%5Etfw\">January 30, 2026<\/a><\/p><\/blockquote>\n<p><script async src=\"https:\/\/platform.twitter.com\/widgets.js\" charset=\"utf-8\"><\/script><\/p>\n<p style=\"text-align: justify;\"><span style=\"font-family: helvetica, arial, sans-serif;\">Los partidos de ida se disputar\u00e1n entre los d\u00edas <strong>17 y 18 de febrero<\/strong>, y los de vuelta una semana m\u00e1s tarde, el <strong>24 y el 25 de febrero<\/strong>.<\/span><\/p>\n<p style=\"text-align: justify;\"><span style=\"font-family: helvetica, arial, sans-serif;\">Los ocho ganadores de la ronda preliminar se unir\u00e1n en octavos de final a los ocho primeros clasificados de la reci\u00e9n terminada fase regular de la Liga de Campeones, que obtuvieron boleto autom\u00e1tico para la siguiente etapa.<\/span><\/p>\n","protected":false},"excerpt":{"rendered":"<p>Este viernes se llev\u00f3 a cabo el sorteo de la fase preliminar de la Liga de Campeones, instancia que tiene como gran novedad la participaci\u00f3n del Real Madrid, luego de terminar en la novena posici\u00f3n de la Fase de Liga. Asimismo, los colombianos Juan Cabal (Juventus), D\u00e1vinson S\u00e1nchez (Galatasaray), Richard R\u00edos (Benfica) y Camilo Dur\u00e1n [&hellip;]<\/p>\n","protected":false},"author":4,"featured_media":128786,"comment_status":"open","ping_status":"closed","sticky":false,"template":"","format":"standard","meta":{"_acf_changed":false,"footnotes":""},"categories":[4],"tags":[],"class_list":{"0":"post-128785","1":"post","2":"type-post","3":"status-publish","4":"format-standard","5":"has-post-thumbnail","7":"category-champions-league"},"acf":[],"_links":{"self":[{"href":"https:\/\/futbolhoy.co\/index.php\/wp-json\/wp\/v2\/posts\/128785","targetHints":{"allow":["GET"]}}],"collection":[{"href":"https:\/\/futbolhoy.co\/index.php\/wp-json\/wp\/v2\/posts"}],"about":[{"href":"https:\/\/futbolhoy.co\/index.php\/wp-json\/wp\/v2\/types\/post"}],"author":[{"embeddable":true,"href":"https:\/\/futbolhoy.co\/index.php\/wp-json\/wp\/v2\/users\/4"}],"replies":[{"embeddable":true,"href":"https:\/\/futbolhoy.co\/index.php\/wp-json\/wp\/v2\/comments?post=128785"}],"version-history":[{"count":4,"href":"https:\/\/futbolhoy.co\/index.php\/wp-json\/wp\/v2\/posts\/128785\/revisions"}],"predecessor-version":[{"id":128790,"href":"https:\/\/futbolhoy.co\/index.php\/wp-json\/wp\/v2\/posts\/128785\/revisions\/128790"}],"wp:featuredmedia":[{"embeddable":true,"href":"https:\/\/futbolhoy.co\/index.php\/wp-json\/wp\/v2\/media\/128786"}],"wp:attachment":[{"href":"https:\/\/futbolhoy.co\/index.php\/wp-json\/wp\/v2\/media?parent=128785"}],"wp:term":[{"taxonomy":"category","embeddable":true,"href":"https:\/\/futbolhoy.co\/index.php\/wp-json\/wp\/v2\/categories?post=128785"},{"taxonomy":"post_tag","embeddable":true,"href":"https:\/\/futbolhoy.co\/index.php\/wp-json\/wp\/v2\/tags?post=128785"}],"curies":[{"name":"wp","href":"https:\/\/api.w.org\/{rel}","templated":true}]}}