{"id":128794,"date":"2026-01-30T13:12:54","date_gmt":"2026-01-30T18:12:54","guid":{"rendered":"https:\/\/futbolhoy.co\/?p=128794"},"modified":"2026-01-31T19:34:01","modified_gmt":"2026-02-01T00:34:01","slug":"colombia-tiene-argumentos-para-estar-entre-las-cuatro-mejores-del-mundial-luis-suarez","status":"publish","type":"post","link":"https:\/\/futbolhoy.co\/index.php\/2026\/01\/30\/colombia-tiene-argumentos-para-estar-entre-las-cuatro-mejores-del-mundial-luis-suarez\/","title":{"rendered":"\u201cColombia tiene argumentos para estar entre las cuatro mejores del Mundial\u201d: Luis Su\u00e1rez"},"content":{"rendered":"<p style=\"text-align: justify;\"><span style=\"font-family: helvetica, arial, sans-serif;\"><strong>Luis Javier Su\u00e1rez<\/strong> no para de marcar goles con el <strong>Sporting de Portugal<\/strong> y poco a poco se afianza como uno de los mejores delanteros de Europa. Es por esto que el samario se perfila como la principal pieza de ataque de la <strong>Selecci\u00f3n Colombia en el Mundial 2026<\/strong>.<\/span><\/p>\n<p style=\"text-align: justify;\"><span style=\"font-family: helvetica, arial, sans-serif;\">En una reciente entrevista, <strong>Su\u00e1rez<\/strong> advirti\u00f3 que el cuadro nacional tiene \u201cargumentos\u201d de sobra para meterse a las <strong>semifinales de la Copa<\/strong>, lo que ser\u00eda la mejor participaci\u00f3n de su historia.<\/span><\/p>\n<p style=\"text-align: justify;\"><span style=\"font-family: helvetica, arial, sans-serif;\">\u201c<strong>La Selecci\u00f3n tiene muchos argumentos para estar entre las cuatro mejores del mundo.<\/strong> Tenemos herramientas suficientes para avanzar muchas fases y ojal\u00e1 llegar hasta el \u00faltimo d\u00eda\u201d, sentenci\u00f3 en di\u00e1logo con Win Sports.<\/span><\/p>\n<p style=\"text-align: justify;\"><span style=\"font-family: helvetica, arial, sans-serif;\">Adicionalmente, el delantero de 28 a\u00f1os reconoci\u00f3 que no fue fue un camino f\u00e1cil hasta la primera convocatoria: \u201cSiempre quieres estar en la Selecci\u00f3n. <strong>Fueron a\u00f1os de mucha paciencia y trabajo, esperando que llegara la oportunidad<\/strong> y sabiendo que no pod\u00eda desaprovecharla\u201d.<\/span><\/p>\n<p style=\"text-align: justify;\"><span style=\"font-family: helvetica, arial, sans-serif;\">Colombia est\u00e1 ubicada en el Grupo K del Mundial junto con <strong>Portugal, Uzbekist\u00e1n y el ganador del repechaje internacional<\/strong>.<\/span><\/p>\n","protected":false},"excerpt":{"rendered":"<p>Luis Javier Su\u00e1rez no para de marcar goles con el Sporting de Portugal y poco a poco se afianza como uno de los mejores delanteros de Europa. Es por esto que el samario se perfila como la principal pieza de ataque de la Selecci\u00f3n Colombia en el Mundial 2026. En una reciente entrevista, Su\u00e1rez advirti\u00f3 [&hellip;]<\/p>\n","protected":false},"author":4,"featured_media":128795,"comment_status":"open","ping_status":"closed","sticky":false,"template":"","format":"standard","meta":{"_acf_changed":false,"footnotes":""},"categories":[418],"tags":[],"class_list":{"0":"post-128794","1":"post","2":"type-post","3":"status-publish","4":"format-standard","5":"has-post-thumbnail","7":"category-colombia"},"acf":[],"_links":{"self":[{"href":"https:\/\/futbolhoy.co\/index.php\/wp-json\/wp\/v2\/posts\/128794","targetHints":{"allow":["GET"]}}],"collection":[{"href":"https:\/\/futbolhoy.co\/index.php\/wp-json\/wp\/v2\/posts"}],"about":[{"href":"https:\/\/futbolhoy.co\/index.php\/wp-json\/wp\/v2\/types\/post"}],"author":[{"embeddable":true,"href":"https:\/\/futbolhoy.co\/index.php\/wp-json\/wp\/v2\/users\/4"}],"replies":[{"embeddable":true,"href":"https:\/\/futbolhoy.co\/index.php\/wp-json\/wp\/v2\/comments?post=128794"}],"version-history":[{"count":1,"href":"https:\/\/futbolhoy.co\/index.php\/wp-json\/wp\/v2\/posts\/128794\/revisions"}],"predecessor-version":[{"id":128796,"href":"https:\/\/futbolhoy.co\/index.php\/wp-json\/wp\/v2\/posts\/128794\/revisions\/128796"}],"wp:featuredmedia":[{"embeddable":true,"href":"https:\/\/futbolhoy.co\/index.php\/wp-json\/wp\/v2\/media\/128795"}],"wp:attachment":[{"href":"https:\/\/futbolhoy.co\/index.php\/wp-json\/wp\/v2\/media?parent=128794"}],"wp:term":[{"taxonomy":"category","embeddable":true,"href":"https:\/\/futbolhoy.co\/index.php\/wp-json\/wp\/v2\/categories?post=128794"},{"taxonomy":"post_tag","embeddable":true,"href":"https:\/\/futbolhoy.co\/index.php\/wp-json\/wp\/v2\/tags?post=128794"}],"curies":[{"name":"wp","href":"https:\/\/api.w.org\/{rel}","templated":true}]}}