{"id":129554,"date":"2026-02-22T12:19:28","date_gmt":"2026-02-22T17:19:28","guid":{"rendered":"https:\/\/futbolhoy.co\/?p=129554"},"modified":"2026-02-23T12:36:30","modified_gmt":"2026-02-23T17:36:30","slug":"129554","status":"publish","type":"post","link":"https:\/\/futbolhoy.co\/index.php\/2026\/02\/22\/129554\/","title":{"rendered":"DT de Palmeiras se rindi\u00f3 en elogios a Jhon Arias tras su debut"},"content":{"rendered":"<p style=\"text-align: justify;\"><span style=\"font-family: helvetica, arial, sans-serif;\"><strong>Jhon Arias<\/strong> realiz\u00f3 su debut con Palmeiras, equipo que lo fich\u00f3 por 25 millones de euros. El colombiano ingres\u00f3 al minuto 78\u2019 en reemplazo de <strong>Allan Ell\u00edas<\/strong> en el triunfo 4-0 sobre <strong>Capivariano<\/strong> por los cuartos de final del Paulista.<\/span><\/p>\n<p style=\"text-align: justify;\"><span style=\"font-family: helvetica, arial, sans-serif;\">Arias tuvo una destacada actuaci\u00f3n. Fue el que gener\u00f3 el penal al 90\u2019 para el 3-0 parcial y, en general, rindi\u00f3 de buena manera.<\/span><\/p>\n<p style=\"text-align: justify;\"><span style=\"font-family: helvetica, arial, sans-serif;\">Tras esto, el t\u00e9cnico <strong>Abel Ferreira,<\/strong> elogi\u00f3 su fichaje. \u201cPrimero, quiero agradecer a la presidenta (Leila Pereira) por fichar a una jugador de este nivel, eso es lo m\u00e1s importante para m\u00ed. Ya he dicho que no juego con 11 jugadores, sino con los 23 que tenemos\u201d.<\/span><\/p>\n<p style=\"text-align: justify;\"><span style=\"font-family: helvetica, arial, sans-serif;\">Y a\u00f1adi\u00f3, \u201ces un jugador que nos ayudar\u00e1, ya vieron c\u00f3mo provoc\u00f3 el penal. Es un dolor de cabeza, eso es lo que quiero, que tenga esa calidad. Puede jugar por dentro, s\u00ed, pero tenemos a Mauricio y al propio L\u00f3pez, que pueden jugar de delanteros\u201d.<\/span><\/p>\n<p style=\"text-align: justify;\"><span style=\"font-family: helvetica, arial, sans-serif;\">Entretanto, se refiri\u00f3 a la ubicaci\u00f3n dentro del campo en la que quiere poner a Arias. \u201cLo fichamos pensando en la banda,<strong> pero vimos que puede jugar muy bien arriba en una situaci\u00f3n como esta, donde Palmeiras est\u00e1 ganando.<\/strong> Son buenas opciones, estoy agradecido de tener a estos jugadores a mi disposici\u00f3n\u201d.<\/span><\/p>\n","protected":false},"excerpt":{"rendered":"<p>Jhon Arias realiz\u00f3 su debut con Palmeiras, equipo que lo fich\u00f3 por 25 millones de euros. El colombiano ingres\u00f3 al minuto 78\u2019 en reemplazo de Allan Ell\u00edas en el triunfo 4-0 sobre Capivariano por los cuartos de final del Paulista. Arias tuvo una destacada actuaci\u00f3n. Fue el que gener\u00f3 el penal al 90\u2019 para el [&hellip;]<\/p>\n","protected":false},"author":4,"featured_media":129555,"comment_status":"open","ping_status":"open","sticky":false,"template":"","format":"standard","meta":{"_acf_changed":false,"footnotes":""},"categories":[418],"tags":[],"class_list":{"0":"post-129554","1":"post","2":"type-post","3":"status-publish","4":"format-standard","5":"has-post-thumbnail","7":"category-colombia"},"acf":[],"yoast_head":"<!-- This site is optimized with the Yoast SEO plugin v26.8 - https:\/\/yoast.com\/product\/yoast-seo-wordpress\/ -->\n<title>DT de Palmeiras se rindi\u00f3 en elogios a Jhon Arias tras su debut -<\/title>\n<meta name=\"robots\" content=\"index, follow, max-snippet:-1, max-image-preview:large, max-video-preview:-1\" \/>\n<link rel=\"canonical\" href=\"https:\/\/futbolhoy.co\/index.php\/2026\/02\/22\/129554\/\" \/>\n<meta property=\"og:locale\" content=\"es_ES\" \/>\n<meta property=\"og:type\" content=\"article\" \/>\n<meta property=\"og:title\" content=\"DT de Palmeiras se rindi\u00f3 en elogios a Jhon Arias tras su debut -\" \/>\n<meta property=\"og:description\" content=\"Jhon Arias realiz\u00f3 su debut con Palmeiras, equipo que lo fich\u00f3 por 25 millones de euros. El colombiano ingres\u00f3 al minuto 78\u2019 en reemplazo de Allan Ell\u00edas en el triunfo 4-0 sobre Capivariano por los cuartos de final del Paulista. Arias tuvo una destacada actuaci\u00f3n. Fue el que gener\u00f3 el penal al 90\u2019 para el [&hellip;]\" \/>\n<meta property=\"og:url\" content=\"https:\/\/futbolhoy.co\/index.php\/2026\/02\/22\/129554\/\" \/>\n<meta property=\"article:publisher\" content=\"https:\/\/www.facebook.com\/FutbolHoyCol\/\" \/>\n<meta property=\"article:published_time\" content=\"2026-02-22T17:19:28+00:00\" \/>\n<meta property=\"article:modified_time\" content=\"2026-02-23T17:36:30+00:00\" \/>\n<meta property=\"og:image\" content=\"https:\/\/futbolhoy.co\/wp-content\/uploads\/2026\/02\/Jhon-Arias-Pal.png\" \/>\n\t<meta property=\"og:image:width\" content=\"828\" \/>\n\t<meta property=\"og:image:height\" content=\"569\" \/>\n\t<meta property=\"og:image:type\" content=\"image\/png\" \/>\n<meta name=\"author\" content=\"contenido\" \/>\n<meta name=\"twitter:card\" content=\"summary_large_image\" \/>\n<meta name=\"twitter:creator\" content=\"@FutbolHoyCol\" \/>\n<meta name=\"twitter:site\" content=\"@FutbolHoyCol\" \/>\n<meta name=\"twitter:label1\" content=\"Escrito por\" \/>\n\t<meta name=\"twitter:data1\" content=\"contenido\" \/>\n\t<meta name=\"twitter:label2\" content=\"Tiempo de lectura\" \/>\n\t<meta name=\"twitter:data2\" content=\"1 minuto\" \/>\n<script type=\"application\/ld+json\" class=\"yoast-schema-graph\">{\"@context\":\"https:\/\/schema.org\",\"@graph\":[{\"@type\":\"Article\",\"@id\":\"https:\/\/futbolhoy.co\/index.php\/2026\/02\/22\/129554\/#article\",\"isPartOf\":{\"@id\":\"https:\/\/futbolhoy.co\/index.php\/2026\/02\/22\/129554\/\"},\"author\":{\"name\":\"contenido\",\"@id\":\"https:\/\/futbolhoy.co\/#\/schema\/person\/1721b69355b6623eaff15ac7b92d4cc3\"},\"headline\":\"DT de Palmeiras se rindi\u00f3 en elogios a Jhon Arias tras su debut\",\"datePublished\":\"2026-02-22T17:19:28+00:00\",\"dateModified\":\"2026-02-23T17:36:30+00:00\",\"mainEntityOfPage\":{\"@id\":\"https:\/\/futbolhoy.co\/index.php\/2026\/02\/22\/129554\/\"},\"wordCount\":227,\"commentCount\":0,\"publisher\":{\"@id\":\"https:\/\/futbolhoy.co\/#organization\"},\"image\":{\"@id\":\"https:\/\/futbolhoy.co\/index.php\/2026\/02\/22\/129554\/#primaryimage\"},\"thumbnailUrl\":\"https:\/\/futbolhoy.co\/wp-content\/uploads\/2026\/02\/Jhon-Arias-Pal.png\",\"articleSection\":[\"Colombia\"],\"inLanguage\":\"es\",\"potentialAction\":[{\"@type\":\"CommentAction\",\"name\":\"Comment\",\"target\":[\"https:\/\/futbolhoy.co\/index.php\/2026\/02\/22\/129554\/#respond\"]}]},{\"@type\":\"WebPage\",\"@id\":\"https:\/\/futbolhoy.co\/index.php\/2026\/02\/22\/129554\/\",\"url\":\"https:\/\/futbolhoy.co\/index.php\/2026\/02\/22\/129554\/\",\"name\":\"DT de Palmeiras se rindi\u00f3 en elogios a Jhon Arias tras su debut -\",\"isPartOf\":{\"@id\":\"https:\/\/futbolhoy.co\/#website\"},\"primaryImageOfPage\":{\"@id\":\"https:\/\/futbolhoy.co\/index.php\/2026\/02\/22\/129554\/#primaryimage\"},\"image\":{\"@id\":\"https:\/\/futbolhoy.co\/index.php\/2026\/02\/22\/129554\/#primaryimage\"},\"thumbnailUrl\":\"https:\/\/futbolhoy.co\/wp-content\/uploads\/2026\/02\/Jhon-Arias-Pal.png\",\"datePublished\":\"2026-02-22T17:19:28+00:00\",\"dateModified\":\"2026-02-23T17:36:30+00:00\",\"breadcrumb\":{\"@id\":\"https:\/\/futbolhoy.co\/index.php\/2026\/02\/22\/129554\/#breadcrumb\"},\"inLanguage\":\"es\",\"potentialAction\":[{\"@type\":\"ReadAction\",\"target\":[\"https:\/\/futbolhoy.co\/index.php\/2026\/02\/22\/129554\/\"]}]},{\"@type\":\"ImageObject\",\"inLanguage\":\"es\",\"@id\":\"https:\/\/futbolhoy.co\/index.php\/2026\/02\/22\/129554\/#primaryimage\",\"url\":\"https:\/\/futbolhoy.co\/wp-content\/uploads\/2026\/02\/Jhon-Arias-Pal.png\",\"contentUrl\":\"https:\/\/futbolhoy.co\/wp-content\/uploads\/2026\/02\/Jhon-Arias-Pal.png\",\"width\":828,\"height\":569},{\"@type\":\"BreadcrumbList\",\"@id\":\"https:\/\/futbolhoy.co\/index.php\/2026\/02\/22\/129554\/#breadcrumb\",\"itemListElement\":[{\"@type\":\"ListItem\",\"position\":1,\"name\":\"Portada\",\"item\":\"https:\/\/futbolhoy.co\/\"},{\"@type\":\"ListItem\",\"position\":2,\"name\":\"DT de Palmeiras se rindi\u00f3 en elogios a Jhon Arias tras su debut\"}]},{\"@type\":\"WebSite\",\"@id\":\"https:\/\/futbolhoy.co\/#website\",\"url\":\"https:\/\/futbolhoy.co\/\",\"name\":\"FutbolHoy\",\"description\":\"\",\"publisher\":{\"@id\":\"https:\/\/futbolhoy.co\/#organization\"},\"potentialAction\":[{\"@type\":\"SearchAction\",\"target\":{\"@type\":\"EntryPoint\",\"urlTemplate\":\"https:\/\/futbolhoy.co\/?s={search_term_string}\"},\"query-input\":{\"@type\":\"PropertyValueSpecification\",\"valueRequired\":true,\"valueName\":\"search_term_string\"}}],\"inLanguage\":\"es\"},{\"@type\":\"Organization\",\"@id\":\"https:\/\/futbolhoy.co\/#organization\",\"name\":\"Futbolhoy.co\",\"url\":\"https:\/\/futbolhoy.co\/\",\"logo\":{\"@type\":\"ImageObject\",\"inLanguage\":\"es\",\"@id\":\"https:\/\/futbolhoy.co\/#\/schema\/logo\/image\/\",\"url\":\"https:\/\/futbolhoy.co\/wp-content\/uploads\/2018\/08\/17426380_1906371736249227_6326180412931521141_n.jpg\",\"contentUrl\":\"https:\/\/futbolhoy.co\/wp-content\/uploads\/2018\/08\/17426380_1906371736249227_6326180412931521141_n.jpg\",\"width\":960,\"height\":960,\"caption\":\"Futbolhoy.co\"},\"image\":{\"@id\":\"https:\/\/futbolhoy.co\/#\/schema\/logo\/image\/\"},\"sameAs\":[\"https:\/\/www.facebook.com\/FutbolHoyCol\/\",\"https:\/\/x.com\/FutbolHoyCol\",\"https:\/\/www.instagram.com\/futbolhoycol\/\"]},{\"@type\":\"Person\",\"@id\":\"https:\/\/futbolhoy.co\/#\/schema\/person\/1721b69355b6623eaff15ac7b92d4cc3\",\"name\":\"contenido\",\"image\":{\"@type\":\"ImageObject\",\"inLanguage\":\"es\",\"@id\":\"https:\/\/futbolhoy.co\/#\/schema\/person\/image\/\",\"url\":\"https:\/\/secure.gravatar.com\/avatar\/4f656d3256f5134f466206e7c3941518?s=96&d=mm&r=g\",\"contentUrl\":\"https:\/\/secure.gravatar.com\/avatar\/4f656d3256f5134f466206e7c3941518?s=96&d=mm&r=g\",\"caption\":\"contenido\"}}]}<\/script>\n<!-- \/ Yoast SEO plugin. -->","yoast_head_json":{"title":"DT de Palmeiras se rindi\u00f3 en elogios a Jhon Arias tras su debut -","robots":{"index":"index","follow":"follow","max-snippet":"max-snippet:-1","max-image-preview":"max-image-preview:large","max-video-preview":"max-video-preview:-1"},"canonical":"https:\/\/futbolhoy.co\/index.php\/2026\/02\/22\/129554\/","og_locale":"es_ES","og_type":"article","og_title":"DT de Palmeiras se rindi\u00f3 en elogios a Jhon Arias tras su debut -","og_description":"Jhon Arias realiz\u00f3 su debut con Palmeiras, equipo que lo fich\u00f3 por 25 millones de euros. El colombiano ingres\u00f3 al minuto 78\u2019 en reemplazo de Allan Ell\u00edas en el triunfo 4-0 sobre Capivariano por los cuartos de final del Paulista. Arias tuvo una destacada actuaci\u00f3n. Fue el que gener\u00f3 el penal al 90\u2019 para el [&hellip;]","og_url":"https:\/\/futbolhoy.co\/index.php\/2026\/02\/22\/129554\/","article_publisher":"https:\/\/www.facebook.com\/FutbolHoyCol\/","article_published_time":"2026-02-22T17:19:28+00:00","article_modified_time":"2026-02-23T17:36:30+00:00","og_image":[{"width":828,"height":569,"url":"https:\/\/futbolhoy.co\/wp-content\/uploads\/2026\/02\/Jhon-Arias-Pal.png","type":"image\/png"}],"author":"contenido","twitter_card":"summary_large_image","twitter_creator":"@FutbolHoyCol","twitter_site":"@FutbolHoyCol","twitter_misc":{"Escrito por":"contenido","Tiempo de lectura":"1 minuto"},"schema":{"@context":"https:\/\/schema.org","@graph":[{"@type":"Article","@id":"https:\/\/futbolhoy.co\/index.php\/2026\/02\/22\/129554\/#article","isPartOf":{"@id":"https:\/\/futbolhoy.co\/index.php\/2026\/02\/22\/129554\/"},"author":{"name":"contenido","@id":"https:\/\/futbolhoy.co\/#\/schema\/person\/1721b69355b6623eaff15ac7b92d4cc3"},"headline":"DT de Palmeiras se rindi\u00f3 en elogios a Jhon Arias tras su debut","datePublished":"2026-02-22T17:19:28+00:00","dateModified":"2026-02-23T17:36:30+00:00","mainEntityOfPage":{"@id":"https:\/\/futbolhoy.co\/index.php\/2026\/02\/22\/129554\/"},"wordCount":227,"commentCount":0,"publisher":{"@id":"https:\/\/futbolhoy.co\/#organization"},"image":{"@id":"https:\/\/futbolhoy.co\/index.php\/2026\/02\/22\/129554\/#primaryimage"},"thumbnailUrl":"https:\/\/futbolhoy.co\/wp-content\/uploads\/2026\/02\/Jhon-Arias-Pal.png","articleSection":["Colombia"],"inLanguage":"es","potentialAction":[{"@type":"CommentAction","name":"Comment","target":["https:\/\/futbolhoy.co\/index.php\/2026\/02\/22\/129554\/#respond"]}]},{"@type":"WebPage","@id":"https:\/\/futbolhoy.co\/index.php\/2026\/02\/22\/129554\/","url":"https:\/\/futbolhoy.co\/index.php\/2026\/02\/22\/129554\/","name":"DT de Palmeiras se rindi\u00f3 en elogios a Jhon Arias tras su debut -","isPartOf":{"@id":"https:\/\/futbolhoy.co\/#website"},"primaryImageOfPage":{"@id":"https:\/\/futbolhoy.co\/index.php\/2026\/02\/22\/129554\/#primaryimage"},"image":{"@id":"https:\/\/futbolhoy.co\/index.php\/2026\/02\/22\/129554\/#primaryimage"},"thumbnailUrl":"https:\/\/futbolhoy.co\/wp-content\/uploads\/2026\/02\/Jhon-Arias-Pal.png","datePublished":"2026-02-22T17:19:28+00:00","dateModified":"2026-02-23T17:36:30+00:00","breadcrumb":{"@id":"https:\/\/futbolhoy.co\/index.php\/2026\/02\/22\/129554\/#breadcrumb"},"inLanguage":"es","potentialAction":[{"@type":"ReadAction","target":["https:\/\/futbolhoy.co\/index.php\/2026\/02\/22\/129554\/"]}]},{"@type":"ImageObject","inLanguage":"es","@id":"https:\/\/futbolhoy.co\/index.php\/2026\/02\/22\/129554\/#primaryimage","url":"https:\/\/futbolhoy.co\/wp-content\/uploads\/2026\/02\/Jhon-Arias-Pal.png","contentUrl":"https:\/\/futbolhoy.co\/wp-content\/uploads\/2026\/02\/Jhon-Arias-Pal.png","width":828,"height":569},{"@type":"BreadcrumbList","@id":"https:\/\/futbolhoy.co\/index.php\/2026\/02\/22\/129554\/#breadcrumb","itemListElement":[{"@type":"ListItem","position":1,"name":"Portada","item":"https:\/\/futbolhoy.co\/"},{"@type":"ListItem","position":2,"name":"DT de Palmeiras se rindi\u00f3 en elogios a Jhon Arias tras su debut"}]},{"@type":"WebSite","@id":"https:\/\/futbolhoy.co\/#website","url":"https:\/\/futbolhoy.co\/","name":"FutbolHoy","description":"","publisher":{"@id":"https:\/\/futbolhoy.co\/#organization"},"potentialAction":[{"@type":"SearchAction","target":{"@type":"EntryPoint","urlTemplate":"https:\/\/futbolhoy.co\/?s={search_term_string}"},"query-input":{"@type":"PropertyValueSpecification","valueRequired":true,"valueName":"search_term_string"}}],"inLanguage":"es"},{"@type":"Organization","@id":"https:\/\/futbolhoy.co\/#organization","name":"Futbolhoy.co","url":"https:\/\/futbolhoy.co\/","logo":{"@type":"ImageObject","inLanguage":"es","@id":"https:\/\/futbolhoy.co\/#\/schema\/logo\/image\/","url":"https:\/\/futbolhoy.co\/wp-content\/uploads\/2018\/08\/17426380_1906371736249227_6326180412931521141_n.jpg","contentUrl":"https:\/\/futbolhoy.co\/wp-content\/uploads\/2018\/08\/17426380_1906371736249227_6326180412931521141_n.jpg","width":960,"height":960,"caption":"Futbolhoy.co"},"image":{"@id":"https:\/\/futbolhoy.co\/#\/schema\/logo\/image\/"},"sameAs":["https:\/\/www.facebook.com\/FutbolHoyCol\/","https:\/\/x.com\/FutbolHoyCol","https:\/\/www.instagram.com\/futbolhoycol\/"]},{"@type":"Person","@id":"https:\/\/futbolhoy.co\/#\/schema\/person\/1721b69355b6623eaff15ac7b92d4cc3","name":"contenido","image":{"@type":"ImageObject","inLanguage":"es","@id":"https:\/\/futbolhoy.co\/#\/schema\/person\/image\/","url":"https:\/\/secure.gravatar.com\/avatar\/4f656d3256f5134f466206e7c3941518?s=96&d=mm&r=g","contentUrl":"https:\/\/secure.gravatar.com\/avatar\/4f656d3256f5134f466206e7c3941518?s=96&d=mm&r=g","caption":"contenido"}}]}},"publishpress_future_action":{"enabled":false,"date":"2026-05-03 22:24:23","action":"change-status","newStatus":"draft","terms":[],"taxonomy":"category","extraData":[]},"publishpress_future_workflow_manual_trigger":{"enabledWorkflows":[]},"_links":{"self":[{"href":"https:\/\/futbolhoy.co\/index.php\/wp-json\/wp\/v2\/posts\/129554","targetHints":{"allow":["GET"]}}],"collection":[{"href":"https:\/\/futbolhoy.co\/index.php\/wp-json\/wp\/v2\/posts"}],"about":[{"href":"https:\/\/futbolhoy.co\/index.php\/wp-json\/wp\/v2\/types\/post"}],"author":[{"embeddable":true,"href":"https:\/\/futbolhoy.co\/index.php\/wp-json\/wp\/v2\/users\/4"}],"replies":[{"embeddable":true,"href":"https:\/\/futbolhoy.co\/index.php\/wp-json\/wp\/v2\/comments?post=129554"}],"version-history":[{"count":3,"href":"https:\/\/futbolhoy.co\/index.php\/wp-json\/wp\/v2\/posts\/129554\/revisions"}],"predecessor-version":[{"id":129564,"href":"https:\/\/futbolhoy.co\/index.php\/wp-json\/wp\/v2\/posts\/129554\/revisions\/129564"}],"wp:featuredmedia":[{"embeddable":true,"href":"https:\/\/futbolhoy.co\/index.php\/wp-json\/wp\/v2\/media\/129555"}],"wp:attachment":[{"href":"https:\/\/futbolhoy.co\/index.php\/wp-json\/wp\/v2\/media?parent=129554"}],"wp:term":[{"taxonomy":"category","embeddable":true,"href":"https:\/\/futbolhoy.co\/index.php\/wp-json\/wp\/v2\/categories?post=129554"},{"taxonomy":"post_tag","embeddable":true,"href":"https:\/\/futbolhoy.co\/index.php\/wp-json\/wp\/v2\/tags?post=129554"}],"curies":[{"name":"wp","href":"https:\/\/api.w.org\/{rel}","templated":true}]}}