{"id":12965,"date":"2018-02-02T19:05:35","date_gmt":"2018-02-03T00:05:35","guid":{"rendered":"http:\/\/futbolhoy.co\/?p=12965"},"modified":"2018-02-03T10:38:12","modified_gmt":"2018-02-03T15:38:12","slug":"rueda-se-va-de-gira-por-europa","status":"publish","type":"post","link":"https:\/\/futbolhoy.co\/index.php\/2018\/02\/02\/rueda-se-va-de-gira-por-europa\/","title":{"rendered":"Rueda se va de gira por Europa"},"content":{"rendered":"<p style=\"font-weight: 400; text-align: justify;\">El seleccionador de futbol de Chile, el vallecaucano <strong>Reinaldo Rueda<\/strong>, viajar\u00e1 este s\u00e1bado a Europa para dialogar con varios jugadores que pretende citar para los amistosos ante <strong>Suecia<\/strong>, <strong>Dinamarca<\/strong> y <strong>Polonia<\/strong>.<\/p>\n<p style=\"font-weight: 400; text-align: justify;\">La Asociaci\u00f3n Nacional de F\u00fatbol Profesional anunci\u00f3 a trav\u00e9s de un comunicado que Rueda viajar\u00e1 con el gerente de Selecciones <strong>Ian Mac-Niven<\/strong> y al coordinador <strong>Patricio Jer\u00e9z<\/strong>.<\/p>\n<p style=\"font-weight: 400; text-align: justify;\"><strong>Rueda<\/strong> iniciar\u00e1 su gira en Turqu\u00eda, y continuar\u00e1 en Alemania, Inglaterra, Italia y Espa\u00f1a, para finalizar con jugadores en M\u00e9xico.<\/p>\n<p style=\"font-weight: 400; text-align: justify;\">El resto del cuerpo t\u00e9cnico, conformado por Bernardo Red\u00edn, Pablo Rom\u00e1n, y Carlos Velasco, observan varios jugadores del medio local.<\/p>\n","protected":false},"excerpt":{"rendered":"<p>El seleccionador de futbol de Chile, el vallecaucano Reinaldo Rueda, viajar\u00e1 este s\u00e1bado a Europa para dialogar con varios jugadores que pretende citar para los amistosos ante Suecia, Dinamarca y Polonia. La Asociaci\u00f3n Nacional de F\u00fatbol Profesional anunci\u00f3 a trav\u00e9s de un comunicado que Rueda viajar\u00e1 con el gerente de Selecciones Ian Mac-Niven y al [&hellip;]<\/p>\n","protected":false},"author":5,"featured_media":12967,"comment_status":"open","ping_status":"closed","sticky":false,"template":"","format":"standard","meta":{"_acf_changed":false,"footnotes":""},"categories":[152],"tags":[],"class_list":{"0":"post-12965","1":"post","2":"type-post","3":"status-publish","4":"format-standard","5":"has-post-thumbnail","7":"category-mundo-futbol"},"acf":[],"_links":{"self":[{"href":"https:\/\/futbolhoy.co\/index.php\/wp-json\/wp\/v2\/posts\/12965","targetHints":{"allow":["GET"]}}],"collection":[{"href":"https:\/\/futbolhoy.co\/index.php\/wp-json\/wp\/v2\/posts"}],"about":[{"href":"https:\/\/futbolhoy.co\/index.php\/wp-json\/wp\/v2\/types\/post"}],"author":[{"embeddable":true,"href":"https:\/\/futbolhoy.co\/index.php\/wp-json\/wp\/v2\/users\/5"}],"replies":[{"embeddable":true,"href":"https:\/\/futbolhoy.co\/index.php\/wp-json\/wp\/v2\/comments?post=12965"}],"version-history":[{"count":1,"href":"https:\/\/futbolhoy.co\/index.php\/wp-json\/wp\/v2\/posts\/12965\/revisions"}],"predecessor-version":[{"id":12970,"href":"https:\/\/futbolhoy.co\/index.php\/wp-json\/wp\/v2\/posts\/12965\/revisions\/12970"}],"wp:featuredmedia":[{"embeddable":true,"href":"https:\/\/futbolhoy.co\/index.php\/wp-json\/wp\/v2\/media\/12967"}],"wp:attachment":[{"href":"https:\/\/futbolhoy.co\/index.php\/wp-json\/wp\/v2\/media?parent=12965"}],"wp:term":[{"taxonomy":"category","embeddable":true,"href":"https:\/\/futbolhoy.co\/index.php\/wp-json\/wp\/v2\/categories?post=12965"},{"taxonomy":"post_tag","embeddable":true,"href":"https:\/\/futbolhoy.co\/index.php\/wp-json\/wp\/v2\/tags?post=12965"}],"curies":[{"name":"wp","href":"https:\/\/api.w.org\/{rel}","templated":true}]}}