{"id":130039,"date":"2026-03-06T11:01:53","date_gmt":"2026-03-06T16:01:53","guid":{"rendered":"https:\/\/futbolhoy.co\/?p=130039"},"modified":"2026-03-07T06:07:49","modified_gmt":"2026-03-07T11:07:49","slug":"preocupacion-con-cristiano-ronaldo-su-lesion-es-peor-de-lo-esperado","status":"publish","type":"post","link":"https:\/\/futbolhoy.co\/index.php\/2026\/03\/06\/preocupacion-con-cristiano-ronaldo-su-lesion-es-peor-de-lo-esperado\/","title":{"rendered":"Preocupaci\u00f3n con Cristiano Ronaldo: su lesi\u00f3n es peor de lo esperado"},"content":{"rendered":"<p style=\"text-align: justify;\"><span style=\"font-family: helvetica, arial, sans-serif;\"><strong>Cristiano Ronaldo<\/strong> prendi\u00f3 las alarmas en el <strong>Al Nassr<\/strong> y la <strong>Selecci\u00f3n<\/strong> <strong>de Portugal, <\/strong>luego de conocerse inicialmente una lesi\u00f3n en el isquiotibial.<\/span><\/p>\n<p style=\"text-align: justify;\"><span style=\"font-family: helvetica, arial, sans-serif;\">El portugu\u00e9s se lesion\u00f3 ante <strong>Al Fayha<\/strong> el pasado 28 de febrero y desde entonces se hab\u00eda especulado sobre su situaci\u00f3n. Sin embargo, este viernes <strong>Jorge Jesus,<\/strong> DT del club saud\u00ed, dio m\u00e1s precisi\u00f3n sobre el asunto, pero dej\u00f3 la preocupaci\u00f3n.<\/span><\/p>\n<p style=\"text-align: justify;\"><span style=\"font-family: helvetica, arial, sans-serif;\">\u201cTras las pruebas, <strong>vemos que la lesi\u00f3n sufrida por Cristiano Ronaldo era m\u00e1s grave de lo esperado\u201d,<\/strong> dijo inicialmente.<\/span><\/p>\n<p style=\"text-align: justify;\"><span style=\"font-family: helvetica, arial, sans-serif;\">\u201cCristiano viajar\u00e1 ahora a <strong>Espa\u00f1a,<\/strong> al igual que otros jugadores que acudieron all\u00ed para recibir tratamiento cuando se lesionaron. Su lesi\u00f3n requer\u00eda tratamiento en Madrid con su terapeuta personal, y esperamos que regrese pronto y ayude al equipo\u00bb, a\u00f1adi\u00f3.<\/span><\/p>\n<p style=\"text-align: justify;\"><span style=\"font-family: helvetica, arial, sans-serif;\">Todo parece indicar que el tiempo de recuperaci\u00f3n de CR7 ser\u00eda de cuatro semanas, lo que le impedir\u00eda estar en la convocatoria de Portugal para los amistosos ante <strong>M\u00e9xico<\/strong> y <strong>Estados Unidos<\/strong> de cara al <strong>Mundial,<\/strong> los cuales se realizar\u00e1n a finales de marzo.<\/span><\/p>\n","protected":false},"excerpt":{"rendered":"<p>Cristiano Ronaldo prendi\u00f3 las alarmas en el Al Nassr y la Selecci\u00f3n de Portugal, luego de conocerse inicialmente una lesi\u00f3n en el isquiotibial. El portugu\u00e9s se lesion\u00f3 ante Al Fayha el pasado 28 de febrero y desde entonces se hab\u00eda especulado sobre su situaci\u00f3n. Sin embargo, este viernes Jorge Jesus, DT del club saud\u00ed, dio [&hellip;]<\/p>\n","protected":false},"author":4,"featured_media":130040,"comment_status":"open","ping_status":"closed","sticky":false,"template":"","format":"standard","meta":{"_acf_changed":false,"footnotes":""},"categories":[152],"tags":[],"class_list":{"0":"post-130039","1":"post","2":"type-post","3":"status-publish","4":"format-standard","5":"has-post-thumbnail","7":"category-mundo-futbol"},"acf":[],"_links":{"self":[{"href":"https:\/\/futbolhoy.co\/index.php\/wp-json\/wp\/v2\/posts\/130039","targetHints":{"allow":["GET"]}}],"collection":[{"href":"https:\/\/futbolhoy.co\/index.php\/wp-json\/wp\/v2\/posts"}],"about":[{"href":"https:\/\/futbolhoy.co\/index.php\/wp-json\/wp\/v2\/types\/post"}],"author":[{"embeddable":true,"href":"https:\/\/futbolhoy.co\/index.php\/wp-json\/wp\/v2\/users\/4"}],"replies":[{"embeddable":true,"href":"https:\/\/futbolhoy.co\/index.php\/wp-json\/wp\/v2\/comments?post=130039"}],"version-history":[{"count":1,"href":"https:\/\/futbolhoy.co\/index.php\/wp-json\/wp\/v2\/posts\/130039\/revisions"}],"predecessor-version":[{"id":130041,"href":"https:\/\/futbolhoy.co\/index.php\/wp-json\/wp\/v2\/posts\/130039\/revisions\/130041"}],"wp:featuredmedia":[{"embeddable":true,"href":"https:\/\/futbolhoy.co\/index.php\/wp-json\/wp\/v2\/media\/130040"}],"wp:attachment":[{"href":"https:\/\/futbolhoy.co\/index.php\/wp-json\/wp\/v2\/media?parent=130039"}],"wp:term":[{"taxonomy":"category","embeddable":true,"href":"https:\/\/futbolhoy.co\/index.php\/wp-json\/wp\/v2\/categories?post=130039"},{"taxonomy":"post_tag","embeddable":true,"href":"https:\/\/futbolhoy.co\/index.php\/wp-json\/wp\/v2\/tags?post=130039"}],"curies":[{"name":"wp","href":"https:\/\/api.w.org\/{rel}","templated":true}]}}