{"id":130122,"date":"2026-03-08T13:09:59","date_gmt":"2026-03-08T18:09:59","guid":{"rendered":"https:\/\/futbolhoy.co\/?p=130122"},"modified":"2026-03-09T18:34:39","modified_gmt":"2026-03-09T23:34:39","slug":"jhon-cordoba-con-la-mira-en-la-seleccion-colombia-nuevo-gol-en-rusia","status":"publish","type":"post","link":"https:\/\/futbolhoy.co\/index.php\/2026\/03\/08\/jhon-cordoba-con-la-mira-en-la-seleccion-colombia-nuevo-gol-en-rusia\/","title":{"rendered":"Jhon C\u00f3rdoba, con la mira en la Selecci\u00f3n Colombia: nuevo gol en Rusia"},"content":{"rendered":"<p style=\"text-align: justify;\"><span style=\"font-family: helvetica, arial, sans-serif;\"><strong>Jhon C\u00f3rdoba<\/strong> es uno de los delanteros que ha hecho parte del proceso de <strong>N\u00e9stor Lorenzo<\/strong> y quien es considerado como candidato para integrar la lista de la <strong>Selecci\u00f3n Colombia en el Mundial.<\/strong><\/span><\/p>\n<p style=\"text-align: justify;\"><span style=\"font-family: helvetica, arial, sans-serif;\">Por la fecha 20 de l<strong>a Liga de Rusia<\/strong>, C\u00f3rdoba se report\u00f3 con anotaci\u00f3n para <strong>Krasnodar,<\/strong> pero su equipo perdi\u00f3 por 2-1 contra <strong>Rubin Kazan.<\/strong><\/span><\/p>\n<p style=\"text-align: justify;\"><span style=\"font-family: helvetica, arial, sans-serif;\">El colombiano marc\u00f3 el descuento en el marcador al minuto 90+3\u2019, luego de un pase desde el costado de <strong>Juan Manuel Boselli.<\/strong> Esta fue la anotaci\u00f3n n\u00famero 13 en la temporada por todas las competiciones, en 27 partidos jugados, adem\u00e1s de aportar 6 asistencias.<\/span><\/p>\n<p style=\"text-align: justify;\"><span style=\"font-family: helvetica, arial, sans-serif;\">El jugador de 32 a\u00f1os podr\u00eda estar en los amistosos ante <strong>Croacia<\/strong> y <strong>Francia<\/strong> a final de mes, que se disputar\u00e1n en <strong>Estados Unidos<\/strong> como preparaci\u00f3n para la<strong> Copa del Mundo.<\/strong><\/span><\/p>\n<blockquote class=\"twitter-tweet\" data-media-max-width=\"560\">\n<p dir=\"ltr\" lang=\"pl\">2-1 Cordoba <a href=\"https:\/\/t.co\/GofdL4Zkkj\">pic.twitter.com\/GofdL4Zkkj<\/a><\/p>\n<p>\u2014 RPL Sky (@RPLNews_eng) <a href=\"https:\/\/twitter.com\/RPLNews_eng\/status\/2030676979217834190?ref_src=twsrc%5Etfw\">March 8, 2026<\/a><\/p><\/blockquote>\n<p><script async src=\"https:\/\/platform.twitter.com\/widgets.js\" charset=\"utf-8\"><\/script><\/p>\n","protected":false},"excerpt":{"rendered":"<p>Jhon C\u00f3rdoba es uno de los delanteros que ha hecho parte del proceso de N\u00e9stor Lorenzo y quien es considerado como candidato para integrar la lista de la Selecci\u00f3n Colombia en el Mundial. Por la fecha 20 de la Liga de Rusia, C\u00f3rdoba se report\u00f3 con anotaci\u00f3n para Krasnodar, pero su equipo perdi\u00f3 por 2-1 [&hellip;]<\/p>\n","protected":false},"author":4,"featured_media":130123,"comment_status":"closed","ping_status":"closed","sticky":false,"template":"","format":"standard","meta":{"_acf_changed":false,"footnotes":""},"categories":[418],"tags":[],"class_list":{"0":"post-130122","1":"post","2":"type-post","3":"status-publish","4":"format-standard","5":"has-post-thumbnail","7":"category-colombia"},"acf":[],"yoast_head":"<!-- This site is optimized with the Yoast SEO plugin v26.8 - https:\/\/yoast.com\/product\/yoast-seo-wordpress\/ -->\n<title>Jhon C\u00f3rdoba, con la mira en la Selecci\u00f3n Colombia: nuevo gol en Rusia -<\/title>\n<meta name=\"robots\" content=\"index, follow, max-snippet:-1, max-image-preview:large, max-video-preview:-1\" \/>\n<link rel=\"canonical\" href=\"https:\/\/futbolhoy.co\/index.php\/2026\/03\/08\/jhon-cordoba-con-la-mira-en-la-seleccion-colombia-nuevo-gol-en-rusia\/\" \/>\n<meta property=\"og:locale\" content=\"es_ES\" \/>\n<meta property=\"og:type\" content=\"article\" \/>\n<meta property=\"og:title\" content=\"Jhon C\u00f3rdoba, con la mira en la Selecci\u00f3n Colombia: nuevo gol en Rusia -\" \/>\n<meta property=\"og:description\" content=\"Jhon C\u00f3rdoba es uno de los delanteros que ha hecho parte del proceso de N\u00e9stor Lorenzo y quien es considerado como candidato para integrar la lista de la Selecci\u00f3n Colombia en el Mundial. Por la fecha 20 de la Liga de Rusia, C\u00f3rdoba se report\u00f3 con anotaci\u00f3n para Krasnodar, pero su equipo perdi\u00f3 por 2-1 [&hellip;]\" \/>\n<meta property=\"og:url\" content=\"https:\/\/futbolhoy.co\/index.php\/2026\/03\/08\/jhon-cordoba-con-la-mira-en-la-seleccion-colombia-nuevo-gol-en-rusia\/\" \/>\n<meta property=\"article:publisher\" content=\"https:\/\/www.facebook.com\/FutbolHoyCol\/\" \/>\n<meta property=\"article:published_time\" content=\"2026-03-08T18:09:59+00:00\" \/>\n<meta property=\"article:modified_time\" content=\"2026-03-09T23:34:39+00:00\" \/>\n<meta property=\"og:image\" content=\"https:\/\/futbolhoy.co\/wp-content\/uploads\/2026\/03\/G7EffbdXIAAD4mU.jpg\" \/>\n\t<meta property=\"og:image:width\" content=\"1500\" \/>\n\t<meta property=\"og:image:height\" content=\"1000\" \/>\n\t<meta property=\"og:image:type\" content=\"image\/jpeg\" \/>\n<meta name=\"author\" content=\"contenido\" \/>\n<meta name=\"twitter:card\" content=\"summary_large_image\" \/>\n<meta name=\"twitter:creator\" content=\"@FutbolHoyCol\" \/>\n<meta name=\"twitter:site\" content=\"@FutbolHoyCol\" \/>\n<meta name=\"twitter:label1\" content=\"Escrito por\" \/>\n\t<meta name=\"twitter:data1\" content=\"contenido\" \/>\n\t<meta name=\"twitter:label2\" content=\"Tiempo de lectura\" \/>\n\t<meta name=\"twitter:data2\" content=\"1 minuto\" \/>\n<script type=\"application\/ld+json\" class=\"yoast-schema-graph\">{\"@context\":\"https:\/\/schema.org\",\"@graph\":[{\"@type\":\"Article\",\"@id\":\"https:\/\/futbolhoy.co\/index.php\/2026\/03\/08\/jhon-cordoba-con-la-mira-en-la-seleccion-colombia-nuevo-gol-en-rusia\/#article\",\"isPartOf\":{\"@id\":\"https:\/\/futbolhoy.co\/index.php\/2026\/03\/08\/jhon-cordoba-con-la-mira-en-la-seleccion-colombia-nuevo-gol-en-rusia\/\"},\"author\":{\"name\":\"contenido\",\"@id\":\"https:\/\/futbolhoy.co\/#\/schema\/person\/1721b69355b6623eaff15ac7b92d4cc3\"},\"headline\":\"Jhon C\u00f3rdoba, con la mira en la Selecci\u00f3n Colombia: nuevo gol en Rusia\",\"datePublished\":\"2026-03-08T18:09:59+00:00\",\"dateModified\":\"2026-03-09T23:34:39+00:00\",\"mainEntityOfPage\":{\"@id\":\"https:\/\/futbolhoy.co\/index.php\/2026\/03\/08\/jhon-cordoba-con-la-mira-en-la-seleccion-colombia-nuevo-gol-en-rusia\/\"},\"wordCount\":166,\"publisher\":{\"@id\":\"https:\/\/futbolhoy.co\/#organization\"},\"image\":{\"@id\":\"https:\/\/futbolhoy.co\/index.php\/2026\/03\/08\/jhon-cordoba-con-la-mira-en-la-seleccion-colombia-nuevo-gol-en-rusia\/#primaryimage\"},\"thumbnailUrl\":\"https:\/\/futbolhoy.co\/wp-content\/uploads\/2026\/03\/G7EffbdXIAAD4mU.jpg\",\"articleSection\":[\"Colombia\"],\"inLanguage\":\"es\"},{\"@type\":\"WebPage\",\"@id\":\"https:\/\/futbolhoy.co\/index.php\/2026\/03\/08\/jhon-cordoba-con-la-mira-en-la-seleccion-colombia-nuevo-gol-en-rusia\/\",\"url\":\"https:\/\/futbolhoy.co\/index.php\/2026\/03\/08\/jhon-cordoba-con-la-mira-en-la-seleccion-colombia-nuevo-gol-en-rusia\/\",\"name\":\"Jhon C\u00f3rdoba, con la mira en la Selecci\u00f3n Colombia: nuevo gol en Rusia -\",\"isPartOf\":{\"@id\":\"https:\/\/futbolhoy.co\/#website\"},\"primaryImageOfPage\":{\"@id\":\"https:\/\/futbolhoy.co\/index.php\/2026\/03\/08\/jhon-cordoba-con-la-mira-en-la-seleccion-colombia-nuevo-gol-en-rusia\/#primaryimage\"},\"image\":{\"@id\":\"https:\/\/futbolhoy.co\/index.php\/2026\/03\/08\/jhon-cordoba-con-la-mira-en-la-seleccion-colombia-nuevo-gol-en-rusia\/#primaryimage\"},\"thumbnailUrl\":\"https:\/\/futbolhoy.co\/wp-content\/uploads\/2026\/03\/G7EffbdXIAAD4mU.jpg\",\"datePublished\":\"2026-03-08T18:09:59+00:00\",\"dateModified\":\"2026-03-09T23:34:39+00:00\",\"breadcrumb\":{\"@id\":\"https:\/\/futbolhoy.co\/index.php\/2026\/03\/08\/jhon-cordoba-con-la-mira-en-la-seleccion-colombia-nuevo-gol-en-rusia\/#breadcrumb\"},\"inLanguage\":\"es\",\"potentialAction\":[{\"@type\":\"ReadAction\",\"target\":[\"https:\/\/futbolhoy.co\/index.php\/2026\/03\/08\/jhon-cordoba-con-la-mira-en-la-seleccion-colombia-nuevo-gol-en-rusia\/\"]}]},{\"@type\":\"ImageObject\",\"inLanguage\":\"es\",\"@id\":\"https:\/\/futbolhoy.co\/index.php\/2026\/03\/08\/jhon-cordoba-con-la-mira-en-la-seleccion-colombia-nuevo-gol-en-rusia\/#primaryimage\",\"url\":\"https:\/\/futbolhoy.co\/wp-content\/uploads\/2026\/03\/G7EffbdXIAAD4mU.jpg\",\"contentUrl\":\"https:\/\/futbolhoy.co\/wp-content\/uploads\/2026\/03\/G7EffbdXIAAD4mU.jpg\",\"width\":1500,\"height\":1000},{\"@type\":\"BreadcrumbList\",\"@id\":\"https:\/\/futbolhoy.co\/index.php\/2026\/03\/08\/jhon-cordoba-con-la-mira-en-la-seleccion-colombia-nuevo-gol-en-rusia\/#breadcrumb\",\"itemListElement\":[{\"@type\":\"ListItem\",\"position\":1,\"name\":\"Portada\",\"item\":\"https:\/\/futbolhoy.co\/\"},{\"@type\":\"ListItem\",\"position\":2,\"name\":\"Jhon C\u00f3rdoba, con la mira en la Selecci\u00f3n Colombia: nuevo gol en Rusia\"}]},{\"@type\":\"WebSite\",\"@id\":\"https:\/\/futbolhoy.co\/#website\",\"url\":\"https:\/\/futbolhoy.co\/\",\"name\":\"FutbolHoy\",\"description\":\"\",\"publisher\":{\"@id\":\"https:\/\/futbolhoy.co\/#organization\"},\"potentialAction\":[{\"@type\":\"SearchAction\",\"target\":{\"@type\":\"EntryPoint\",\"urlTemplate\":\"https:\/\/futbolhoy.co\/?s={search_term_string}\"},\"query-input\":{\"@type\":\"PropertyValueSpecification\",\"valueRequired\":true,\"valueName\":\"search_term_string\"}}],\"inLanguage\":\"es\"},{\"@type\":\"Organization\",\"@id\":\"https:\/\/futbolhoy.co\/#organization\",\"name\":\"Futbolhoy.co\",\"url\":\"https:\/\/futbolhoy.co\/\",\"logo\":{\"@type\":\"ImageObject\",\"inLanguage\":\"es\",\"@id\":\"https:\/\/futbolhoy.co\/#\/schema\/logo\/image\/\",\"url\":\"https:\/\/futbolhoy.co\/wp-content\/uploads\/2018\/08\/17426380_1906371736249227_6326180412931521141_n.jpg\",\"contentUrl\":\"https:\/\/futbolhoy.co\/wp-content\/uploads\/2018\/08\/17426380_1906371736249227_6326180412931521141_n.jpg\",\"width\":960,\"height\":960,\"caption\":\"Futbolhoy.co\"},\"image\":{\"@id\":\"https:\/\/futbolhoy.co\/#\/schema\/logo\/image\/\"},\"sameAs\":[\"https:\/\/www.facebook.com\/FutbolHoyCol\/\",\"https:\/\/x.com\/FutbolHoyCol\",\"https:\/\/www.instagram.com\/futbolhoycol\/\"]},{\"@type\":\"Person\",\"@id\":\"https:\/\/futbolhoy.co\/#\/schema\/person\/1721b69355b6623eaff15ac7b92d4cc3\",\"name\":\"contenido\",\"image\":{\"@type\":\"ImageObject\",\"inLanguage\":\"es\",\"@id\":\"https:\/\/futbolhoy.co\/#\/schema\/person\/image\/\",\"url\":\"https:\/\/secure.gravatar.com\/avatar\/4f656d3256f5134f466206e7c3941518?s=96&d=mm&r=g\",\"contentUrl\":\"https:\/\/secure.gravatar.com\/avatar\/4f656d3256f5134f466206e7c3941518?s=96&d=mm&r=g\",\"caption\":\"contenido\"}}]}<\/script>\n<!-- \/ Yoast SEO plugin. -->","yoast_head_json":{"title":"Jhon C\u00f3rdoba, con la mira en la Selecci\u00f3n Colombia: nuevo gol en Rusia -","robots":{"index":"index","follow":"follow","max-snippet":"max-snippet:-1","max-image-preview":"max-image-preview:large","max-video-preview":"max-video-preview:-1"},"canonical":"https:\/\/futbolhoy.co\/index.php\/2026\/03\/08\/jhon-cordoba-con-la-mira-en-la-seleccion-colombia-nuevo-gol-en-rusia\/","og_locale":"es_ES","og_type":"article","og_title":"Jhon C\u00f3rdoba, con la mira en la Selecci\u00f3n Colombia: nuevo gol en Rusia -","og_description":"Jhon C\u00f3rdoba es uno de los delanteros que ha hecho parte del proceso de N\u00e9stor Lorenzo y quien es considerado como candidato para integrar la lista de la Selecci\u00f3n Colombia en el Mundial. Por la fecha 20 de la Liga de Rusia, C\u00f3rdoba se report\u00f3 con anotaci\u00f3n para Krasnodar, pero su equipo perdi\u00f3 por 2-1 [&hellip;]","og_url":"https:\/\/futbolhoy.co\/index.php\/2026\/03\/08\/jhon-cordoba-con-la-mira-en-la-seleccion-colombia-nuevo-gol-en-rusia\/","article_publisher":"https:\/\/www.facebook.com\/FutbolHoyCol\/","article_published_time":"2026-03-08T18:09:59+00:00","article_modified_time":"2026-03-09T23:34:39+00:00","og_image":[{"width":1500,"height":1000,"url":"https:\/\/futbolhoy.co\/wp-content\/uploads\/2026\/03\/G7EffbdXIAAD4mU.jpg","type":"image\/jpeg"}],"author":"contenido","twitter_card":"summary_large_image","twitter_creator":"@FutbolHoyCol","twitter_site":"@FutbolHoyCol","twitter_misc":{"Escrito por":"contenido","Tiempo de lectura":"1 minuto"},"schema":{"@context":"https:\/\/schema.org","@graph":[{"@type":"Article","@id":"https:\/\/futbolhoy.co\/index.php\/2026\/03\/08\/jhon-cordoba-con-la-mira-en-la-seleccion-colombia-nuevo-gol-en-rusia\/#article","isPartOf":{"@id":"https:\/\/futbolhoy.co\/index.php\/2026\/03\/08\/jhon-cordoba-con-la-mira-en-la-seleccion-colombia-nuevo-gol-en-rusia\/"},"author":{"name":"contenido","@id":"https:\/\/futbolhoy.co\/#\/schema\/person\/1721b69355b6623eaff15ac7b92d4cc3"},"headline":"Jhon C\u00f3rdoba, con la mira en la Selecci\u00f3n Colombia: nuevo gol en Rusia","datePublished":"2026-03-08T18:09:59+00:00","dateModified":"2026-03-09T23:34:39+00:00","mainEntityOfPage":{"@id":"https:\/\/futbolhoy.co\/index.php\/2026\/03\/08\/jhon-cordoba-con-la-mira-en-la-seleccion-colombia-nuevo-gol-en-rusia\/"},"wordCount":166,"publisher":{"@id":"https:\/\/futbolhoy.co\/#organization"},"image":{"@id":"https:\/\/futbolhoy.co\/index.php\/2026\/03\/08\/jhon-cordoba-con-la-mira-en-la-seleccion-colombia-nuevo-gol-en-rusia\/#primaryimage"},"thumbnailUrl":"https:\/\/futbolhoy.co\/wp-content\/uploads\/2026\/03\/G7EffbdXIAAD4mU.jpg","articleSection":["Colombia"],"inLanguage":"es"},{"@type":"WebPage","@id":"https:\/\/futbolhoy.co\/index.php\/2026\/03\/08\/jhon-cordoba-con-la-mira-en-la-seleccion-colombia-nuevo-gol-en-rusia\/","url":"https:\/\/futbolhoy.co\/index.php\/2026\/03\/08\/jhon-cordoba-con-la-mira-en-la-seleccion-colombia-nuevo-gol-en-rusia\/","name":"Jhon C\u00f3rdoba, con la mira en la Selecci\u00f3n Colombia: nuevo gol en Rusia -","isPartOf":{"@id":"https:\/\/futbolhoy.co\/#website"},"primaryImageOfPage":{"@id":"https:\/\/futbolhoy.co\/index.php\/2026\/03\/08\/jhon-cordoba-con-la-mira-en-la-seleccion-colombia-nuevo-gol-en-rusia\/#primaryimage"},"image":{"@id":"https:\/\/futbolhoy.co\/index.php\/2026\/03\/08\/jhon-cordoba-con-la-mira-en-la-seleccion-colombia-nuevo-gol-en-rusia\/#primaryimage"},"thumbnailUrl":"https:\/\/futbolhoy.co\/wp-content\/uploads\/2026\/03\/G7EffbdXIAAD4mU.jpg","datePublished":"2026-03-08T18:09:59+00:00","dateModified":"2026-03-09T23:34:39+00:00","breadcrumb":{"@id":"https:\/\/futbolhoy.co\/index.php\/2026\/03\/08\/jhon-cordoba-con-la-mira-en-la-seleccion-colombia-nuevo-gol-en-rusia\/#breadcrumb"},"inLanguage":"es","potentialAction":[{"@type":"ReadAction","target":["https:\/\/futbolhoy.co\/index.php\/2026\/03\/08\/jhon-cordoba-con-la-mira-en-la-seleccion-colombia-nuevo-gol-en-rusia\/"]}]},{"@type":"ImageObject","inLanguage":"es","@id":"https:\/\/futbolhoy.co\/index.php\/2026\/03\/08\/jhon-cordoba-con-la-mira-en-la-seleccion-colombia-nuevo-gol-en-rusia\/#primaryimage","url":"https:\/\/futbolhoy.co\/wp-content\/uploads\/2026\/03\/G7EffbdXIAAD4mU.jpg","contentUrl":"https:\/\/futbolhoy.co\/wp-content\/uploads\/2026\/03\/G7EffbdXIAAD4mU.jpg","width":1500,"height":1000},{"@type":"BreadcrumbList","@id":"https:\/\/futbolhoy.co\/index.php\/2026\/03\/08\/jhon-cordoba-con-la-mira-en-la-seleccion-colombia-nuevo-gol-en-rusia\/#breadcrumb","itemListElement":[{"@type":"ListItem","position":1,"name":"Portada","item":"https:\/\/futbolhoy.co\/"},{"@type":"ListItem","position":2,"name":"Jhon C\u00f3rdoba, con la mira en la Selecci\u00f3n Colombia: nuevo gol en Rusia"}]},{"@type":"WebSite","@id":"https:\/\/futbolhoy.co\/#website","url":"https:\/\/futbolhoy.co\/","name":"FutbolHoy","description":"","publisher":{"@id":"https:\/\/futbolhoy.co\/#organization"},"potentialAction":[{"@type":"SearchAction","target":{"@type":"EntryPoint","urlTemplate":"https:\/\/futbolhoy.co\/?s={search_term_string}"},"query-input":{"@type":"PropertyValueSpecification","valueRequired":true,"valueName":"search_term_string"}}],"inLanguage":"es"},{"@type":"Organization","@id":"https:\/\/futbolhoy.co\/#organization","name":"Futbolhoy.co","url":"https:\/\/futbolhoy.co\/","logo":{"@type":"ImageObject","inLanguage":"es","@id":"https:\/\/futbolhoy.co\/#\/schema\/logo\/image\/","url":"https:\/\/futbolhoy.co\/wp-content\/uploads\/2018\/08\/17426380_1906371736249227_6326180412931521141_n.jpg","contentUrl":"https:\/\/futbolhoy.co\/wp-content\/uploads\/2018\/08\/17426380_1906371736249227_6326180412931521141_n.jpg","width":960,"height":960,"caption":"Futbolhoy.co"},"image":{"@id":"https:\/\/futbolhoy.co\/#\/schema\/logo\/image\/"},"sameAs":["https:\/\/www.facebook.com\/FutbolHoyCol\/","https:\/\/x.com\/FutbolHoyCol","https:\/\/www.instagram.com\/futbolhoycol\/"]},{"@type":"Person","@id":"https:\/\/futbolhoy.co\/#\/schema\/person\/1721b69355b6623eaff15ac7b92d4cc3","name":"contenido","image":{"@type":"ImageObject","inLanguage":"es","@id":"https:\/\/futbolhoy.co\/#\/schema\/person\/image\/","url":"https:\/\/secure.gravatar.com\/avatar\/4f656d3256f5134f466206e7c3941518?s=96&d=mm&r=g","contentUrl":"https:\/\/secure.gravatar.com\/avatar\/4f656d3256f5134f466206e7c3941518?s=96&d=mm&r=g","caption":"contenido"}}]}},"publishpress_future_action":{"enabled":false,"date":"2026-05-03 17:35:15","action":"change-status","newStatus":"draft","terms":[],"taxonomy":"category","extraData":[]},"publishpress_future_workflow_manual_trigger":{"enabledWorkflows":[]},"_links":{"self":[{"href":"https:\/\/futbolhoy.co\/index.php\/wp-json\/wp\/v2\/posts\/130122","targetHints":{"allow":["GET"]}}],"collection":[{"href":"https:\/\/futbolhoy.co\/index.php\/wp-json\/wp\/v2\/posts"}],"about":[{"href":"https:\/\/futbolhoy.co\/index.php\/wp-json\/wp\/v2\/types\/post"}],"author":[{"embeddable":true,"href":"https:\/\/futbolhoy.co\/index.php\/wp-json\/wp\/v2\/users\/4"}],"replies":[{"embeddable":true,"href":"https:\/\/futbolhoy.co\/index.php\/wp-json\/wp\/v2\/comments?post=130122"}],"version-history":[{"count":1,"href":"https:\/\/futbolhoy.co\/index.php\/wp-json\/wp\/v2\/posts\/130122\/revisions"}],"predecessor-version":[{"id":130124,"href":"https:\/\/futbolhoy.co\/index.php\/wp-json\/wp\/v2\/posts\/130122\/revisions\/130124"}],"wp:featuredmedia":[{"embeddable":true,"href":"https:\/\/futbolhoy.co\/index.php\/wp-json\/wp\/v2\/media\/130123"}],"wp:attachment":[{"href":"https:\/\/futbolhoy.co\/index.php\/wp-json\/wp\/v2\/media?parent=130122"}],"wp:term":[{"taxonomy":"category","embeddable":true,"href":"https:\/\/futbolhoy.co\/index.php\/wp-json\/wp\/v2\/categories?post=130122"},{"taxonomy":"post_tag","embeddable":true,"href":"https:\/\/futbolhoy.co\/index.php\/wp-json\/wp\/v2\/tags?post=130122"}],"curies":[{"name":"wp","href":"https:\/\/api.w.org\/{rel}","templated":true}]}}