{"id":130125,"date":"2026-03-08T20:48:27","date_gmt":"2026-03-09T01:48:27","guid":{"rendered":"https:\/\/futbolhoy.co\/?p=130125"},"modified":"2026-03-09T20:14:06","modified_gmt":"2026-03-10T01:14:06","slug":"jhon-arias-jorge-carrascal-y-jose-enamorado-campeones-regionales-en-brasil","status":"publish","type":"post","link":"https:\/\/futbolhoy.co\/index.php\/2026\/03\/08\/jhon-arias-jorge-carrascal-y-jose-enamorado-campeones-regionales-en-brasil\/","title":{"rendered":"Jhon Arias, Jorge Carrascal y Jos\u00e9 Enamorado, campeones regionales en Brasil"},"content":{"rendered":"<p style=\"text-align: justify;\"><span style=\"font-family: helvetica, arial, sans-serif;\">Se definieron los <strong>campeones regionales en Brasil<\/strong> y los futbolistas colombianos destacaron en sus respectivos equipos. <strong>Palmeiras, Flamengo y Gremio de Porto Alegre<\/strong> fueron algunos de los clubes en brillar de la mano del talento cafetero.<\/span><\/p>\n<p style=\"text-align: justify;\"><span style=\"font-family: helvetica, arial, sans-serif;\"><strong>Palmeiras conquist\u00f3 el Paulista<\/strong><\/span><\/p>\n<p style=\"text-align: justify;\"><span style=\"font-family: helvetica, arial, sans-serif;\">El <strong>Palmeiras se consagr\u00f3 campe\u00f3n del Torneo Paulista 2026<\/strong>, luego de vencer al modesto Novorizontino en la gran final del certamen. Fue<strong> victoria 1-2 del Verdao<\/strong> en el Est\u00e1dio Doutor Jorge Ismael de Biasi, duelo en el que<strong> Jhon Arias sum\u00f3 su primera titularidad <\/strong>en el onceno de Abel Ferreira.<\/span><\/p>\n<p style=\"text-align: justify;\"><span style=\"font-family: helvetica, arial, sans-serif;\"><strong>Murilo<\/strong> abri\u00f3 la cuenta para la visita sobre los 6 minutos, pero al 26' apareci\u00f3 <strong>Matheus Bianqui<\/strong> para sellar la paridad transitoria. Ya sobre el cierre del compromiso, <strong>Arias<\/strong> disput\u00f3 un bal\u00f3n dividido con el arquero rival y el rebote termin\u00f3 beneficiando a <strong>Vitor Roque<\/strong>, quien tan solo tuvo que definir a porter\u00eda vac\u00eda. Buen triunfo del Palmeiras con destacada participaci\u00f3n del mediocampista chocoano, que por cierto sali\u00f3 sustituido al minuto 79.<\/span><\/p>\n<p style=\"text-align: justify;\"><span style=\"font-family: helvetica, arial, sans-serif;\"><strong>Flamengo se qued\u00f3 con el cl\u00e1sico de R\u00edo<\/strong><\/span><\/p>\n<p style=\"text-align: justify;\"><span style=\"font-family: helvetica, arial, sans-serif;\">Como ya es costumbre, la definici\u00f3n del<strong> Campeonato Carioca<\/strong> tuvo como protagonistas en el Maracan\u00e1 a los gigantes de R\u00edo de Janeiro. Por un lado, el <strong>Fluminense<\/strong> de Kevin Serna (titular) y Santiago Moreno (suplente); por otro lado, el <strong>Flamengo<\/strong> de Jorge Carrascal (titular).<\/span><\/p>\n<p style=\"text-align: justify;\"><span style=\"font-family: helvetica, arial, sans-serif;\">Cl\u00e1sico sumamente igualado, tanto as\u00ed que la paridad 0-0 no se movi\u00f3 a lo largo de los 90 minutos. Es por esto que la final termin\u00f3 en la tanda de penales. En el <em>Fla<\/em> erraron <strong>Ot\u00e1vio y Guga<\/strong>, mientras que en el <em>Flu<\/em> lo hizo \u00fanicamente <strong>Luiz Ara\u00fajo<\/strong>. Fue entonces trunfo para el Flamengo por 5-4.<\/span><\/p>\n<p style=\"text-align: justify;\"><span style=\"font-family: helvetica, arial, sans-serif;\"><strong>Gremio no tuvo piedad de Inter en el cl\u00e1sico de Porto Alegre<\/strong><\/span><\/p>\n<p style=\"text-align: justify;\"><span style=\"font-family: helvetica, arial, sans-serif;\">La <strong>final del Campeonato Ga\u00facho<\/strong> tuvo masiva presencia colombiana. En el <strong>Internacional<\/strong> fueron titulares y disputaron todo el partido tanto <strong>Rafael Santos Borr\u00e9 como Johan Carbonero<\/strong>; mientras que en <strong>Gremio<\/strong> fueron inicialistas <strong>Miguel Monsalve y Jos\u00e9 Enamorado<\/strong>.\u00a0<\/span><\/p>\n<p style=\"text-align: justify;\"><span style=\"font-family: helvetica, arial, sans-serif;\">Esta final vuelta estaba marcada por la goleada que consigui\u00f3 Gremio en el partido de ida (3-0), raz\u00f3n por la que Inter necesitaba de un milagro para forzar siquiera los penales. Pero el t\u00edtulo regional ya ten\u00eda nombre. En el \u00faltimo minuto del primer tiempo, <strong>Gustavo Martins<\/strong> sentenci\u00f3 la historia en favor del cuadro tricolor y sobre los 82' apareci\u00f3 <strong>Alan Patrick<\/strong> para decretar la honra del equipo colorado. Fue 1-1 en la vuelta y 4-1 en el marcador global.<\/span><\/p>\n","protected":false},"excerpt":{"rendered":"<p>Se definieron los campeones regionales en Brasil y los futbolistas colombianos destacaron en sus respectivos equipos. Palmeiras, Flamengo y Gremio de Porto Alegre fueron algunos de los clubes en brillar de la mano del talento cafetero. Palmeiras conquist\u00f3 el Paulista El Palmeiras se consagr\u00f3 campe\u00f3n del Torneo Paulista 2026, luego de vencer al modesto Novorizontino [&hellip;]<\/p>\n","protected":false},"author":4,"featured_media":130127,"comment_status":"open","ping_status":"open","sticky":false,"template":"","format":"standard","meta":{"_acf_changed":false,"footnotes":""},"categories":[418],"tags":[],"class_list":{"0":"post-130125","1":"post","2":"type-post","3":"status-publish","4":"format-standard","5":"has-post-thumbnail","7":"category-colombia"},"acf":[],"yoast_head":"<!-- This site is optimized with the Yoast SEO plugin v26.8 - https:\/\/yoast.com\/product\/yoast-seo-wordpress\/ -->\n<title>Jhon Arias, Jorge Carrascal y Jos\u00e9 Enamorado, campeones regionales en Brasil -<\/title>\n<meta name=\"robots\" content=\"index, follow, max-snippet:-1, max-image-preview:large, max-video-preview:-1\" \/>\n<link rel=\"canonical\" href=\"https:\/\/futbolhoy.co\/index.php\/2026\/03\/08\/jhon-arias-jorge-carrascal-y-jose-enamorado-campeones-regionales-en-brasil\/\" \/>\n<meta property=\"og:locale\" content=\"es_ES\" \/>\n<meta property=\"og:type\" content=\"article\" \/>\n<meta property=\"og:title\" content=\"Jhon Arias, Jorge Carrascal y Jos\u00e9 Enamorado, campeones regionales en Brasil -\" \/>\n<meta property=\"og:description\" content=\"Se definieron los campeones regionales en Brasil y los futbolistas colombianos destacaron en sus respectivos equipos. Palmeiras, Flamengo y Gremio de Porto Alegre fueron algunos de los clubes en brillar de la mano del talento cafetero. Palmeiras conquist\u00f3 el Paulista El Palmeiras se consagr\u00f3 campe\u00f3n del Torneo Paulista 2026, luego de vencer al modesto Novorizontino [&hellip;]\" \/>\n<meta property=\"og:url\" content=\"https:\/\/futbolhoy.co\/index.php\/2026\/03\/08\/jhon-arias-jorge-carrascal-y-jose-enamorado-campeones-regionales-en-brasil\/\" \/>\n<meta property=\"article:publisher\" content=\"https:\/\/www.facebook.com\/FutbolHoyCol\/\" \/>\n<meta property=\"article:published_time\" content=\"2026-03-09T01:48:27+00:00\" \/>\n<meta property=\"article:modified_time\" content=\"2026-03-10T01:14:06+00:00\" \/>\n<meta property=\"og:image\" content=\"https:\/\/futbolhoy.co\/wp-content\/uploads\/2026\/03\/FACEBOOK-1.png\" \/>\n\t<meta property=\"og:image:width\" content=\"768\" \/>\n\t<meta property=\"og:image:height\" content=\"576\" \/>\n\t<meta property=\"og:image:type\" content=\"image\/png\" \/>\n<meta name=\"author\" content=\"contenido\" \/>\n<meta name=\"twitter:card\" content=\"summary_large_image\" \/>\n<meta name=\"twitter:creator\" content=\"@FutbolHoyCol\" \/>\n<meta name=\"twitter:site\" content=\"@FutbolHoyCol\" \/>\n<meta name=\"twitter:label1\" content=\"Escrito por\" \/>\n\t<meta name=\"twitter:data1\" content=\"contenido\" \/>\n\t<meta name=\"twitter:label2\" content=\"Tiempo de lectura\" \/>\n\t<meta name=\"twitter:data2\" content=\"2 minutos\" \/>\n<script type=\"application\/ld+json\" class=\"yoast-schema-graph\">{\"@context\":\"https:\/\/schema.org\",\"@graph\":[{\"@type\":\"Article\",\"@id\":\"https:\/\/futbolhoy.co\/index.php\/2026\/03\/08\/jhon-arias-jorge-carrascal-y-jose-enamorado-campeones-regionales-en-brasil\/#article\",\"isPartOf\":{\"@id\":\"https:\/\/futbolhoy.co\/index.php\/2026\/03\/08\/jhon-arias-jorge-carrascal-y-jose-enamorado-campeones-regionales-en-brasil\/\"},\"author\":{\"name\":\"contenido\",\"@id\":\"https:\/\/futbolhoy.co\/#\/schema\/person\/1721b69355b6623eaff15ac7b92d4cc3\"},\"headline\":\"Jhon Arias, Jorge Carrascal y Jos\u00e9 Enamorado, campeones regionales en Brasil\",\"datePublished\":\"2026-03-09T01:48:27+00:00\",\"dateModified\":\"2026-03-10T01:14:06+00:00\",\"mainEntityOfPage\":{\"@id\":\"https:\/\/futbolhoy.co\/index.php\/2026\/03\/08\/jhon-arias-jorge-carrascal-y-jose-enamorado-campeones-regionales-en-brasil\/\"},\"wordCount\":424,\"commentCount\":0,\"publisher\":{\"@id\":\"https:\/\/futbolhoy.co\/#organization\"},\"image\":{\"@id\":\"https:\/\/futbolhoy.co\/index.php\/2026\/03\/08\/jhon-arias-jorge-carrascal-y-jose-enamorado-campeones-regionales-en-brasil\/#primaryimage\"},\"thumbnailUrl\":\"https:\/\/futbolhoy.co\/wp-content\/uploads\/2026\/03\/FACEBOOK-1.png\",\"articleSection\":[\"Colombia\"],\"inLanguage\":\"es\",\"potentialAction\":[{\"@type\":\"CommentAction\",\"name\":\"Comment\",\"target\":[\"https:\/\/futbolhoy.co\/index.php\/2026\/03\/08\/jhon-arias-jorge-carrascal-y-jose-enamorado-campeones-regionales-en-brasil\/#respond\"]}]},{\"@type\":\"WebPage\",\"@id\":\"https:\/\/futbolhoy.co\/index.php\/2026\/03\/08\/jhon-arias-jorge-carrascal-y-jose-enamorado-campeones-regionales-en-brasil\/\",\"url\":\"https:\/\/futbolhoy.co\/index.php\/2026\/03\/08\/jhon-arias-jorge-carrascal-y-jose-enamorado-campeones-regionales-en-brasil\/\",\"name\":\"Jhon Arias, Jorge Carrascal y Jos\u00e9 Enamorado, campeones regionales en Brasil -\",\"isPartOf\":{\"@id\":\"https:\/\/futbolhoy.co\/#website\"},\"primaryImageOfPage\":{\"@id\":\"https:\/\/futbolhoy.co\/index.php\/2026\/03\/08\/jhon-arias-jorge-carrascal-y-jose-enamorado-campeones-regionales-en-brasil\/#primaryimage\"},\"image\":{\"@id\":\"https:\/\/futbolhoy.co\/index.php\/2026\/03\/08\/jhon-arias-jorge-carrascal-y-jose-enamorado-campeones-regionales-en-brasil\/#primaryimage\"},\"thumbnailUrl\":\"https:\/\/futbolhoy.co\/wp-content\/uploads\/2026\/03\/FACEBOOK-1.png\",\"datePublished\":\"2026-03-09T01:48:27+00:00\",\"dateModified\":\"2026-03-10T01:14:06+00:00\",\"breadcrumb\":{\"@id\":\"https:\/\/futbolhoy.co\/index.php\/2026\/03\/08\/jhon-arias-jorge-carrascal-y-jose-enamorado-campeones-regionales-en-brasil\/#breadcrumb\"},\"inLanguage\":\"es\",\"potentialAction\":[{\"@type\":\"ReadAction\",\"target\":[\"https:\/\/futbolhoy.co\/index.php\/2026\/03\/08\/jhon-arias-jorge-carrascal-y-jose-enamorado-campeones-regionales-en-brasil\/\"]}]},{\"@type\":\"ImageObject\",\"inLanguage\":\"es\",\"@id\":\"https:\/\/futbolhoy.co\/index.php\/2026\/03\/08\/jhon-arias-jorge-carrascal-y-jose-enamorado-campeones-regionales-en-brasil\/#primaryimage\",\"url\":\"https:\/\/futbolhoy.co\/wp-content\/uploads\/2026\/03\/FACEBOOK-1.png\",\"contentUrl\":\"https:\/\/futbolhoy.co\/wp-content\/uploads\/2026\/03\/FACEBOOK-1.png\",\"width\":768,\"height\":576},{\"@type\":\"BreadcrumbList\",\"@id\":\"https:\/\/futbolhoy.co\/index.php\/2026\/03\/08\/jhon-arias-jorge-carrascal-y-jose-enamorado-campeones-regionales-en-brasil\/#breadcrumb\",\"itemListElement\":[{\"@type\":\"ListItem\",\"position\":1,\"name\":\"Portada\",\"item\":\"https:\/\/futbolhoy.co\/\"},{\"@type\":\"ListItem\",\"position\":2,\"name\":\"Jhon Arias, Jorge Carrascal y Jos\u00e9 Enamorado, campeones regionales en Brasil\"}]},{\"@type\":\"WebSite\",\"@id\":\"https:\/\/futbolhoy.co\/#website\",\"url\":\"https:\/\/futbolhoy.co\/\",\"name\":\"FutbolHoy\",\"description\":\"\",\"publisher\":{\"@id\":\"https:\/\/futbolhoy.co\/#organization\"},\"potentialAction\":[{\"@type\":\"SearchAction\",\"target\":{\"@type\":\"EntryPoint\",\"urlTemplate\":\"https:\/\/futbolhoy.co\/?s={search_term_string}\"},\"query-input\":{\"@type\":\"PropertyValueSpecification\",\"valueRequired\":true,\"valueName\":\"search_term_string\"}}],\"inLanguage\":\"es\"},{\"@type\":\"Organization\",\"@id\":\"https:\/\/futbolhoy.co\/#organization\",\"name\":\"Futbolhoy.co\",\"url\":\"https:\/\/futbolhoy.co\/\",\"logo\":{\"@type\":\"ImageObject\",\"inLanguage\":\"es\",\"@id\":\"https:\/\/futbolhoy.co\/#\/schema\/logo\/image\/\",\"url\":\"https:\/\/futbolhoy.co\/wp-content\/uploads\/2018\/08\/17426380_1906371736249227_6326180412931521141_n.jpg\",\"contentUrl\":\"https:\/\/futbolhoy.co\/wp-content\/uploads\/2018\/08\/17426380_1906371736249227_6326180412931521141_n.jpg\",\"width\":960,\"height\":960,\"caption\":\"Futbolhoy.co\"},\"image\":{\"@id\":\"https:\/\/futbolhoy.co\/#\/schema\/logo\/image\/\"},\"sameAs\":[\"https:\/\/www.facebook.com\/FutbolHoyCol\/\",\"https:\/\/x.com\/FutbolHoyCol\",\"https:\/\/www.instagram.com\/futbolhoycol\/\"]},{\"@type\":\"Person\",\"@id\":\"https:\/\/futbolhoy.co\/#\/schema\/person\/1721b69355b6623eaff15ac7b92d4cc3\",\"name\":\"contenido\",\"image\":{\"@type\":\"ImageObject\",\"inLanguage\":\"es\",\"@id\":\"https:\/\/futbolhoy.co\/#\/schema\/person\/image\/\",\"url\":\"https:\/\/secure.gravatar.com\/avatar\/4f656d3256f5134f466206e7c3941518?s=96&d=mm&r=g\",\"contentUrl\":\"https:\/\/secure.gravatar.com\/avatar\/4f656d3256f5134f466206e7c3941518?s=96&d=mm&r=g\",\"caption\":\"contenido\"}}]}<\/script>\n<!-- \/ Yoast SEO plugin. -->","yoast_head_json":{"title":"Jhon Arias, Jorge Carrascal y Jos\u00e9 Enamorado, campeones regionales en Brasil -","robots":{"index":"index","follow":"follow","max-snippet":"max-snippet:-1","max-image-preview":"max-image-preview:large","max-video-preview":"max-video-preview:-1"},"canonical":"https:\/\/futbolhoy.co\/index.php\/2026\/03\/08\/jhon-arias-jorge-carrascal-y-jose-enamorado-campeones-regionales-en-brasil\/","og_locale":"es_ES","og_type":"article","og_title":"Jhon Arias, Jorge Carrascal y Jos\u00e9 Enamorado, campeones regionales en Brasil -","og_description":"Se definieron los campeones regionales en Brasil y los futbolistas colombianos destacaron en sus respectivos equipos. Palmeiras, Flamengo y Gremio de Porto Alegre fueron algunos de los clubes en brillar de la mano del talento cafetero. Palmeiras conquist\u00f3 el Paulista El Palmeiras se consagr\u00f3 campe\u00f3n del Torneo Paulista 2026, luego de vencer al modesto Novorizontino [&hellip;]","og_url":"https:\/\/futbolhoy.co\/index.php\/2026\/03\/08\/jhon-arias-jorge-carrascal-y-jose-enamorado-campeones-regionales-en-brasil\/","article_publisher":"https:\/\/www.facebook.com\/FutbolHoyCol\/","article_published_time":"2026-03-09T01:48:27+00:00","article_modified_time":"2026-03-10T01:14:06+00:00","og_image":[{"width":768,"height":576,"url":"https:\/\/futbolhoy.co\/wp-content\/uploads\/2026\/03\/FACEBOOK-1.png","type":"image\/png"}],"author":"contenido","twitter_card":"summary_large_image","twitter_creator":"@FutbolHoyCol","twitter_site":"@FutbolHoyCol","twitter_misc":{"Escrito por":"contenido","Tiempo de lectura":"2 minutos"},"schema":{"@context":"https:\/\/schema.org","@graph":[{"@type":"Article","@id":"https:\/\/futbolhoy.co\/index.php\/2026\/03\/08\/jhon-arias-jorge-carrascal-y-jose-enamorado-campeones-regionales-en-brasil\/#article","isPartOf":{"@id":"https:\/\/futbolhoy.co\/index.php\/2026\/03\/08\/jhon-arias-jorge-carrascal-y-jose-enamorado-campeones-regionales-en-brasil\/"},"author":{"name":"contenido","@id":"https:\/\/futbolhoy.co\/#\/schema\/person\/1721b69355b6623eaff15ac7b92d4cc3"},"headline":"Jhon Arias, Jorge Carrascal y Jos\u00e9 Enamorado, campeones regionales en Brasil","datePublished":"2026-03-09T01:48:27+00:00","dateModified":"2026-03-10T01:14:06+00:00","mainEntityOfPage":{"@id":"https:\/\/futbolhoy.co\/index.php\/2026\/03\/08\/jhon-arias-jorge-carrascal-y-jose-enamorado-campeones-regionales-en-brasil\/"},"wordCount":424,"commentCount":0,"publisher":{"@id":"https:\/\/futbolhoy.co\/#organization"},"image":{"@id":"https:\/\/futbolhoy.co\/index.php\/2026\/03\/08\/jhon-arias-jorge-carrascal-y-jose-enamorado-campeones-regionales-en-brasil\/#primaryimage"},"thumbnailUrl":"https:\/\/futbolhoy.co\/wp-content\/uploads\/2026\/03\/FACEBOOK-1.png","articleSection":["Colombia"],"inLanguage":"es","potentialAction":[{"@type":"CommentAction","name":"Comment","target":["https:\/\/futbolhoy.co\/index.php\/2026\/03\/08\/jhon-arias-jorge-carrascal-y-jose-enamorado-campeones-regionales-en-brasil\/#respond"]}]},{"@type":"WebPage","@id":"https:\/\/futbolhoy.co\/index.php\/2026\/03\/08\/jhon-arias-jorge-carrascal-y-jose-enamorado-campeones-regionales-en-brasil\/","url":"https:\/\/futbolhoy.co\/index.php\/2026\/03\/08\/jhon-arias-jorge-carrascal-y-jose-enamorado-campeones-regionales-en-brasil\/","name":"Jhon Arias, Jorge Carrascal y Jos\u00e9 Enamorado, campeones regionales en Brasil -","isPartOf":{"@id":"https:\/\/futbolhoy.co\/#website"},"primaryImageOfPage":{"@id":"https:\/\/futbolhoy.co\/index.php\/2026\/03\/08\/jhon-arias-jorge-carrascal-y-jose-enamorado-campeones-regionales-en-brasil\/#primaryimage"},"image":{"@id":"https:\/\/futbolhoy.co\/index.php\/2026\/03\/08\/jhon-arias-jorge-carrascal-y-jose-enamorado-campeones-regionales-en-brasil\/#primaryimage"},"thumbnailUrl":"https:\/\/futbolhoy.co\/wp-content\/uploads\/2026\/03\/FACEBOOK-1.png","datePublished":"2026-03-09T01:48:27+00:00","dateModified":"2026-03-10T01:14:06+00:00","breadcrumb":{"@id":"https:\/\/futbolhoy.co\/index.php\/2026\/03\/08\/jhon-arias-jorge-carrascal-y-jose-enamorado-campeones-regionales-en-brasil\/#breadcrumb"},"inLanguage":"es","potentialAction":[{"@type":"ReadAction","target":["https:\/\/futbolhoy.co\/index.php\/2026\/03\/08\/jhon-arias-jorge-carrascal-y-jose-enamorado-campeones-regionales-en-brasil\/"]}]},{"@type":"ImageObject","inLanguage":"es","@id":"https:\/\/futbolhoy.co\/index.php\/2026\/03\/08\/jhon-arias-jorge-carrascal-y-jose-enamorado-campeones-regionales-en-brasil\/#primaryimage","url":"https:\/\/futbolhoy.co\/wp-content\/uploads\/2026\/03\/FACEBOOK-1.png","contentUrl":"https:\/\/futbolhoy.co\/wp-content\/uploads\/2026\/03\/FACEBOOK-1.png","width":768,"height":576},{"@type":"BreadcrumbList","@id":"https:\/\/futbolhoy.co\/index.php\/2026\/03\/08\/jhon-arias-jorge-carrascal-y-jose-enamorado-campeones-regionales-en-brasil\/#breadcrumb","itemListElement":[{"@type":"ListItem","position":1,"name":"Portada","item":"https:\/\/futbolhoy.co\/"},{"@type":"ListItem","position":2,"name":"Jhon Arias, Jorge Carrascal y Jos\u00e9 Enamorado, campeones regionales en Brasil"}]},{"@type":"WebSite","@id":"https:\/\/futbolhoy.co\/#website","url":"https:\/\/futbolhoy.co\/","name":"FutbolHoy","description":"","publisher":{"@id":"https:\/\/futbolhoy.co\/#organization"},"potentialAction":[{"@type":"SearchAction","target":{"@type":"EntryPoint","urlTemplate":"https:\/\/futbolhoy.co\/?s={search_term_string}"},"query-input":{"@type":"PropertyValueSpecification","valueRequired":true,"valueName":"search_term_string"}}],"inLanguage":"es"},{"@type":"Organization","@id":"https:\/\/futbolhoy.co\/#organization","name":"Futbolhoy.co","url":"https:\/\/futbolhoy.co\/","logo":{"@type":"ImageObject","inLanguage":"es","@id":"https:\/\/futbolhoy.co\/#\/schema\/logo\/image\/","url":"https:\/\/futbolhoy.co\/wp-content\/uploads\/2018\/08\/17426380_1906371736249227_6326180412931521141_n.jpg","contentUrl":"https:\/\/futbolhoy.co\/wp-content\/uploads\/2018\/08\/17426380_1906371736249227_6326180412931521141_n.jpg","width":960,"height":960,"caption":"Futbolhoy.co"},"image":{"@id":"https:\/\/futbolhoy.co\/#\/schema\/logo\/image\/"},"sameAs":["https:\/\/www.facebook.com\/FutbolHoyCol\/","https:\/\/x.com\/FutbolHoyCol","https:\/\/www.instagram.com\/futbolhoycol\/"]},{"@type":"Person","@id":"https:\/\/futbolhoy.co\/#\/schema\/person\/1721b69355b6623eaff15ac7b92d4cc3","name":"contenido","image":{"@type":"ImageObject","inLanguage":"es","@id":"https:\/\/futbolhoy.co\/#\/schema\/person\/image\/","url":"https:\/\/secure.gravatar.com\/avatar\/4f656d3256f5134f466206e7c3941518?s=96&d=mm&r=g","contentUrl":"https:\/\/secure.gravatar.com\/avatar\/4f656d3256f5134f466206e7c3941518?s=96&d=mm&r=g","caption":"contenido"}}]}},"publishpress_future_action":{"enabled":false,"date":"2026-05-03 16:03:49","action":"change-status","newStatus":"draft","terms":[],"taxonomy":"category","extraData":[]},"publishpress_future_workflow_manual_trigger":{"enabledWorkflows":[]},"_links":{"self":[{"href":"https:\/\/futbolhoy.co\/index.php\/wp-json\/wp\/v2\/posts\/130125","targetHints":{"allow":["GET"]}}],"collection":[{"href":"https:\/\/futbolhoy.co\/index.php\/wp-json\/wp\/v2\/posts"}],"about":[{"href":"https:\/\/futbolhoy.co\/index.php\/wp-json\/wp\/v2\/types\/post"}],"author":[{"embeddable":true,"href":"https:\/\/futbolhoy.co\/index.php\/wp-json\/wp\/v2\/users\/4"}],"replies":[{"embeddable":true,"href":"https:\/\/futbolhoy.co\/index.php\/wp-json\/wp\/v2\/comments?post=130125"}],"version-history":[{"count":1,"href":"https:\/\/futbolhoy.co\/index.php\/wp-json\/wp\/v2\/posts\/130125\/revisions"}],"predecessor-version":[{"id":130128,"href":"https:\/\/futbolhoy.co\/index.php\/wp-json\/wp\/v2\/posts\/130125\/revisions\/130128"}],"wp:featuredmedia":[{"embeddable":true,"href":"https:\/\/futbolhoy.co\/index.php\/wp-json\/wp\/v2\/media\/130127"}],"wp:attachment":[{"href":"https:\/\/futbolhoy.co\/index.php\/wp-json\/wp\/v2\/media?parent=130125"}],"wp:term":[{"taxonomy":"category","embeddable":true,"href":"https:\/\/futbolhoy.co\/index.php\/wp-json\/wp\/v2\/categories?post=130125"},{"taxonomy":"post_tag","embeddable":true,"href":"https:\/\/futbolhoy.co\/index.php\/wp-json\/wp\/v2\/tags?post=130125"}],"curies":[{"name":"wp","href":"https:\/\/api.w.org\/{rel}","templated":true}]}}