{"id":130144,"date":"2026-03-09T11:36:58","date_gmt":"2026-03-09T16:36:58","guid":{"rendered":"https:\/\/futbolhoy.co\/?p=130144"},"modified":"2026-03-10T07:23:35","modified_gmt":"2026-03-10T12:23:35","slug":"croacia-presento-lista-de-convocados-para-amistoso-contra-colombia-rumbo-al-mundial","status":"publish","type":"post","link":"https:\/\/futbolhoy.co\/index.php\/2026\/03\/09\/croacia-presento-lista-de-convocados-para-amistoso-contra-colombia-rumbo-al-mundial\/","title":{"rendered":"Croacia present\u00f3 lista de convocados para amistoso contra Colombia rumbo al Mundial"},"content":{"rendered":"<p style=\"text-align: justify;\"><span style=\"font-family: helvetica, arial, sans-serif;\">La <strong>Selecci\u00f3n Colombia<\/strong> tendr\u00e1 un reto importante en la doble fecha FIFA de marzo una vez se enfrente ante <strong>Croacia y Francia<\/strong> en amistosos camino al Mundial 2026.<\/span><\/p>\n<p style=\"text-align: justify;\"><span style=\"font-family: helvetica, arial, sans-serif;\">Ante el cuadro croata el juego ser\u00e1 el viernes 27 de marzo en el <strong>Camping World Stadium de Orlando<\/strong>, Florida. El duelo frente a Francia tendr\u00e1 lugar el domingo 29 del mismo mes.<\/span><\/p>\n<p style=\"text-align: justify;\"><span style=\"font-family: helvetica, arial, sans-serif;\">Ser\u00e1 la primera vez que Colombia se mida ante Croacia, <strong>selecci\u00f3n que ocupa actualmente el d\u00e9cimo puesto en el Rankig FIFA<\/strong>. El t\u00e9cnico del cuadro europeo, Zlatko Dalic, valor\u00f3 a la Tricolor.<\/span><\/p>\n<p style=\"text-align: justify;\"><span style=\"font-family: helvetica, arial, sans-serif;\">\u201cColombia derrot\u00f3 a Brasil y Argentina en las eliminatorias y termin\u00f3 el grupo con la misma cantidad de puntos que Brasil,<strong> lo que habla por s\u00ed solo de la fuerza de este equipo\u201d<\/strong>, dijo sobre el cuadro nacional.<\/span><\/p>\n<p style=\"text-align: justify;\"><span style=\"font-family: helvetica, arial, sans-serif;\">El entrenador croata present\u00f3 la lista de 26 jugadores citados para la doble fecha, en la que tambi\u00e9n se medir\u00e1n contra Brasil. El equipo es liderado por <strong>Luka Modric, Nikola Vlasic, Andrej Kramaric,<\/strong> entre otros.<\/span><\/p>\n<p style=\"text-align: justify;\"><span style=\"font-family: helvetica, arial, sans-serif;\"><strong>Porteros:<\/strong> Dominik Livakovi\u0107, Dominik Kotarski, Ivor Pandur<\/span><\/p>\n<p style=\"text-align: justify;\"><span style=\"font-family: helvetica, arial, sans-serif;\"><strong>Defensores:<\/strong> Duje \u0106aleta-Car, Josip \u0160utalo, Josip Stani\u0161i\u0107, Marin Pongra\u010di\u0107, Kristijan Jaki\u0107, Martin Erli\u0107, Luka Vu\u0161kovi\u0107, Ivan Smol\u010di\u0107<\/span><\/p>\n<p style=\"text-align: justify;\"><span style=\"font-family: helvetica, arial, sans-serif;\"><strong>Volantes<\/strong>: Luka Modric, Mario Pasalic, Nikola Vlasic, Lovro Majer, Luka Sucic, Martin Baturina, Petar Sucic, Nikola Moro, Toni Fruk<\/span><\/p>\n<p style=\"text-align: justify;\"><span style=\"font-family: helvetica, arial, sans-serif;\"><strong>Delanteros:<\/strong> Ivan Perisic, Andrej Kramaric, Ante Budimir, Marco Pasalic, Petar Musa, Igor Matanovic<\/span><\/p>\n<blockquote class=\"twitter-tweet\">\n<p dir=\"ltr\" lang=\"en\">\ud83d\udc65 Here is <a href=\"https:\/\/twitter.com\/hashtag\/Croatia?src=hash&amp;ref_src=twsrc%5Etfw\">#Croatia<\/a> squad for the upcoming March friendlies against <a href=\"https:\/\/twitter.com\/FCFSeleccionCol?ref_src=twsrc%5Etfw\">@FCFSeleccionCol<\/a> and <a href=\"https:\/\/twitter.com\/CBF_Futebol?ref_src=twsrc%5Etfw\">@CBF_Futebol<\/a> in Orlando, with the <a href=\"https:\/\/twitter.com\/FIFAWorldCup?ref_src=twsrc%5Etfw\">@FIFAWorldCup<\/a> only three months away! \ud83c\udded\ud83c\uddf7\ud83d\ude4c<a href=\"https:\/\/twitter.com\/hashtag\/HrabarBroj?src=hash&amp;ref_src=twsrc%5Etfw\">#HrabarBroj<\/a> <a href=\"https:\/\/twitter.com\/hashtag\/Family?src=hash&amp;ref_src=twsrc%5Etfw\">#Family<\/a> <a href=\"https:\/\/twitter.com\/hashtag\/Vatreni?src=hash&amp;ref_src=twsrc%5Etfw\">#Vatreni<\/a>\u2764\ufe0f\u200d\ud83d\udd25 <a href=\"https:\/\/t.co\/iZgraWpK3r\">pic.twitter.com\/iZgraWpK3r<\/a><\/p>\n<p>\u2014 HNS (@HNS_CFF) <a href=\"https:\/\/twitter.com\/HNS_CFF\/status\/2030961971680465341?ref_src=twsrc%5Etfw\">March 9, 2026<\/a><\/p><\/blockquote>\n<p><script async src=\"https:\/\/platform.twitter.com\/widgets.js\" charset=\"utf-8\"><\/script><\/p>\n","protected":false},"excerpt":{"rendered":"<p>La Selecci\u00f3n Colombia tendr\u00e1 un reto importante en la doble fecha FIFA de marzo una vez se enfrente ante Croacia y Francia en amistosos camino al Mundial 2026. Ante el cuadro croata el juego ser\u00e1 el viernes 27 de marzo en el Camping World Stadium de Orlando, Florida. El duelo frente a Francia tendr\u00e1 lugar [&hellip;]<\/p>\n","protected":false},"author":4,"featured_media":130147,"comment_status":"open","ping_status":"open","sticky":false,"template":"","format":"standard","meta":{"_acf_changed":false,"footnotes":""},"categories":[152],"tags":[],"class_list":{"0":"post-130144","1":"post","2":"type-post","3":"status-publish","4":"format-standard","5":"has-post-thumbnail","7":"category-mundo-futbol"},"acf":[],"yoast_head":"<!-- This site is optimized with the Yoast SEO plugin v26.8 - https:\/\/yoast.com\/product\/yoast-seo-wordpress\/ -->\n<title>Croacia present\u00f3 lista de convocados para amistoso contra Colombia rumbo al Mundial -<\/title>\n<meta name=\"robots\" content=\"index, follow, max-snippet:-1, max-image-preview:large, max-video-preview:-1\" \/>\n<link rel=\"canonical\" href=\"https:\/\/futbolhoy.co\/index.php\/2026\/03\/09\/croacia-presento-lista-de-convocados-para-amistoso-contra-colombia-rumbo-al-mundial\/\" \/>\n<meta property=\"og:locale\" content=\"es_ES\" \/>\n<meta property=\"og:type\" content=\"article\" \/>\n<meta property=\"og:title\" content=\"Croacia present\u00f3 lista de convocados para amistoso contra Colombia rumbo al Mundial -\" \/>\n<meta property=\"og:description\" content=\"La Selecci\u00f3n Colombia tendr\u00e1 un reto importante en la doble fecha FIFA de marzo una vez se enfrente ante Croacia y Francia en amistosos camino al Mundial 2026. Ante el cuadro croata el juego ser\u00e1 el viernes 27 de marzo en el Camping World Stadium de Orlando, Florida. El duelo frente a Francia tendr\u00e1 lugar [&hellip;]\" \/>\n<meta property=\"og:url\" content=\"https:\/\/futbolhoy.co\/index.php\/2026\/03\/09\/croacia-presento-lista-de-convocados-para-amistoso-contra-colombia-rumbo-al-mundial\/\" \/>\n<meta property=\"article:publisher\" content=\"https:\/\/www.facebook.com\/FutbolHoyCol\/\" \/>\n<meta property=\"article:published_time\" content=\"2026-03-09T16:36:58+00:00\" \/>\n<meta property=\"article:modified_time\" content=\"2026-03-10T12:23:35+00:00\" \/>\n<meta property=\"og:image\" content=\"https:\/\/futbolhoy.co\/wp-content\/uploads\/2026\/03\/WhatsApp-Image-2026-03-09-at-11.30.43-1.jpeg\" \/>\n\t<meta property=\"og:image:width\" content=\"1600\" \/>\n\t<meta property=\"og:image:height\" content=\"1107\" \/>\n\t<meta property=\"og:image:type\" content=\"image\/jpeg\" \/>\n<meta name=\"author\" content=\"contenido\" \/>\n<meta name=\"twitter:card\" content=\"summary_large_image\" \/>\n<meta name=\"twitter:creator\" content=\"@FutbolHoyCol\" \/>\n<meta name=\"twitter:site\" content=\"@FutbolHoyCol\" \/>\n<meta name=\"twitter:label1\" content=\"Escrito por\" \/>\n\t<meta name=\"twitter:data1\" content=\"contenido\" \/>\n\t<meta name=\"twitter:label2\" content=\"Tiempo de lectura\" \/>\n\t<meta name=\"twitter:data2\" content=\"1 minuto\" \/>\n<script type=\"application\/ld+json\" class=\"yoast-schema-graph\">{\"@context\":\"https:\/\/schema.org\",\"@graph\":[{\"@type\":\"Article\",\"@id\":\"https:\/\/futbolhoy.co\/index.php\/2026\/03\/09\/croacia-presento-lista-de-convocados-para-amistoso-contra-colombia-rumbo-al-mundial\/#article\",\"isPartOf\":{\"@id\":\"https:\/\/futbolhoy.co\/index.php\/2026\/03\/09\/croacia-presento-lista-de-convocados-para-amistoso-contra-colombia-rumbo-al-mundial\/\"},\"author\":{\"name\":\"contenido\",\"@id\":\"https:\/\/futbolhoy.co\/#\/schema\/person\/1721b69355b6623eaff15ac7b92d4cc3\"},\"headline\":\"Croacia present\u00f3 lista de convocados para amistoso contra Colombia rumbo al Mundial\",\"datePublished\":\"2026-03-09T16:36:58+00:00\",\"dateModified\":\"2026-03-10T12:23:35+00:00\",\"mainEntityOfPage\":{\"@id\":\"https:\/\/futbolhoy.co\/index.php\/2026\/03\/09\/croacia-presento-lista-de-convocados-para-amistoso-contra-colombia-rumbo-al-mundial\/\"},\"wordCount\":275,\"commentCount\":0,\"publisher\":{\"@id\":\"https:\/\/futbolhoy.co\/#organization\"},\"image\":{\"@id\":\"https:\/\/futbolhoy.co\/index.php\/2026\/03\/09\/croacia-presento-lista-de-convocados-para-amistoso-contra-colombia-rumbo-al-mundial\/#primaryimage\"},\"thumbnailUrl\":\"https:\/\/futbolhoy.co\/wp-content\/uploads\/2026\/03\/WhatsApp-Image-2026-03-09-at-11.30.43-1.jpeg\",\"articleSection\":[\"Mundo Futbol\"],\"inLanguage\":\"es\",\"potentialAction\":[{\"@type\":\"CommentAction\",\"name\":\"Comment\",\"target\":[\"https:\/\/futbolhoy.co\/index.php\/2026\/03\/09\/croacia-presento-lista-de-convocados-para-amistoso-contra-colombia-rumbo-al-mundial\/#respond\"]}]},{\"@type\":\"WebPage\",\"@id\":\"https:\/\/futbolhoy.co\/index.php\/2026\/03\/09\/croacia-presento-lista-de-convocados-para-amistoso-contra-colombia-rumbo-al-mundial\/\",\"url\":\"https:\/\/futbolhoy.co\/index.php\/2026\/03\/09\/croacia-presento-lista-de-convocados-para-amistoso-contra-colombia-rumbo-al-mundial\/\",\"name\":\"Croacia present\u00f3 lista de convocados para amistoso contra Colombia rumbo al Mundial -\",\"isPartOf\":{\"@id\":\"https:\/\/futbolhoy.co\/#website\"},\"primaryImageOfPage\":{\"@id\":\"https:\/\/futbolhoy.co\/index.php\/2026\/03\/09\/croacia-presento-lista-de-convocados-para-amistoso-contra-colombia-rumbo-al-mundial\/#primaryimage\"},\"image\":{\"@id\":\"https:\/\/futbolhoy.co\/index.php\/2026\/03\/09\/croacia-presento-lista-de-convocados-para-amistoso-contra-colombia-rumbo-al-mundial\/#primaryimage\"},\"thumbnailUrl\":\"https:\/\/futbolhoy.co\/wp-content\/uploads\/2026\/03\/WhatsApp-Image-2026-03-09-at-11.30.43-1.jpeg\",\"datePublished\":\"2026-03-09T16:36:58+00:00\",\"dateModified\":\"2026-03-10T12:23:35+00:00\",\"breadcrumb\":{\"@id\":\"https:\/\/futbolhoy.co\/index.php\/2026\/03\/09\/croacia-presento-lista-de-convocados-para-amistoso-contra-colombia-rumbo-al-mundial\/#breadcrumb\"},\"inLanguage\":\"es\",\"potentialAction\":[{\"@type\":\"ReadAction\",\"target\":[\"https:\/\/futbolhoy.co\/index.php\/2026\/03\/09\/croacia-presento-lista-de-convocados-para-amistoso-contra-colombia-rumbo-al-mundial\/\"]}]},{\"@type\":\"ImageObject\",\"inLanguage\":\"es\",\"@id\":\"https:\/\/futbolhoy.co\/index.php\/2026\/03\/09\/croacia-presento-lista-de-convocados-para-amistoso-contra-colombia-rumbo-al-mundial\/#primaryimage\",\"url\":\"https:\/\/futbolhoy.co\/wp-content\/uploads\/2026\/03\/WhatsApp-Image-2026-03-09-at-11.30.43-1.jpeg\",\"contentUrl\":\"https:\/\/futbolhoy.co\/wp-content\/uploads\/2026\/03\/WhatsApp-Image-2026-03-09-at-11.30.43-1.jpeg\",\"width\":1600,\"height\":1107},{\"@type\":\"BreadcrumbList\",\"@id\":\"https:\/\/futbolhoy.co\/index.php\/2026\/03\/09\/croacia-presento-lista-de-convocados-para-amistoso-contra-colombia-rumbo-al-mundial\/#breadcrumb\",\"itemListElement\":[{\"@type\":\"ListItem\",\"position\":1,\"name\":\"Portada\",\"item\":\"https:\/\/futbolhoy.co\/\"},{\"@type\":\"ListItem\",\"position\":2,\"name\":\"Croacia present\u00f3 lista de convocados para amistoso contra Colombia rumbo al Mundial\"}]},{\"@type\":\"WebSite\",\"@id\":\"https:\/\/futbolhoy.co\/#website\",\"url\":\"https:\/\/futbolhoy.co\/\",\"name\":\"FutbolHoy\",\"description\":\"\",\"publisher\":{\"@id\":\"https:\/\/futbolhoy.co\/#organization\"},\"potentialAction\":[{\"@type\":\"SearchAction\",\"target\":{\"@type\":\"EntryPoint\",\"urlTemplate\":\"https:\/\/futbolhoy.co\/?s={search_term_string}\"},\"query-input\":{\"@type\":\"PropertyValueSpecification\",\"valueRequired\":true,\"valueName\":\"search_term_string\"}}],\"inLanguage\":\"es\"},{\"@type\":\"Organization\",\"@id\":\"https:\/\/futbolhoy.co\/#organization\",\"name\":\"Futbolhoy.co\",\"url\":\"https:\/\/futbolhoy.co\/\",\"logo\":{\"@type\":\"ImageObject\",\"inLanguage\":\"es\",\"@id\":\"https:\/\/futbolhoy.co\/#\/schema\/logo\/image\/\",\"url\":\"https:\/\/futbolhoy.co\/wp-content\/uploads\/2018\/08\/17426380_1906371736249227_6326180412931521141_n.jpg\",\"contentUrl\":\"https:\/\/futbolhoy.co\/wp-content\/uploads\/2018\/08\/17426380_1906371736249227_6326180412931521141_n.jpg\",\"width\":960,\"height\":960,\"caption\":\"Futbolhoy.co\"},\"image\":{\"@id\":\"https:\/\/futbolhoy.co\/#\/schema\/logo\/image\/\"},\"sameAs\":[\"https:\/\/www.facebook.com\/FutbolHoyCol\/\",\"https:\/\/x.com\/FutbolHoyCol\",\"https:\/\/www.instagram.com\/futbolhoycol\/\"]},{\"@type\":\"Person\",\"@id\":\"https:\/\/futbolhoy.co\/#\/schema\/person\/1721b69355b6623eaff15ac7b92d4cc3\",\"name\":\"contenido\",\"image\":{\"@type\":\"ImageObject\",\"inLanguage\":\"es\",\"@id\":\"https:\/\/futbolhoy.co\/#\/schema\/person\/image\/\",\"url\":\"https:\/\/secure.gravatar.com\/avatar\/4f656d3256f5134f466206e7c3941518?s=96&d=mm&r=g\",\"contentUrl\":\"https:\/\/secure.gravatar.com\/avatar\/4f656d3256f5134f466206e7c3941518?s=96&d=mm&r=g\",\"caption\":\"contenido\"}}]}<\/script>\n<!-- \/ Yoast SEO plugin. -->","yoast_head_json":{"title":"Croacia present\u00f3 lista de convocados para amistoso contra Colombia rumbo al Mundial -","robots":{"index":"index","follow":"follow","max-snippet":"max-snippet:-1","max-image-preview":"max-image-preview:large","max-video-preview":"max-video-preview:-1"},"canonical":"https:\/\/futbolhoy.co\/index.php\/2026\/03\/09\/croacia-presento-lista-de-convocados-para-amistoso-contra-colombia-rumbo-al-mundial\/","og_locale":"es_ES","og_type":"article","og_title":"Croacia present\u00f3 lista de convocados para amistoso contra Colombia rumbo al Mundial -","og_description":"La Selecci\u00f3n Colombia tendr\u00e1 un reto importante en la doble fecha FIFA de marzo una vez se enfrente ante Croacia y Francia en amistosos camino al Mundial 2026. Ante el cuadro croata el juego ser\u00e1 el viernes 27 de marzo en el Camping World Stadium de Orlando, Florida. El duelo frente a Francia tendr\u00e1 lugar [&hellip;]","og_url":"https:\/\/futbolhoy.co\/index.php\/2026\/03\/09\/croacia-presento-lista-de-convocados-para-amistoso-contra-colombia-rumbo-al-mundial\/","article_publisher":"https:\/\/www.facebook.com\/FutbolHoyCol\/","article_published_time":"2026-03-09T16:36:58+00:00","article_modified_time":"2026-03-10T12:23:35+00:00","og_image":[{"width":1600,"height":1107,"url":"https:\/\/futbolhoy.co\/wp-content\/uploads\/2026\/03\/WhatsApp-Image-2026-03-09-at-11.30.43-1.jpeg","type":"image\/jpeg"}],"author":"contenido","twitter_card":"summary_large_image","twitter_creator":"@FutbolHoyCol","twitter_site":"@FutbolHoyCol","twitter_misc":{"Escrito por":"contenido","Tiempo de lectura":"1 minuto"},"schema":{"@context":"https:\/\/schema.org","@graph":[{"@type":"Article","@id":"https:\/\/futbolhoy.co\/index.php\/2026\/03\/09\/croacia-presento-lista-de-convocados-para-amistoso-contra-colombia-rumbo-al-mundial\/#article","isPartOf":{"@id":"https:\/\/futbolhoy.co\/index.php\/2026\/03\/09\/croacia-presento-lista-de-convocados-para-amistoso-contra-colombia-rumbo-al-mundial\/"},"author":{"name":"contenido","@id":"https:\/\/futbolhoy.co\/#\/schema\/person\/1721b69355b6623eaff15ac7b92d4cc3"},"headline":"Croacia present\u00f3 lista de convocados para amistoso contra Colombia rumbo al Mundial","datePublished":"2026-03-09T16:36:58+00:00","dateModified":"2026-03-10T12:23:35+00:00","mainEntityOfPage":{"@id":"https:\/\/futbolhoy.co\/index.php\/2026\/03\/09\/croacia-presento-lista-de-convocados-para-amistoso-contra-colombia-rumbo-al-mundial\/"},"wordCount":275,"commentCount":0,"publisher":{"@id":"https:\/\/futbolhoy.co\/#organization"},"image":{"@id":"https:\/\/futbolhoy.co\/index.php\/2026\/03\/09\/croacia-presento-lista-de-convocados-para-amistoso-contra-colombia-rumbo-al-mundial\/#primaryimage"},"thumbnailUrl":"https:\/\/futbolhoy.co\/wp-content\/uploads\/2026\/03\/WhatsApp-Image-2026-03-09-at-11.30.43-1.jpeg","articleSection":["Mundo Futbol"],"inLanguage":"es","potentialAction":[{"@type":"CommentAction","name":"Comment","target":["https:\/\/futbolhoy.co\/index.php\/2026\/03\/09\/croacia-presento-lista-de-convocados-para-amistoso-contra-colombia-rumbo-al-mundial\/#respond"]}]},{"@type":"WebPage","@id":"https:\/\/futbolhoy.co\/index.php\/2026\/03\/09\/croacia-presento-lista-de-convocados-para-amistoso-contra-colombia-rumbo-al-mundial\/","url":"https:\/\/futbolhoy.co\/index.php\/2026\/03\/09\/croacia-presento-lista-de-convocados-para-amistoso-contra-colombia-rumbo-al-mundial\/","name":"Croacia present\u00f3 lista de convocados para amistoso contra Colombia rumbo al Mundial -","isPartOf":{"@id":"https:\/\/futbolhoy.co\/#website"},"primaryImageOfPage":{"@id":"https:\/\/futbolhoy.co\/index.php\/2026\/03\/09\/croacia-presento-lista-de-convocados-para-amistoso-contra-colombia-rumbo-al-mundial\/#primaryimage"},"image":{"@id":"https:\/\/futbolhoy.co\/index.php\/2026\/03\/09\/croacia-presento-lista-de-convocados-para-amistoso-contra-colombia-rumbo-al-mundial\/#primaryimage"},"thumbnailUrl":"https:\/\/futbolhoy.co\/wp-content\/uploads\/2026\/03\/WhatsApp-Image-2026-03-09-at-11.30.43-1.jpeg","datePublished":"2026-03-09T16:36:58+00:00","dateModified":"2026-03-10T12:23:35+00:00","breadcrumb":{"@id":"https:\/\/futbolhoy.co\/index.php\/2026\/03\/09\/croacia-presento-lista-de-convocados-para-amistoso-contra-colombia-rumbo-al-mundial\/#breadcrumb"},"inLanguage":"es","potentialAction":[{"@type":"ReadAction","target":["https:\/\/futbolhoy.co\/index.php\/2026\/03\/09\/croacia-presento-lista-de-convocados-para-amistoso-contra-colombia-rumbo-al-mundial\/"]}]},{"@type":"ImageObject","inLanguage":"es","@id":"https:\/\/futbolhoy.co\/index.php\/2026\/03\/09\/croacia-presento-lista-de-convocados-para-amistoso-contra-colombia-rumbo-al-mundial\/#primaryimage","url":"https:\/\/futbolhoy.co\/wp-content\/uploads\/2026\/03\/WhatsApp-Image-2026-03-09-at-11.30.43-1.jpeg","contentUrl":"https:\/\/futbolhoy.co\/wp-content\/uploads\/2026\/03\/WhatsApp-Image-2026-03-09-at-11.30.43-1.jpeg","width":1600,"height":1107},{"@type":"BreadcrumbList","@id":"https:\/\/futbolhoy.co\/index.php\/2026\/03\/09\/croacia-presento-lista-de-convocados-para-amistoso-contra-colombia-rumbo-al-mundial\/#breadcrumb","itemListElement":[{"@type":"ListItem","position":1,"name":"Portada","item":"https:\/\/futbolhoy.co\/"},{"@type":"ListItem","position":2,"name":"Croacia present\u00f3 lista de convocados para amistoso contra Colombia rumbo al Mundial"}]},{"@type":"WebSite","@id":"https:\/\/futbolhoy.co\/#website","url":"https:\/\/futbolhoy.co\/","name":"FutbolHoy","description":"","publisher":{"@id":"https:\/\/futbolhoy.co\/#organization"},"potentialAction":[{"@type":"SearchAction","target":{"@type":"EntryPoint","urlTemplate":"https:\/\/futbolhoy.co\/?s={search_term_string}"},"query-input":{"@type":"PropertyValueSpecification","valueRequired":true,"valueName":"search_term_string"}}],"inLanguage":"es"},{"@type":"Organization","@id":"https:\/\/futbolhoy.co\/#organization","name":"Futbolhoy.co","url":"https:\/\/futbolhoy.co\/","logo":{"@type":"ImageObject","inLanguage":"es","@id":"https:\/\/futbolhoy.co\/#\/schema\/logo\/image\/","url":"https:\/\/futbolhoy.co\/wp-content\/uploads\/2018\/08\/17426380_1906371736249227_6326180412931521141_n.jpg","contentUrl":"https:\/\/futbolhoy.co\/wp-content\/uploads\/2018\/08\/17426380_1906371736249227_6326180412931521141_n.jpg","width":960,"height":960,"caption":"Futbolhoy.co"},"image":{"@id":"https:\/\/futbolhoy.co\/#\/schema\/logo\/image\/"},"sameAs":["https:\/\/www.facebook.com\/FutbolHoyCol\/","https:\/\/x.com\/FutbolHoyCol","https:\/\/www.instagram.com\/futbolhoycol\/"]},{"@type":"Person","@id":"https:\/\/futbolhoy.co\/#\/schema\/person\/1721b69355b6623eaff15ac7b92d4cc3","name":"contenido","image":{"@type":"ImageObject","inLanguage":"es","@id":"https:\/\/futbolhoy.co\/#\/schema\/person\/image\/","url":"https:\/\/secure.gravatar.com\/avatar\/4f656d3256f5134f466206e7c3941518?s=96&d=mm&r=g","contentUrl":"https:\/\/secure.gravatar.com\/avatar\/4f656d3256f5134f466206e7c3941518?s=96&d=mm&r=g","caption":"contenido"}}]}},"publishpress_future_action":{"enabled":false,"date":"2026-05-03 10:41:10","action":"change-status","newStatus":"draft","terms":[],"taxonomy":"category","extraData":[]},"publishpress_future_workflow_manual_trigger":{"enabledWorkflows":[]},"_links":{"self":[{"href":"https:\/\/futbolhoy.co\/index.php\/wp-json\/wp\/v2\/posts\/130144","targetHints":{"allow":["GET"]}}],"collection":[{"href":"https:\/\/futbolhoy.co\/index.php\/wp-json\/wp\/v2\/posts"}],"about":[{"href":"https:\/\/futbolhoy.co\/index.php\/wp-json\/wp\/v2\/types\/post"}],"author":[{"embeddable":true,"href":"https:\/\/futbolhoy.co\/index.php\/wp-json\/wp\/v2\/users\/4"}],"replies":[{"embeddable":true,"href":"https:\/\/futbolhoy.co\/index.php\/wp-json\/wp\/v2\/comments?post=130144"}],"version-history":[{"count":1,"href":"https:\/\/futbolhoy.co\/index.php\/wp-json\/wp\/v2\/posts\/130144\/revisions"}],"predecessor-version":[{"id":130146,"href":"https:\/\/futbolhoy.co\/index.php\/wp-json\/wp\/v2\/posts\/130144\/revisions\/130146"}],"wp:featuredmedia":[{"embeddable":true,"href":"https:\/\/futbolhoy.co\/index.php\/wp-json\/wp\/v2\/media\/130147"}],"wp:attachment":[{"href":"https:\/\/futbolhoy.co\/index.php\/wp-json\/wp\/v2\/media?parent=130144"}],"wp:term":[{"taxonomy":"category","embeddable":true,"href":"https:\/\/futbolhoy.co\/index.php\/wp-json\/wp\/v2\/categories?post=130144"},{"taxonomy":"post_tag","embeddable":true,"href":"https:\/\/futbolhoy.co\/index.php\/wp-json\/wp\/v2\/tags?post=130144"}],"curies":[{"name":"wp","href":"https:\/\/api.w.org\/{rel}","templated":true}]}}