{"id":130149,"date":"2026-03-09T06:42:29","date_gmt":"2026-03-09T11:42:29","guid":{"rendered":"https:\/\/futbolhoy.co\/?p=130149"},"modified":"2026-03-09T22:30:32","modified_gmt":"2026-03-10T03:30:32","slug":"real-madrid-se-ilusiona-con-mbappe-lo-ultimo-sobre-la-lesion-del-frances","status":"publish","type":"post","link":"https:\/\/futbolhoy.co\/index.php\/2026\/03\/09\/real-madrid-se-ilusiona-con-mbappe-lo-ultimo-sobre-la-lesion-del-frances\/","title":{"rendered":"Real Madrid se ilusiona con Mbapp\u00e9: lo \u00faltimo sobre la lesi\u00f3n del franc\u00e9s"},"content":{"rendered":"<p style=\"text-align: justify;\"><span style=\"font-family: helvetica, arial, sans-serif;\"><strong>Kylian Mbapp\u00e9<\/strong> regres\u00f3 a la <strong>Ciudad Real Madrid Valdebebas<\/strong> luego de una semana en <strong>Par\u00eds,<\/strong> en donde estuvo trat\u00e1ndose con especialistas, bajo la supervisi\u00f3n de preparadores del club, de su lesi\u00f3n en la rodilla izquierda, la cual le har\u00e1 perderse el partido de ida de octavos de final de<strong> Champions League<\/strong> ante <strong>Manchester City.<\/strong><\/span><\/p>\n<p style=\"text-align: justify;\"><span style=\"font-family: helvetica, arial, sans-serif;\">El proceso de recuperaci\u00f3n del esguince de rodilla contin\u00faa ahora en Valdebebas, tras volver el domingo de Par\u00eds y que este lunes le llev\u00f3 a realizar trabajos de gimnasio y sobre el terreno de juego, pero en solitario.<\/span><\/p>\n<p style=\"text-align: justify;\"><span style=\"font-family: helvetica, arial, sans-serif;\">Su retorno, a\u00fan dependiendo de las sensaciones del futbolista, apunta a ser m\u00e1s posible en la vuelta contra el Manchester City del pr\u00f3ximo martes 17 de marzo. <\/span><\/p>\n<p style=\"text-align: justify;\"><span style=\"font-family: helvetica, arial, sans-serif;\">Sin \u00c1lvaro Carreras, Mbapp\u00e9 ni otros cinco lesionados <strong>(David Alaba, Jude Bellingham, Dani Ceballos, \u00c9der Militao y Rodrygo Goes)<\/strong>, y con <strong>Antonio R\u00fcdiger<\/strong> recuperado de sus molestias, el equipo merengue recibir\u00e1 al City este mi\u00e9rcoles desde las 3:00 PM, en una de las llaves m\u00e1s atractivas de la fase.<\/span><\/p>\n","protected":false},"excerpt":{"rendered":"<p>Kylian Mbapp\u00e9 regres\u00f3 a la Ciudad Real Madrid Valdebebas luego de una semana en Par\u00eds, en donde estuvo trat\u00e1ndose con especialistas, bajo la supervisi\u00f3n de preparadores del club, de su lesi\u00f3n en la rodilla izquierda, la cual le har\u00e1 perderse el partido de ida de octavos de final de Champions League ante Manchester City. El [&hellip;]<\/p>\n","protected":false},"author":4,"featured_media":124017,"comment_status":"open","ping_status":"open","sticky":false,"template":"","format":"standard","meta":{"_acf_changed":false,"footnotes":""},"categories":[152],"tags":[],"class_list":{"0":"post-130149","1":"post","2":"type-post","3":"status-publish","4":"format-standard","5":"has-post-thumbnail","7":"category-mundo-futbol"},"acf":[],"yoast_head":"<!-- This site is optimized with the Yoast SEO plugin v26.8 - https:\/\/yoast.com\/product\/yoast-seo-wordpress\/ -->\n<title>Real Madrid se ilusiona con Mbapp\u00e9: lo \u00faltimo sobre la lesi\u00f3n del franc\u00e9s -<\/title>\n<meta name=\"robots\" content=\"index, follow, max-snippet:-1, max-image-preview:large, max-video-preview:-1\" \/>\n<link rel=\"canonical\" href=\"https:\/\/futbolhoy.co\/index.php\/2026\/03\/09\/real-madrid-se-ilusiona-con-mbappe-lo-ultimo-sobre-la-lesion-del-frances\/\" \/>\n<meta property=\"og:locale\" content=\"es_ES\" \/>\n<meta property=\"og:type\" content=\"article\" \/>\n<meta property=\"og:title\" content=\"Real Madrid se ilusiona con Mbapp\u00e9: lo \u00faltimo sobre la lesi\u00f3n del franc\u00e9s -\" \/>\n<meta property=\"og:description\" content=\"Kylian Mbapp\u00e9 regres\u00f3 a la Ciudad Real Madrid Valdebebas luego de una semana en Par\u00eds, en donde estuvo trat\u00e1ndose con especialistas, bajo la supervisi\u00f3n de preparadores del club, de su lesi\u00f3n en la rodilla izquierda, la cual le har\u00e1 perderse el partido de ida de octavos de final de Champions League ante Manchester City. El [&hellip;]\" \/>\n<meta property=\"og:url\" content=\"https:\/\/futbolhoy.co\/index.php\/2026\/03\/09\/real-madrid-se-ilusiona-con-mbappe-lo-ultimo-sobre-la-lesion-del-frances\/\" \/>\n<meta property=\"article:publisher\" content=\"https:\/\/www.facebook.com\/FutbolHoyCol\/\" \/>\n<meta property=\"article:published_time\" content=\"2026-03-09T11:42:29+00:00\" \/>\n<meta property=\"article:modified_time\" content=\"2026-03-10T03:30:32+00:00\" \/>\n<meta property=\"og:image\" content=\"https:\/\/futbolhoy.co\/wp-content\/uploads\/2025\/09\/WhatsApp-Image-2025-09-30-at-1.40.15-PM.jpeg\" \/>\n\t<meta property=\"og:image:width\" content=\"787\" \/>\n\t<meta property=\"og:image:height\" content=\"557\" \/>\n\t<meta property=\"og:image:type\" content=\"image\/jpeg\" \/>\n<meta name=\"author\" content=\"contenido\" \/>\n<meta name=\"twitter:card\" content=\"summary_large_image\" \/>\n<meta name=\"twitter:creator\" content=\"@FutbolHoyCol\" \/>\n<meta name=\"twitter:site\" content=\"@FutbolHoyCol\" \/>\n<meta name=\"twitter:label1\" content=\"Escrito por\" \/>\n\t<meta name=\"twitter:data1\" content=\"contenido\" \/>\n\t<meta name=\"twitter:label2\" content=\"Tiempo de lectura\" \/>\n\t<meta name=\"twitter:data2\" content=\"1 minuto\" \/>\n<script type=\"application\/ld+json\" class=\"yoast-schema-graph\">{\"@context\":\"https:\/\/schema.org\",\"@graph\":[{\"@type\":\"Article\",\"@id\":\"https:\/\/futbolhoy.co\/index.php\/2026\/03\/09\/real-madrid-se-ilusiona-con-mbappe-lo-ultimo-sobre-la-lesion-del-frances\/#article\",\"isPartOf\":{\"@id\":\"https:\/\/futbolhoy.co\/index.php\/2026\/03\/09\/real-madrid-se-ilusiona-con-mbappe-lo-ultimo-sobre-la-lesion-del-frances\/\"},\"author\":{\"name\":\"contenido\",\"@id\":\"https:\/\/futbolhoy.co\/#\/schema\/person\/1721b69355b6623eaff15ac7b92d4cc3\"},\"headline\":\"Real Madrid se ilusiona con Mbapp\u00e9: lo \u00faltimo sobre la lesi\u00f3n del franc\u00e9s\",\"datePublished\":\"2026-03-09T11:42:29+00:00\",\"dateModified\":\"2026-03-10T03:30:32+00:00\",\"mainEntityOfPage\":{\"@id\":\"https:\/\/futbolhoy.co\/index.php\/2026\/03\/09\/real-madrid-se-ilusiona-con-mbappe-lo-ultimo-sobre-la-lesion-del-frances\/\"},\"wordCount\":194,\"commentCount\":0,\"publisher\":{\"@id\":\"https:\/\/futbolhoy.co\/#organization\"},\"image\":{\"@id\":\"https:\/\/futbolhoy.co\/index.php\/2026\/03\/09\/real-madrid-se-ilusiona-con-mbappe-lo-ultimo-sobre-la-lesion-del-frances\/#primaryimage\"},\"thumbnailUrl\":\"https:\/\/futbolhoy.co\/wp-content\/uploads\/2025\/09\/WhatsApp-Image-2025-09-30-at-1.40.15-PM.jpeg\",\"articleSection\":[\"Mundo Futbol\"],\"inLanguage\":\"es\",\"potentialAction\":[{\"@type\":\"CommentAction\",\"name\":\"Comment\",\"target\":[\"https:\/\/futbolhoy.co\/index.php\/2026\/03\/09\/real-madrid-se-ilusiona-con-mbappe-lo-ultimo-sobre-la-lesion-del-frances\/#respond\"]}]},{\"@type\":\"WebPage\",\"@id\":\"https:\/\/futbolhoy.co\/index.php\/2026\/03\/09\/real-madrid-se-ilusiona-con-mbappe-lo-ultimo-sobre-la-lesion-del-frances\/\",\"url\":\"https:\/\/futbolhoy.co\/index.php\/2026\/03\/09\/real-madrid-se-ilusiona-con-mbappe-lo-ultimo-sobre-la-lesion-del-frances\/\",\"name\":\"Real Madrid se ilusiona con Mbapp\u00e9: lo \u00faltimo sobre la lesi\u00f3n del franc\u00e9s -\",\"isPartOf\":{\"@id\":\"https:\/\/futbolhoy.co\/#website\"},\"primaryImageOfPage\":{\"@id\":\"https:\/\/futbolhoy.co\/index.php\/2026\/03\/09\/real-madrid-se-ilusiona-con-mbappe-lo-ultimo-sobre-la-lesion-del-frances\/#primaryimage\"},\"image\":{\"@id\":\"https:\/\/futbolhoy.co\/index.php\/2026\/03\/09\/real-madrid-se-ilusiona-con-mbappe-lo-ultimo-sobre-la-lesion-del-frances\/#primaryimage\"},\"thumbnailUrl\":\"https:\/\/futbolhoy.co\/wp-content\/uploads\/2025\/09\/WhatsApp-Image-2025-09-30-at-1.40.15-PM.jpeg\",\"datePublished\":\"2026-03-09T11:42:29+00:00\",\"dateModified\":\"2026-03-10T03:30:32+00:00\",\"breadcrumb\":{\"@id\":\"https:\/\/futbolhoy.co\/index.php\/2026\/03\/09\/real-madrid-se-ilusiona-con-mbappe-lo-ultimo-sobre-la-lesion-del-frances\/#breadcrumb\"},\"inLanguage\":\"es\",\"potentialAction\":[{\"@type\":\"ReadAction\",\"target\":[\"https:\/\/futbolhoy.co\/index.php\/2026\/03\/09\/real-madrid-se-ilusiona-con-mbappe-lo-ultimo-sobre-la-lesion-del-frances\/\"]}]},{\"@type\":\"ImageObject\",\"inLanguage\":\"es\",\"@id\":\"https:\/\/futbolhoy.co\/index.php\/2026\/03\/09\/real-madrid-se-ilusiona-con-mbappe-lo-ultimo-sobre-la-lesion-del-frances\/#primaryimage\",\"url\":\"https:\/\/futbolhoy.co\/wp-content\/uploads\/2025\/09\/WhatsApp-Image-2025-09-30-at-1.40.15-PM.jpeg\",\"contentUrl\":\"https:\/\/futbolhoy.co\/wp-content\/uploads\/2025\/09\/WhatsApp-Image-2025-09-30-at-1.40.15-PM.jpeg\",\"width\":787,\"height\":557},{\"@type\":\"BreadcrumbList\",\"@id\":\"https:\/\/futbolhoy.co\/index.php\/2026\/03\/09\/real-madrid-se-ilusiona-con-mbappe-lo-ultimo-sobre-la-lesion-del-frances\/#breadcrumb\",\"itemListElement\":[{\"@type\":\"ListItem\",\"position\":1,\"name\":\"Portada\",\"item\":\"https:\/\/futbolhoy.co\/\"},{\"@type\":\"ListItem\",\"position\":2,\"name\":\"Real Madrid se ilusiona con Mbapp\u00e9: lo \u00faltimo sobre la lesi\u00f3n del franc\u00e9s\"}]},{\"@type\":\"WebSite\",\"@id\":\"https:\/\/futbolhoy.co\/#website\",\"url\":\"https:\/\/futbolhoy.co\/\",\"name\":\"FutbolHoy\",\"description\":\"\",\"publisher\":{\"@id\":\"https:\/\/futbolhoy.co\/#organization\"},\"potentialAction\":[{\"@type\":\"SearchAction\",\"target\":{\"@type\":\"EntryPoint\",\"urlTemplate\":\"https:\/\/futbolhoy.co\/?s={search_term_string}\"},\"query-input\":{\"@type\":\"PropertyValueSpecification\",\"valueRequired\":true,\"valueName\":\"search_term_string\"}}],\"inLanguage\":\"es\"},{\"@type\":\"Organization\",\"@id\":\"https:\/\/futbolhoy.co\/#organization\",\"name\":\"Futbolhoy.co\",\"url\":\"https:\/\/futbolhoy.co\/\",\"logo\":{\"@type\":\"ImageObject\",\"inLanguage\":\"es\",\"@id\":\"https:\/\/futbolhoy.co\/#\/schema\/logo\/image\/\",\"url\":\"https:\/\/futbolhoy.co\/wp-content\/uploads\/2018\/08\/17426380_1906371736249227_6326180412931521141_n.jpg\",\"contentUrl\":\"https:\/\/futbolhoy.co\/wp-content\/uploads\/2018\/08\/17426380_1906371736249227_6326180412931521141_n.jpg\",\"width\":960,\"height\":960,\"caption\":\"Futbolhoy.co\"},\"image\":{\"@id\":\"https:\/\/futbolhoy.co\/#\/schema\/logo\/image\/\"},\"sameAs\":[\"https:\/\/www.facebook.com\/FutbolHoyCol\/\",\"https:\/\/x.com\/FutbolHoyCol\",\"https:\/\/www.instagram.com\/futbolhoycol\/\"]},{\"@type\":\"Person\",\"@id\":\"https:\/\/futbolhoy.co\/#\/schema\/person\/1721b69355b6623eaff15ac7b92d4cc3\",\"name\":\"contenido\",\"image\":{\"@type\":\"ImageObject\",\"inLanguage\":\"es\",\"@id\":\"https:\/\/futbolhoy.co\/#\/schema\/person\/image\/\",\"url\":\"https:\/\/secure.gravatar.com\/avatar\/4f656d3256f5134f466206e7c3941518?s=96&d=mm&r=g\",\"contentUrl\":\"https:\/\/secure.gravatar.com\/avatar\/4f656d3256f5134f466206e7c3941518?s=96&d=mm&r=g\",\"caption\":\"contenido\"}}]}<\/script>\n<!-- \/ Yoast SEO plugin. -->","yoast_head_json":{"title":"Real Madrid se ilusiona con Mbapp\u00e9: lo \u00faltimo sobre la lesi\u00f3n del franc\u00e9s -","robots":{"index":"index","follow":"follow","max-snippet":"max-snippet:-1","max-image-preview":"max-image-preview:large","max-video-preview":"max-video-preview:-1"},"canonical":"https:\/\/futbolhoy.co\/index.php\/2026\/03\/09\/real-madrid-se-ilusiona-con-mbappe-lo-ultimo-sobre-la-lesion-del-frances\/","og_locale":"es_ES","og_type":"article","og_title":"Real Madrid se ilusiona con Mbapp\u00e9: lo \u00faltimo sobre la lesi\u00f3n del franc\u00e9s -","og_description":"Kylian Mbapp\u00e9 regres\u00f3 a la Ciudad Real Madrid Valdebebas luego de una semana en Par\u00eds, en donde estuvo trat\u00e1ndose con especialistas, bajo la supervisi\u00f3n de preparadores del club, de su lesi\u00f3n en la rodilla izquierda, la cual le har\u00e1 perderse el partido de ida de octavos de final de Champions League ante Manchester City. El [&hellip;]","og_url":"https:\/\/futbolhoy.co\/index.php\/2026\/03\/09\/real-madrid-se-ilusiona-con-mbappe-lo-ultimo-sobre-la-lesion-del-frances\/","article_publisher":"https:\/\/www.facebook.com\/FutbolHoyCol\/","article_published_time":"2026-03-09T11:42:29+00:00","article_modified_time":"2026-03-10T03:30:32+00:00","og_image":[{"width":787,"height":557,"url":"https:\/\/futbolhoy.co\/wp-content\/uploads\/2025\/09\/WhatsApp-Image-2025-09-30-at-1.40.15-PM.jpeg","type":"image\/jpeg"}],"author":"contenido","twitter_card":"summary_large_image","twitter_creator":"@FutbolHoyCol","twitter_site":"@FutbolHoyCol","twitter_misc":{"Escrito por":"contenido","Tiempo de lectura":"1 minuto"},"schema":{"@context":"https:\/\/schema.org","@graph":[{"@type":"Article","@id":"https:\/\/futbolhoy.co\/index.php\/2026\/03\/09\/real-madrid-se-ilusiona-con-mbappe-lo-ultimo-sobre-la-lesion-del-frances\/#article","isPartOf":{"@id":"https:\/\/futbolhoy.co\/index.php\/2026\/03\/09\/real-madrid-se-ilusiona-con-mbappe-lo-ultimo-sobre-la-lesion-del-frances\/"},"author":{"name":"contenido","@id":"https:\/\/futbolhoy.co\/#\/schema\/person\/1721b69355b6623eaff15ac7b92d4cc3"},"headline":"Real Madrid se ilusiona con Mbapp\u00e9: lo \u00faltimo sobre la lesi\u00f3n del franc\u00e9s","datePublished":"2026-03-09T11:42:29+00:00","dateModified":"2026-03-10T03:30:32+00:00","mainEntityOfPage":{"@id":"https:\/\/futbolhoy.co\/index.php\/2026\/03\/09\/real-madrid-se-ilusiona-con-mbappe-lo-ultimo-sobre-la-lesion-del-frances\/"},"wordCount":194,"commentCount":0,"publisher":{"@id":"https:\/\/futbolhoy.co\/#organization"},"image":{"@id":"https:\/\/futbolhoy.co\/index.php\/2026\/03\/09\/real-madrid-se-ilusiona-con-mbappe-lo-ultimo-sobre-la-lesion-del-frances\/#primaryimage"},"thumbnailUrl":"https:\/\/futbolhoy.co\/wp-content\/uploads\/2025\/09\/WhatsApp-Image-2025-09-30-at-1.40.15-PM.jpeg","articleSection":["Mundo Futbol"],"inLanguage":"es","potentialAction":[{"@type":"CommentAction","name":"Comment","target":["https:\/\/futbolhoy.co\/index.php\/2026\/03\/09\/real-madrid-se-ilusiona-con-mbappe-lo-ultimo-sobre-la-lesion-del-frances\/#respond"]}]},{"@type":"WebPage","@id":"https:\/\/futbolhoy.co\/index.php\/2026\/03\/09\/real-madrid-se-ilusiona-con-mbappe-lo-ultimo-sobre-la-lesion-del-frances\/","url":"https:\/\/futbolhoy.co\/index.php\/2026\/03\/09\/real-madrid-se-ilusiona-con-mbappe-lo-ultimo-sobre-la-lesion-del-frances\/","name":"Real Madrid se ilusiona con Mbapp\u00e9: lo \u00faltimo sobre la lesi\u00f3n del franc\u00e9s -","isPartOf":{"@id":"https:\/\/futbolhoy.co\/#website"},"primaryImageOfPage":{"@id":"https:\/\/futbolhoy.co\/index.php\/2026\/03\/09\/real-madrid-se-ilusiona-con-mbappe-lo-ultimo-sobre-la-lesion-del-frances\/#primaryimage"},"image":{"@id":"https:\/\/futbolhoy.co\/index.php\/2026\/03\/09\/real-madrid-se-ilusiona-con-mbappe-lo-ultimo-sobre-la-lesion-del-frances\/#primaryimage"},"thumbnailUrl":"https:\/\/futbolhoy.co\/wp-content\/uploads\/2025\/09\/WhatsApp-Image-2025-09-30-at-1.40.15-PM.jpeg","datePublished":"2026-03-09T11:42:29+00:00","dateModified":"2026-03-10T03:30:32+00:00","breadcrumb":{"@id":"https:\/\/futbolhoy.co\/index.php\/2026\/03\/09\/real-madrid-se-ilusiona-con-mbappe-lo-ultimo-sobre-la-lesion-del-frances\/#breadcrumb"},"inLanguage":"es","potentialAction":[{"@type":"ReadAction","target":["https:\/\/futbolhoy.co\/index.php\/2026\/03\/09\/real-madrid-se-ilusiona-con-mbappe-lo-ultimo-sobre-la-lesion-del-frances\/"]}]},{"@type":"ImageObject","inLanguage":"es","@id":"https:\/\/futbolhoy.co\/index.php\/2026\/03\/09\/real-madrid-se-ilusiona-con-mbappe-lo-ultimo-sobre-la-lesion-del-frances\/#primaryimage","url":"https:\/\/futbolhoy.co\/wp-content\/uploads\/2025\/09\/WhatsApp-Image-2025-09-30-at-1.40.15-PM.jpeg","contentUrl":"https:\/\/futbolhoy.co\/wp-content\/uploads\/2025\/09\/WhatsApp-Image-2025-09-30-at-1.40.15-PM.jpeg","width":787,"height":557},{"@type":"BreadcrumbList","@id":"https:\/\/futbolhoy.co\/index.php\/2026\/03\/09\/real-madrid-se-ilusiona-con-mbappe-lo-ultimo-sobre-la-lesion-del-frances\/#breadcrumb","itemListElement":[{"@type":"ListItem","position":1,"name":"Portada","item":"https:\/\/futbolhoy.co\/"},{"@type":"ListItem","position":2,"name":"Real Madrid se ilusiona con Mbapp\u00e9: lo \u00faltimo sobre la lesi\u00f3n del franc\u00e9s"}]},{"@type":"WebSite","@id":"https:\/\/futbolhoy.co\/#website","url":"https:\/\/futbolhoy.co\/","name":"FutbolHoy","description":"","publisher":{"@id":"https:\/\/futbolhoy.co\/#organization"},"potentialAction":[{"@type":"SearchAction","target":{"@type":"EntryPoint","urlTemplate":"https:\/\/futbolhoy.co\/?s={search_term_string}"},"query-input":{"@type":"PropertyValueSpecification","valueRequired":true,"valueName":"search_term_string"}}],"inLanguage":"es"},{"@type":"Organization","@id":"https:\/\/futbolhoy.co\/#organization","name":"Futbolhoy.co","url":"https:\/\/futbolhoy.co\/","logo":{"@type":"ImageObject","inLanguage":"es","@id":"https:\/\/futbolhoy.co\/#\/schema\/logo\/image\/","url":"https:\/\/futbolhoy.co\/wp-content\/uploads\/2018\/08\/17426380_1906371736249227_6326180412931521141_n.jpg","contentUrl":"https:\/\/futbolhoy.co\/wp-content\/uploads\/2018\/08\/17426380_1906371736249227_6326180412931521141_n.jpg","width":960,"height":960,"caption":"Futbolhoy.co"},"image":{"@id":"https:\/\/futbolhoy.co\/#\/schema\/logo\/image\/"},"sameAs":["https:\/\/www.facebook.com\/FutbolHoyCol\/","https:\/\/x.com\/FutbolHoyCol","https:\/\/www.instagram.com\/futbolhoycol\/"]},{"@type":"Person","@id":"https:\/\/futbolhoy.co\/#\/schema\/person\/1721b69355b6623eaff15ac7b92d4cc3","name":"contenido","image":{"@type":"ImageObject","inLanguage":"es","@id":"https:\/\/futbolhoy.co\/#\/schema\/person\/image\/","url":"https:\/\/secure.gravatar.com\/avatar\/4f656d3256f5134f466206e7c3941518?s=96&d=mm&r=g","contentUrl":"https:\/\/secure.gravatar.com\/avatar\/4f656d3256f5134f466206e7c3941518?s=96&d=mm&r=g","caption":"contenido"}}]}},"publishpress_future_action":{"enabled":false,"date":"2026-05-03 11:45:54","action":"change-status","newStatus":"draft","terms":[],"taxonomy":"category","extraData":[]},"publishpress_future_workflow_manual_trigger":{"enabledWorkflows":[]},"_links":{"self":[{"href":"https:\/\/futbolhoy.co\/index.php\/wp-json\/wp\/v2\/posts\/130149","targetHints":{"allow":["GET"]}}],"collection":[{"href":"https:\/\/futbolhoy.co\/index.php\/wp-json\/wp\/v2\/posts"}],"about":[{"href":"https:\/\/futbolhoy.co\/index.php\/wp-json\/wp\/v2\/types\/post"}],"author":[{"embeddable":true,"href":"https:\/\/futbolhoy.co\/index.php\/wp-json\/wp\/v2\/users\/4"}],"replies":[{"embeddable":true,"href":"https:\/\/futbolhoy.co\/index.php\/wp-json\/wp\/v2\/comments?post=130149"}],"version-history":[{"count":1,"href":"https:\/\/futbolhoy.co\/index.php\/wp-json\/wp\/v2\/posts\/130149\/revisions"}],"predecessor-version":[{"id":130150,"href":"https:\/\/futbolhoy.co\/index.php\/wp-json\/wp\/v2\/posts\/130149\/revisions\/130150"}],"wp:featuredmedia":[{"embeddable":true,"href":"https:\/\/futbolhoy.co\/index.php\/wp-json\/wp\/v2\/media\/124017"}],"wp:attachment":[{"href":"https:\/\/futbolhoy.co\/index.php\/wp-json\/wp\/v2\/media?parent=130149"}],"wp:term":[{"taxonomy":"category","embeddable":true,"href":"https:\/\/futbolhoy.co\/index.php\/wp-json\/wp\/v2\/categories?post=130149"},{"taxonomy":"post_tag","embeddable":true,"href":"https:\/\/futbolhoy.co\/index.php\/wp-json\/wp\/v2\/tags?post=130149"}],"curies":[{"name":"wp","href":"https:\/\/api.w.org\/{rel}","templated":true}]}}