{"id":130154,"date":"2026-03-09T18:34:40","date_gmt":"2026-03-09T23:34:40","guid":{"rendered":"https:\/\/futbolhoy.co\/?p=130154"},"modified":"2026-03-10T17:14:05","modified_gmt":"2026-03-10T22:14:05","slug":"deportivo-cali-anuncia-el-regreso-de-rafael-dudamel","status":"publish","type":"post","link":"https:\/\/futbolhoy.co\/index.php\/2026\/03\/09\/deportivo-cali-anuncia-el-regreso-de-rafael-dudamel\/","title":{"rendered":"Deportivo Cali anuncia el regreso de Rafael Dudamel"},"content":{"rendered":"<p style=\"text-align: justify;\"><span style=\"font-family: helvetica, arial, sans-serif;\"><strong>Deportivo Cali anunci\u00f3 el regreso del entrenador venezolano Rafael Dudamel<\/strong>, quien llega a la instituci\u00f3n en reemplazo de Alberto Gamero. A trav\u00e9s de un comunicado divulgado en redes sociales, <strong>el club confirm\u00f3 el \"principio de acuerdo\"<\/strong> con el estratega que sali\u00f3 campe\u00f3n en 2021.<\/span><\/p>\n<p class=\"p1\" style=\"text-align: justify;\"><span style=\"font-family: helvetica, arial, sans-serif;\">\"El Club Profesional Deportivo Cali S.A. informa a su hinchada, a los medios de comunicaci\u00f3n y a la opini\u00f3n p\u00fablica que <strong>ha alcanzado un principio de acuerdo con Rafael Dudamel para asumir como nuevo director t\u00e9cnico<\/strong> de nuestro equipo profesional\", se detalla en el texto.<\/span><\/p>\n<p style=\"text-align: justify;\"><span style=\"font-family: helvetica, arial, sans-serif;\">Junto a Dudamel llegan a integrar el cuerpo t\u00e9cnico <strong>Marcos Mathias y Juli\u00e1n Barrag\u00e1n<\/strong> como ayudantes de campo, <strong>Joseph Ca\u00f1as<\/strong> como preparador fisico,<strong> Frank Romario<\/strong> como analista t\u00e1ctico, <strong>Christian Rayo<\/strong> como preparador de porteros y<strong> Jerem\u00edas Alvarez<\/strong> como coach mental.<\/span><\/p>\n<p class=\"p1\" style=\"text-align: justify;\"><span style=\"font-family: helvetica, arial, sans-serif;\">En cuanto a la llegada de Dudamel, se explica: \"Un hombre de f\u00fatbol con amplia trayectoria, experiencia internacional y un recorrido de pergaminos tanto en calidad de jugador como de entrenador, <strong>hace parte del proceso de reconstrucci\u00f3n deportiva e institucional que adelanta el club<\/strong>, orientado a fortalecer el proyecto deportivo y a consolidar un equipo competitivo que est\u00e9 a la altura de la historia y la grandeza de nuestra instituci\u00f3n\".<\/span><\/p>\n<p class=\"p1\" style=\"text-align: justify;\"><span style=\"font-family: helvetica, arial, sans-serif;\">Y concluye: \"<strong>Su liderazgo, conocimiento del juego y v\u00ednculo hist\u00f3rico con el Deportivo Cali representan un valor importante para el presente del equipo<\/strong> y para el camino que la instituci\u00f3n ha decidido construir\".<\/span><\/p>\n","protected":false},"excerpt":{"rendered":"<p>Deportivo Cali anunci\u00f3 el regreso del entrenador venezolano Rafael Dudamel, quien llega a la instituci\u00f3n en reemplazo de Alberto Gamero. A trav\u00e9s de un comunicado divulgado en redes sociales, el club confirm\u00f3 el \"principio de acuerdo\" con el estratega que sali\u00f3 campe\u00f3n en 2021. \"El Club Profesional Deportivo Cali S.A. informa a su hinchada, a [&hellip;]<\/p>\n","protected":false},"author":4,"featured_media":130155,"comment_status":"open","ping_status":"open","sticky":false,"template":"","format":"standard","meta":{"_acf_changed":false,"footnotes":""},"categories":[8],"tags":[],"class_list":{"0":"post-130154","1":"post","2":"type-post","3":"status-publish","4":"format-standard","5":"has-post-thumbnail","7":"category-liga-femenina"},"acf":[],"yoast_head":"<!-- This site is optimized with the Yoast SEO plugin v26.8 - https:\/\/yoast.com\/product\/yoast-seo-wordpress\/ -->\n<title>Deportivo Cali anuncia el regreso de Rafael Dudamel -<\/title>\n<meta name=\"robots\" content=\"index, follow, max-snippet:-1, max-image-preview:large, max-video-preview:-1\" \/>\n<link rel=\"canonical\" href=\"https:\/\/futbolhoy.co\/index.php\/2026\/03\/09\/deportivo-cali-anuncia-el-regreso-de-rafael-dudamel\/\" \/>\n<meta property=\"og:locale\" content=\"es_ES\" \/>\n<meta property=\"og:type\" content=\"article\" \/>\n<meta property=\"og:title\" content=\"Deportivo Cali anuncia el regreso de Rafael Dudamel -\" \/>\n<meta property=\"og:description\" content=\"Deportivo Cali anunci\u00f3 el regreso del entrenador venezolano Rafael Dudamel, quien llega a la instituci\u00f3n en reemplazo de Alberto Gamero. A trav\u00e9s de un comunicado divulgado en redes sociales, el club confirm\u00f3 el &quot;principio de acuerdo&quot; con el estratega que sali\u00f3 campe\u00f3n en 2021. &quot;El Club Profesional Deportivo Cali S.A. informa a su hinchada, a [&hellip;]\" \/>\n<meta property=\"og:url\" content=\"https:\/\/futbolhoy.co\/index.php\/2026\/03\/09\/deportivo-cali-anuncia-el-regreso-de-rafael-dudamel\/\" \/>\n<meta property=\"article:publisher\" content=\"https:\/\/www.facebook.com\/FutbolHoyCol\/\" \/>\n<meta property=\"article:published_time\" content=\"2026-03-09T23:34:40+00:00\" \/>\n<meta property=\"article:modified_time\" content=\"2026-03-10T22:14:05+00:00\" \/>\n<meta property=\"og:image\" content=\"https:\/\/futbolhoy.co\/wp-content\/uploads\/2026\/03\/dudamel.webp\" \/>\n\t<meta property=\"og:image:width\" content=\"640\" \/>\n\t<meta property=\"og:image:height\" content=\"360\" \/>\n\t<meta property=\"og:image:type\" content=\"image\/webp\" \/>\n<meta name=\"author\" content=\"contenido\" \/>\n<meta name=\"twitter:card\" content=\"summary_large_image\" \/>\n<meta name=\"twitter:creator\" content=\"@FutbolHoyCol\" \/>\n<meta name=\"twitter:site\" content=\"@FutbolHoyCol\" \/>\n<meta name=\"twitter:label1\" content=\"Escrito por\" \/>\n\t<meta name=\"twitter:data1\" content=\"contenido\" \/>\n\t<meta name=\"twitter:label2\" content=\"Tiempo de lectura\" \/>\n\t<meta name=\"twitter:data2\" content=\"1 minuto\" \/>\n<script type=\"application\/ld+json\" class=\"yoast-schema-graph\">{\"@context\":\"https:\/\/schema.org\",\"@graph\":[{\"@type\":\"Article\",\"@id\":\"https:\/\/futbolhoy.co\/index.php\/2026\/03\/09\/deportivo-cali-anuncia-el-regreso-de-rafael-dudamel\/#article\",\"isPartOf\":{\"@id\":\"https:\/\/futbolhoy.co\/index.php\/2026\/03\/09\/deportivo-cali-anuncia-el-regreso-de-rafael-dudamel\/\"},\"author\":{\"name\":\"contenido\",\"@id\":\"https:\/\/futbolhoy.co\/#\/schema\/person\/1721b69355b6623eaff15ac7b92d4cc3\"},\"headline\":\"Deportivo Cali anuncia el regreso de Rafael Dudamel\",\"datePublished\":\"2026-03-09T23:34:40+00:00\",\"dateModified\":\"2026-03-10T22:14:05+00:00\",\"mainEntityOfPage\":{\"@id\":\"https:\/\/futbolhoy.co\/index.php\/2026\/03\/09\/deportivo-cali-anuncia-el-regreso-de-rafael-dudamel\/\"},\"wordCount\":259,\"commentCount\":0,\"publisher\":{\"@id\":\"https:\/\/futbolhoy.co\/#organization\"},\"image\":{\"@id\":\"https:\/\/futbolhoy.co\/index.php\/2026\/03\/09\/deportivo-cali-anuncia-el-regreso-de-rafael-dudamel\/#primaryimage\"},\"thumbnailUrl\":\"https:\/\/futbolhoy.co\/wp-content\/uploads\/2026\/03\/dudamel.webp\",\"articleSection\":[\"Liga Femenina\"],\"inLanguage\":\"es\",\"potentialAction\":[{\"@type\":\"CommentAction\",\"name\":\"Comment\",\"target\":[\"https:\/\/futbolhoy.co\/index.php\/2026\/03\/09\/deportivo-cali-anuncia-el-regreso-de-rafael-dudamel\/#respond\"]}]},{\"@type\":\"WebPage\",\"@id\":\"https:\/\/futbolhoy.co\/index.php\/2026\/03\/09\/deportivo-cali-anuncia-el-regreso-de-rafael-dudamel\/\",\"url\":\"https:\/\/futbolhoy.co\/index.php\/2026\/03\/09\/deportivo-cali-anuncia-el-regreso-de-rafael-dudamel\/\",\"name\":\"Deportivo Cali anuncia el regreso de Rafael Dudamel -\",\"isPartOf\":{\"@id\":\"https:\/\/futbolhoy.co\/#website\"},\"primaryImageOfPage\":{\"@id\":\"https:\/\/futbolhoy.co\/index.php\/2026\/03\/09\/deportivo-cali-anuncia-el-regreso-de-rafael-dudamel\/#primaryimage\"},\"image\":{\"@id\":\"https:\/\/futbolhoy.co\/index.php\/2026\/03\/09\/deportivo-cali-anuncia-el-regreso-de-rafael-dudamel\/#primaryimage\"},\"thumbnailUrl\":\"https:\/\/futbolhoy.co\/wp-content\/uploads\/2026\/03\/dudamel.webp\",\"datePublished\":\"2026-03-09T23:34:40+00:00\",\"dateModified\":\"2026-03-10T22:14:05+00:00\",\"breadcrumb\":{\"@id\":\"https:\/\/futbolhoy.co\/index.php\/2026\/03\/09\/deportivo-cali-anuncia-el-regreso-de-rafael-dudamel\/#breadcrumb\"},\"inLanguage\":\"es\",\"potentialAction\":[{\"@type\":\"ReadAction\",\"target\":[\"https:\/\/futbolhoy.co\/index.php\/2026\/03\/09\/deportivo-cali-anuncia-el-regreso-de-rafael-dudamel\/\"]}]},{\"@type\":\"ImageObject\",\"inLanguage\":\"es\",\"@id\":\"https:\/\/futbolhoy.co\/index.php\/2026\/03\/09\/deportivo-cali-anuncia-el-regreso-de-rafael-dudamel\/#primaryimage\",\"url\":\"https:\/\/futbolhoy.co\/wp-content\/uploads\/2026\/03\/dudamel.webp\",\"contentUrl\":\"https:\/\/futbolhoy.co\/wp-content\/uploads\/2026\/03\/dudamel.webp\",\"width\":640,\"height\":360},{\"@type\":\"BreadcrumbList\",\"@id\":\"https:\/\/futbolhoy.co\/index.php\/2026\/03\/09\/deportivo-cali-anuncia-el-regreso-de-rafael-dudamel\/#breadcrumb\",\"itemListElement\":[{\"@type\":\"ListItem\",\"position\":1,\"name\":\"Portada\",\"item\":\"https:\/\/futbolhoy.co\/\"},{\"@type\":\"ListItem\",\"position\":2,\"name\":\"Deportivo Cali anuncia el regreso de Rafael Dudamel\"}]},{\"@type\":\"WebSite\",\"@id\":\"https:\/\/futbolhoy.co\/#website\",\"url\":\"https:\/\/futbolhoy.co\/\",\"name\":\"FutbolHoy\",\"description\":\"\",\"publisher\":{\"@id\":\"https:\/\/futbolhoy.co\/#organization\"},\"potentialAction\":[{\"@type\":\"SearchAction\",\"target\":{\"@type\":\"EntryPoint\",\"urlTemplate\":\"https:\/\/futbolhoy.co\/?s={search_term_string}\"},\"query-input\":{\"@type\":\"PropertyValueSpecification\",\"valueRequired\":true,\"valueName\":\"search_term_string\"}}],\"inLanguage\":\"es\"},{\"@type\":\"Organization\",\"@id\":\"https:\/\/futbolhoy.co\/#organization\",\"name\":\"Futbolhoy.co\",\"url\":\"https:\/\/futbolhoy.co\/\",\"logo\":{\"@type\":\"ImageObject\",\"inLanguage\":\"es\",\"@id\":\"https:\/\/futbolhoy.co\/#\/schema\/logo\/image\/\",\"url\":\"https:\/\/futbolhoy.co\/wp-content\/uploads\/2018\/08\/17426380_1906371736249227_6326180412931521141_n.jpg\",\"contentUrl\":\"https:\/\/futbolhoy.co\/wp-content\/uploads\/2018\/08\/17426380_1906371736249227_6326180412931521141_n.jpg\",\"width\":960,\"height\":960,\"caption\":\"Futbolhoy.co\"},\"image\":{\"@id\":\"https:\/\/futbolhoy.co\/#\/schema\/logo\/image\/\"},\"sameAs\":[\"https:\/\/www.facebook.com\/FutbolHoyCol\/\",\"https:\/\/x.com\/FutbolHoyCol\",\"https:\/\/www.instagram.com\/futbolhoycol\/\"]},{\"@type\":\"Person\",\"@id\":\"https:\/\/futbolhoy.co\/#\/schema\/person\/1721b69355b6623eaff15ac7b92d4cc3\",\"name\":\"contenido\",\"image\":{\"@type\":\"ImageObject\",\"inLanguage\":\"es\",\"@id\":\"https:\/\/futbolhoy.co\/#\/schema\/person\/image\/\",\"url\":\"https:\/\/secure.gravatar.com\/avatar\/4f656d3256f5134f466206e7c3941518?s=96&d=mm&r=g\",\"contentUrl\":\"https:\/\/secure.gravatar.com\/avatar\/4f656d3256f5134f466206e7c3941518?s=96&d=mm&r=g\",\"caption\":\"contenido\"}}]}<\/script>\n<!-- \/ Yoast SEO plugin. -->","yoast_head_json":{"title":"Deportivo Cali anuncia el regreso de Rafael Dudamel -","robots":{"index":"index","follow":"follow","max-snippet":"max-snippet:-1","max-image-preview":"max-image-preview:large","max-video-preview":"max-video-preview:-1"},"canonical":"https:\/\/futbolhoy.co\/index.php\/2026\/03\/09\/deportivo-cali-anuncia-el-regreso-de-rafael-dudamel\/","og_locale":"es_ES","og_type":"article","og_title":"Deportivo Cali anuncia el regreso de Rafael Dudamel -","og_description":"Deportivo Cali anunci\u00f3 el regreso del entrenador venezolano Rafael Dudamel, quien llega a la instituci\u00f3n en reemplazo de Alberto Gamero. A trav\u00e9s de un comunicado divulgado en redes sociales, el club confirm\u00f3 el \"principio de acuerdo\" con el estratega que sali\u00f3 campe\u00f3n en 2021. \"El Club Profesional Deportivo Cali S.A. informa a su hinchada, a [&hellip;]","og_url":"https:\/\/futbolhoy.co\/index.php\/2026\/03\/09\/deportivo-cali-anuncia-el-regreso-de-rafael-dudamel\/","article_publisher":"https:\/\/www.facebook.com\/FutbolHoyCol\/","article_published_time":"2026-03-09T23:34:40+00:00","article_modified_time":"2026-03-10T22:14:05+00:00","og_image":[{"width":640,"height":360,"url":"https:\/\/futbolhoy.co\/wp-content\/uploads\/2026\/03\/dudamel.webp","type":"image\/webp"}],"author":"contenido","twitter_card":"summary_large_image","twitter_creator":"@FutbolHoyCol","twitter_site":"@FutbolHoyCol","twitter_misc":{"Escrito por":"contenido","Tiempo de lectura":"1 minuto"},"schema":{"@context":"https:\/\/schema.org","@graph":[{"@type":"Article","@id":"https:\/\/futbolhoy.co\/index.php\/2026\/03\/09\/deportivo-cali-anuncia-el-regreso-de-rafael-dudamel\/#article","isPartOf":{"@id":"https:\/\/futbolhoy.co\/index.php\/2026\/03\/09\/deportivo-cali-anuncia-el-regreso-de-rafael-dudamel\/"},"author":{"name":"contenido","@id":"https:\/\/futbolhoy.co\/#\/schema\/person\/1721b69355b6623eaff15ac7b92d4cc3"},"headline":"Deportivo Cali anuncia el regreso de Rafael Dudamel","datePublished":"2026-03-09T23:34:40+00:00","dateModified":"2026-03-10T22:14:05+00:00","mainEntityOfPage":{"@id":"https:\/\/futbolhoy.co\/index.php\/2026\/03\/09\/deportivo-cali-anuncia-el-regreso-de-rafael-dudamel\/"},"wordCount":259,"commentCount":0,"publisher":{"@id":"https:\/\/futbolhoy.co\/#organization"},"image":{"@id":"https:\/\/futbolhoy.co\/index.php\/2026\/03\/09\/deportivo-cali-anuncia-el-regreso-de-rafael-dudamel\/#primaryimage"},"thumbnailUrl":"https:\/\/futbolhoy.co\/wp-content\/uploads\/2026\/03\/dudamel.webp","articleSection":["Liga Femenina"],"inLanguage":"es","potentialAction":[{"@type":"CommentAction","name":"Comment","target":["https:\/\/futbolhoy.co\/index.php\/2026\/03\/09\/deportivo-cali-anuncia-el-regreso-de-rafael-dudamel\/#respond"]}]},{"@type":"WebPage","@id":"https:\/\/futbolhoy.co\/index.php\/2026\/03\/09\/deportivo-cali-anuncia-el-regreso-de-rafael-dudamel\/","url":"https:\/\/futbolhoy.co\/index.php\/2026\/03\/09\/deportivo-cali-anuncia-el-regreso-de-rafael-dudamel\/","name":"Deportivo Cali anuncia el regreso de Rafael Dudamel -","isPartOf":{"@id":"https:\/\/futbolhoy.co\/#website"},"primaryImageOfPage":{"@id":"https:\/\/futbolhoy.co\/index.php\/2026\/03\/09\/deportivo-cali-anuncia-el-regreso-de-rafael-dudamel\/#primaryimage"},"image":{"@id":"https:\/\/futbolhoy.co\/index.php\/2026\/03\/09\/deportivo-cali-anuncia-el-regreso-de-rafael-dudamel\/#primaryimage"},"thumbnailUrl":"https:\/\/futbolhoy.co\/wp-content\/uploads\/2026\/03\/dudamel.webp","datePublished":"2026-03-09T23:34:40+00:00","dateModified":"2026-03-10T22:14:05+00:00","breadcrumb":{"@id":"https:\/\/futbolhoy.co\/index.php\/2026\/03\/09\/deportivo-cali-anuncia-el-regreso-de-rafael-dudamel\/#breadcrumb"},"inLanguage":"es","potentialAction":[{"@type":"ReadAction","target":["https:\/\/futbolhoy.co\/index.php\/2026\/03\/09\/deportivo-cali-anuncia-el-regreso-de-rafael-dudamel\/"]}]},{"@type":"ImageObject","inLanguage":"es","@id":"https:\/\/futbolhoy.co\/index.php\/2026\/03\/09\/deportivo-cali-anuncia-el-regreso-de-rafael-dudamel\/#primaryimage","url":"https:\/\/futbolhoy.co\/wp-content\/uploads\/2026\/03\/dudamel.webp","contentUrl":"https:\/\/futbolhoy.co\/wp-content\/uploads\/2026\/03\/dudamel.webp","width":640,"height":360},{"@type":"BreadcrumbList","@id":"https:\/\/futbolhoy.co\/index.php\/2026\/03\/09\/deportivo-cali-anuncia-el-regreso-de-rafael-dudamel\/#breadcrumb","itemListElement":[{"@type":"ListItem","position":1,"name":"Portada","item":"https:\/\/futbolhoy.co\/"},{"@type":"ListItem","position":2,"name":"Deportivo Cali anuncia el regreso de Rafael Dudamel"}]},{"@type":"WebSite","@id":"https:\/\/futbolhoy.co\/#website","url":"https:\/\/futbolhoy.co\/","name":"FutbolHoy","description":"","publisher":{"@id":"https:\/\/futbolhoy.co\/#organization"},"potentialAction":[{"@type":"SearchAction","target":{"@type":"EntryPoint","urlTemplate":"https:\/\/futbolhoy.co\/?s={search_term_string}"},"query-input":{"@type":"PropertyValueSpecification","valueRequired":true,"valueName":"search_term_string"}}],"inLanguage":"es"},{"@type":"Organization","@id":"https:\/\/futbolhoy.co\/#organization","name":"Futbolhoy.co","url":"https:\/\/futbolhoy.co\/","logo":{"@type":"ImageObject","inLanguage":"es","@id":"https:\/\/futbolhoy.co\/#\/schema\/logo\/image\/","url":"https:\/\/futbolhoy.co\/wp-content\/uploads\/2018\/08\/17426380_1906371736249227_6326180412931521141_n.jpg","contentUrl":"https:\/\/futbolhoy.co\/wp-content\/uploads\/2018\/08\/17426380_1906371736249227_6326180412931521141_n.jpg","width":960,"height":960,"caption":"Futbolhoy.co"},"image":{"@id":"https:\/\/futbolhoy.co\/#\/schema\/logo\/image\/"},"sameAs":["https:\/\/www.facebook.com\/FutbolHoyCol\/","https:\/\/x.com\/FutbolHoyCol","https:\/\/www.instagram.com\/futbolhoycol\/"]},{"@type":"Person","@id":"https:\/\/futbolhoy.co\/#\/schema\/person\/1721b69355b6623eaff15ac7b92d4cc3","name":"contenido","image":{"@type":"ImageObject","inLanguage":"es","@id":"https:\/\/futbolhoy.co\/#\/schema\/person\/image\/","url":"https:\/\/secure.gravatar.com\/avatar\/4f656d3256f5134f466206e7c3941518?s=96&d=mm&r=g","contentUrl":"https:\/\/secure.gravatar.com\/avatar\/4f656d3256f5134f466206e7c3941518?s=96&d=mm&r=g","caption":"contenido"}}]}},"publishpress_future_action":{"enabled":false,"date":"2026-05-03 06:21:56","action":"change-status","newStatus":"draft","terms":[],"taxonomy":"category","extraData":[]},"publishpress_future_workflow_manual_trigger":{"enabledWorkflows":[]},"_links":{"self":[{"href":"https:\/\/futbolhoy.co\/index.php\/wp-json\/wp\/v2\/posts\/130154","targetHints":{"allow":["GET"]}}],"collection":[{"href":"https:\/\/futbolhoy.co\/index.php\/wp-json\/wp\/v2\/posts"}],"about":[{"href":"https:\/\/futbolhoy.co\/index.php\/wp-json\/wp\/v2\/types\/post"}],"author":[{"embeddable":true,"href":"https:\/\/futbolhoy.co\/index.php\/wp-json\/wp\/v2\/users\/4"}],"replies":[{"embeddable":true,"href":"https:\/\/futbolhoy.co\/index.php\/wp-json\/wp\/v2\/comments?post=130154"}],"version-history":[{"count":1,"href":"https:\/\/futbolhoy.co\/index.php\/wp-json\/wp\/v2\/posts\/130154\/revisions"}],"predecessor-version":[{"id":130156,"href":"https:\/\/futbolhoy.co\/index.php\/wp-json\/wp\/v2\/posts\/130154\/revisions\/130156"}],"wp:featuredmedia":[{"embeddable":true,"href":"https:\/\/futbolhoy.co\/index.php\/wp-json\/wp\/v2\/media\/130155"}],"wp:attachment":[{"href":"https:\/\/futbolhoy.co\/index.php\/wp-json\/wp\/v2\/media?parent=130154"}],"wp:term":[{"taxonomy":"category","embeddable":true,"href":"https:\/\/futbolhoy.co\/index.php\/wp-json\/wp\/v2\/categories?post=130154"},{"taxonomy":"post_tag","embeddable":true,"href":"https:\/\/futbolhoy.co\/index.php\/wp-json\/wp\/v2\/tags?post=130154"}],"curies":[{"name":"wp","href":"https:\/\/api.w.org\/{rel}","templated":true}]}}