{"id":130163,"date":"2026-03-10T07:23:38","date_gmt":"2026-03-10T12:23:38","guid":{"rendered":"https:\/\/futbolhoy.co\/?p=130163"},"modified":"2026-03-11T10:51:53","modified_gmt":"2026-03-11T15:51:53","slug":"fabian-bustos-revela-la-lesion-que-presenta-falcao-y-cuando-regresaria-a-las-canchas","status":"publish","type":"post","link":"https:\/\/futbolhoy.co\/index.php\/2026\/03\/10\/fabian-bustos-revela-la-lesion-que-presenta-falcao-y-cuando-regresaria-a-las-canchas\/","title":{"rendered":"Fabi\u00e1n Bustos revel\u00e1 la lesi\u00f3n que presenta Falcao y cu\u00e1ndo regresar\u00eda a las canchas"},"content":{"rendered":"<p style=\"text-align: justify;\"><span style=\"font-family: helvetica, arial, sans-serif;\">En la d\u00e9cima fecha de la Liga BetPlay 2026-I, <strong>Millonarios derrot\u00f3 2-0 al C\u00facuta Deportivo<\/strong> en El Camp\u00edn, gracias a las anotaciones de <strong>Rodrigo Contreras (56') y Beckham David Castro (85')<\/strong>. Con este resultado, el cuadro bogotano lleg\u00f3 a 14 puntos y se meti\u00f3 de lleno en la pelea por un cupo al grupo de los ocho.<\/span><\/p>\n<p style=\"text-align: justify;\"><span style=\"font-family: helvetica, arial, sans-serif;\">A pesar de la alegr\u00eda del triunfo, el t\u00e9cnico Fabi\u00e1n Bustos habl\u00f3 en conferencia de prensa sobre la <strong>situaci\u00f3n m\u00e9dica de Radamel Falcao Garc\u00eda<\/strong>, quien hab\u00eda sido convocado para el duelo de Copa Sudamericana frente al Atl\u00e9tico Nacional, pero ante C\u00facuta no fue tenido en cuenta.<\/span><\/p>\n<p style=\"text-align: justify;\"><span style=\"font-family: helvetica, arial, sans-serif;\">\"A Radamel lo necesitamos y si estuviera para jugar, seguramente estar\u00eda. Hizo un esfuerzo enorme para ponerse bien y llegar al partido del mi\u00e9rcoles pasado... En ese esfuerzo al ser tan profesional, porque quer\u00eda estar y sumar al grupo para dar minutos de calidad cuando le tocara, <b>hizo un esfuerzo y se resinit\u00f3<\/b>\u201d, declar\u00f3 inicialmente el argentino.<\/span><\/p>\n<p style=\"text-align: justify;\"><span style=\"font-family: helvetica, arial, sans-serif;\">Y complement\u00f3 al respecto: \u201cNo hay nada raro.\u00a0<b>Salieron unas im\u00e1genes en donde sali\u00f3 que tiene una peque\u00f1a distensi\u00f3n, pero no en el mismo lugar en donde tuvo la \u00faltima lesi\u00f3n<\/b>\u201d.<\/span><\/p>\n<p style=\"text-align: justify;\"><span style=\"font-family: helvetica, arial, sans-serif;\">Con lo anterior sobre la mesa, Bustos apunt\u00f3 que Falcao \"no tiene una lesi\u00f3n grande\" y mucho menos es \"complicada\", lo \u00fanico es que \"<b>seguramente no lo tendremos entre 7-10 d\u00edas<\/b>\". Es decir que se perder\u00eda el duelo de este s\u00e1bado ante Boyac\u00e1 Chic\u00f3 en Tunja y regresar\u00eda para el cl\u00e1sico ante Nacional del 17 de marzo.<\/span><\/p>\n","protected":false},"excerpt":{"rendered":"<p>En la d\u00e9cima fecha de la Liga BetPlay 2026-I, Millonarios derrot\u00f3 2-0 al C\u00facuta Deportivo en El Camp\u00edn, gracias a las anotaciones de Rodrigo Contreras (56') y Beckham David Castro (85'). Con este resultado, el cuadro bogotano lleg\u00f3 a 14 puntos y se meti\u00f3 de lleno en la pelea por un cupo al grupo de [&hellip;]<\/p>\n","protected":false},"author":4,"featured_media":130164,"comment_status":"open","ping_status":"open","sticky":false,"template":"","format":"standard","meta":{"_acf_changed":false,"footnotes":""},"categories":[7],"tags":[],"class_list":{"0":"post-130163","1":"post","2":"type-post","3":"status-publish","4":"format-standard","5":"has-post-thumbnail","7":"category-liga-betplay"},"acf":[],"yoast_head":"<!-- This site is optimized with the Yoast SEO plugin v26.8 - https:\/\/yoast.com\/product\/yoast-seo-wordpress\/ -->\n<title>Fabi\u00e1n Bustos revel\u00e1 la lesi\u00f3n que presenta Falcao y cu\u00e1ndo regresar\u00eda a las canchas -<\/title>\n<meta name=\"robots\" content=\"index, follow, max-snippet:-1, max-image-preview:large, max-video-preview:-1\" \/>\n<link rel=\"canonical\" href=\"https:\/\/futbolhoy.co\/index.php\/2026\/03\/10\/fabian-bustos-revela-la-lesion-que-presenta-falcao-y-cuando-regresaria-a-las-canchas\/\" \/>\n<meta property=\"og:locale\" content=\"es_ES\" \/>\n<meta property=\"og:type\" content=\"article\" \/>\n<meta property=\"og:title\" content=\"Fabi\u00e1n Bustos revel\u00e1 la lesi\u00f3n que presenta Falcao y cu\u00e1ndo regresar\u00eda a las canchas -\" \/>\n<meta property=\"og:description\" content=\"En la d\u00e9cima fecha de la Liga BetPlay 2026-I, Millonarios derrot\u00f3 2-0 al C\u00facuta Deportivo en El Camp\u00edn, gracias a las anotaciones de Rodrigo Contreras (56&#039;) y Beckham David Castro (85&#039;). Con este resultado, el cuadro bogotano lleg\u00f3 a 14 puntos y se meti\u00f3 de lleno en la pelea por un cupo al grupo de [&hellip;]\" \/>\n<meta property=\"og:url\" content=\"https:\/\/futbolhoy.co\/index.php\/2026\/03\/10\/fabian-bustos-revela-la-lesion-que-presenta-falcao-y-cuando-regresaria-a-las-canchas\/\" \/>\n<meta property=\"article:publisher\" content=\"https:\/\/www.facebook.com\/FutbolHoyCol\/\" \/>\n<meta property=\"article:published_time\" content=\"2026-03-10T12:23:38+00:00\" \/>\n<meta property=\"article:modified_time\" content=\"2026-03-11T15:51:53+00:00\" \/>\n<meta property=\"og:image\" content=\"https:\/\/futbolhoy.co\/wp-content\/uploads\/2026\/03\/FACEBOOK-3.png\" \/>\n\t<meta property=\"og:image:width\" content=\"768\" \/>\n\t<meta property=\"og:image:height\" content=\"576\" \/>\n\t<meta property=\"og:image:type\" content=\"image\/png\" \/>\n<meta name=\"author\" content=\"contenido\" \/>\n<meta name=\"twitter:card\" content=\"summary_large_image\" \/>\n<meta name=\"twitter:creator\" content=\"@FutbolHoyCol\" \/>\n<meta name=\"twitter:site\" content=\"@FutbolHoyCol\" \/>\n<meta name=\"twitter:label1\" content=\"Escrito por\" \/>\n\t<meta name=\"twitter:data1\" content=\"contenido\" \/>\n\t<meta name=\"twitter:label2\" content=\"Tiempo de lectura\" \/>\n\t<meta name=\"twitter:data2\" content=\"1 minuto\" \/>\n<script type=\"application\/ld+json\" class=\"yoast-schema-graph\">{\"@context\":\"https:\/\/schema.org\",\"@graph\":[{\"@type\":\"Article\",\"@id\":\"https:\/\/futbolhoy.co\/index.php\/2026\/03\/10\/fabian-bustos-revela-la-lesion-que-presenta-falcao-y-cuando-regresaria-a-las-canchas\/#article\",\"isPartOf\":{\"@id\":\"https:\/\/futbolhoy.co\/index.php\/2026\/03\/10\/fabian-bustos-revela-la-lesion-que-presenta-falcao-y-cuando-regresaria-a-las-canchas\/\"},\"author\":{\"name\":\"contenido\",\"@id\":\"https:\/\/futbolhoy.co\/#\/schema\/person\/1721b69355b6623eaff15ac7b92d4cc3\"},\"headline\":\"Fabi\u00e1n Bustos revel\u00e1 la lesi\u00f3n que presenta Falcao y cu\u00e1ndo regresar\u00eda a las canchas\",\"datePublished\":\"2026-03-10T12:23:38+00:00\",\"dateModified\":\"2026-03-11T15:51:53+00:00\",\"mainEntityOfPage\":{\"@id\":\"https:\/\/futbolhoy.co\/index.php\/2026\/03\/10\/fabian-bustos-revela-la-lesion-que-presenta-falcao-y-cuando-regresaria-a-las-canchas\/\"},\"wordCount\":289,\"commentCount\":0,\"publisher\":{\"@id\":\"https:\/\/futbolhoy.co\/#organization\"},\"image\":{\"@id\":\"https:\/\/futbolhoy.co\/index.php\/2026\/03\/10\/fabian-bustos-revela-la-lesion-que-presenta-falcao-y-cuando-regresaria-a-las-canchas\/#primaryimage\"},\"thumbnailUrl\":\"https:\/\/futbolhoy.co\/wp-content\/uploads\/2026\/03\/FACEBOOK-3.png\",\"articleSection\":[\"Liga BetPlay\"],\"inLanguage\":\"es\",\"potentialAction\":[{\"@type\":\"CommentAction\",\"name\":\"Comment\",\"target\":[\"https:\/\/futbolhoy.co\/index.php\/2026\/03\/10\/fabian-bustos-revela-la-lesion-que-presenta-falcao-y-cuando-regresaria-a-las-canchas\/#respond\"]}]},{\"@type\":\"WebPage\",\"@id\":\"https:\/\/futbolhoy.co\/index.php\/2026\/03\/10\/fabian-bustos-revela-la-lesion-que-presenta-falcao-y-cuando-regresaria-a-las-canchas\/\",\"url\":\"https:\/\/futbolhoy.co\/index.php\/2026\/03\/10\/fabian-bustos-revela-la-lesion-que-presenta-falcao-y-cuando-regresaria-a-las-canchas\/\",\"name\":\"Fabi\u00e1n Bustos revel\u00e1 la lesi\u00f3n que presenta Falcao y cu\u00e1ndo regresar\u00eda a las canchas -\",\"isPartOf\":{\"@id\":\"https:\/\/futbolhoy.co\/#website\"},\"primaryImageOfPage\":{\"@id\":\"https:\/\/futbolhoy.co\/index.php\/2026\/03\/10\/fabian-bustos-revela-la-lesion-que-presenta-falcao-y-cuando-regresaria-a-las-canchas\/#primaryimage\"},\"image\":{\"@id\":\"https:\/\/futbolhoy.co\/index.php\/2026\/03\/10\/fabian-bustos-revela-la-lesion-que-presenta-falcao-y-cuando-regresaria-a-las-canchas\/#primaryimage\"},\"thumbnailUrl\":\"https:\/\/futbolhoy.co\/wp-content\/uploads\/2026\/03\/FACEBOOK-3.png\",\"datePublished\":\"2026-03-10T12:23:38+00:00\",\"dateModified\":\"2026-03-11T15:51:53+00:00\",\"breadcrumb\":{\"@id\":\"https:\/\/futbolhoy.co\/index.php\/2026\/03\/10\/fabian-bustos-revela-la-lesion-que-presenta-falcao-y-cuando-regresaria-a-las-canchas\/#breadcrumb\"},\"inLanguage\":\"es\",\"potentialAction\":[{\"@type\":\"ReadAction\",\"target\":[\"https:\/\/futbolhoy.co\/index.php\/2026\/03\/10\/fabian-bustos-revela-la-lesion-que-presenta-falcao-y-cuando-regresaria-a-las-canchas\/\"]}]},{\"@type\":\"ImageObject\",\"inLanguage\":\"es\",\"@id\":\"https:\/\/futbolhoy.co\/index.php\/2026\/03\/10\/fabian-bustos-revela-la-lesion-que-presenta-falcao-y-cuando-regresaria-a-las-canchas\/#primaryimage\",\"url\":\"https:\/\/futbolhoy.co\/wp-content\/uploads\/2026\/03\/FACEBOOK-3.png\",\"contentUrl\":\"https:\/\/futbolhoy.co\/wp-content\/uploads\/2026\/03\/FACEBOOK-3.png\",\"width\":768,\"height\":576},{\"@type\":\"BreadcrumbList\",\"@id\":\"https:\/\/futbolhoy.co\/index.php\/2026\/03\/10\/fabian-bustos-revela-la-lesion-que-presenta-falcao-y-cuando-regresaria-a-las-canchas\/#breadcrumb\",\"itemListElement\":[{\"@type\":\"ListItem\",\"position\":1,\"name\":\"Portada\",\"item\":\"https:\/\/futbolhoy.co\/\"},{\"@type\":\"ListItem\",\"position\":2,\"name\":\"Fabi\u00e1n Bustos revel\u00e1 la lesi\u00f3n que presenta Falcao y cu\u00e1ndo regresar\u00eda a las canchas\"}]},{\"@type\":\"WebSite\",\"@id\":\"https:\/\/futbolhoy.co\/#website\",\"url\":\"https:\/\/futbolhoy.co\/\",\"name\":\"FutbolHoy\",\"description\":\"\",\"publisher\":{\"@id\":\"https:\/\/futbolhoy.co\/#organization\"},\"potentialAction\":[{\"@type\":\"SearchAction\",\"target\":{\"@type\":\"EntryPoint\",\"urlTemplate\":\"https:\/\/futbolhoy.co\/?s={search_term_string}\"},\"query-input\":{\"@type\":\"PropertyValueSpecification\",\"valueRequired\":true,\"valueName\":\"search_term_string\"}}],\"inLanguage\":\"es\"},{\"@type\":\"Organization\",\"@id\":\"https:\/\/futbolhoy.co\/#organization\",\"name\":\"Futbolhoy.co\",\"url\":\"https:\/\/futbolhoy.co\/\",\"logo\":{\"@type\":\"ImageObject\",\"inLanguage\":\"es\",\"@id\":\"https:\/\/futbolhoy.co\/#\/schema\/logo\/image\/\",\"url\":\"https:\/\/futbolhoy.co\/wp-content\/uploads\/2018\/08\/17426380_1906371736249227_6326180412931521141_n.jpg\",\"contentUrl\":\"https:\/\/futbolhoy.co\/wp-content\/uploads\/2018\/08\/17426380_1906371736249227_6326180412931521141_n.jpg\",\"width\":960,\"height\":960,\"caption\":\"Futbolhoy.co\"},\"image\":{\"@id\":\"https:\/\/futbolhoy.co\/#\/schema\/logo\/image\/\"},\"sameAs\":[\"https:\/\/www.facebook.com\/FutbolHoyCol\/\",\"https:\/\/x.com\/FutbolHoyCol\",\"https:\/\/www.instagram.com\/futbolhoycol\/\"]},{\"@type\":\"Person\",\"@id\":\"https:\/\/futbolhoy.co\/#\/schema\/person\/1721b69355b6623eaff15ac7b92d4cc3\",\"name\":\"contenido\",\"image\":{\"@type\":\"ImageObject\",\"inLanguage\":\"es\",\"@id\":\"https:\/\/futbolhoy.co\/#\/schema\/person\/image\/\",\"url\":\"https:\/\/secure.gravatar.com\/avatar\/4f656d3256f5134f466206e7c3941518?s=96&d=mm&r=g\",\"contentUrl\":\"https:\/\/secure.gravatar.com\/avatar\/4f656d3256f5134f466206e7c3941518?s=96&d=mm&r=g\",\"caption\":\"contenido\"}}]}<\/script>\n<!-- \/ Yoast SEO plugin. -->","yoast_head_json":{"title":"Fabi\u00e1n Bustos revel\u00e1 la lesi\u00f3n que presenta Falcao y cu\u00e1ndo regresar\u00eda a las canchas -","robots":{"index":"index","follow":"follow","max-snippet":"max-snippet:-1","max-image-preview":"max-image-preview:large","max-video-preview":"max-video-preview:-1"},"canonical":"https:\/\/futbolhoy.co\/index.php\/2026\/03\/10\/fabian-bustos-revela-la-lesion-que-presenta-falcao-y-cuando-regresaria-a-las-canchas\/","og_locale":"es_ES","og_type":"article","og_title":"Fabi\u00e1n Bustos revel\u00e1 la lesi\u00f3n que presenta Falcao y cu\u00e1ndo regresar\u00eda a las canchas -","og_description":"En la d\u00e9cima fecha de la Liga BetPlay 2026-I, Millonarios derrot\u00f3 2-0 al C\u00facuta Deportivo en El Camp\u00edn, gracias a las anotaciones de Rodrigo Contreras (56') y Beckham David Castro (85'). Con este resultado, el cuadro bogotano lleg\u00f3 a 14 puntos y se meti\u00f3 de lleno en la pelea por un cupo al grupo de [&hellip;]","og_url":"https:\/\/futbolhoy.co\/index.php\/2026\/03\/10\/fabian-bustos-revela-la-lesion-que-presenta-falcao-y-cuando-regresaria-a-las-canchas\/","article_publisher":"https:\/\/www.facebook.com\/FutbolHoyCol\/","article_published_time":"2026-03-10T12:23:38+00:00","article_modified_time":"2026-03-11T15:51:53+00:00","og_image":[{"width":768,"height":576,"url":"https:\/\/futbolhoy.co\/wp-content\/uploads\/2026\/03\/FACEBOOK-3.png","type":"image\/png"}],"author":"contenido","twitter_card":"summary_large_image","twitter_creator":"@FutbolHoyCol","twitter_site":"@FutbolHoyCol","twitter_misc":{"Escrito por":"contenido","Tiempo de lectura":"1 minuto"},"schema":{"@context":"https:\/\/schema.org","@graph":[{"@type":"Article","@id":"https:\/\/futbolhoy.co\/index.php\/2026\/03\/10\/fabian-bustos-revela-la-lesion-que-presenta-falcao-y-cuando-regresaria-a-las-canchas\/#article","isPartOf":{"@id":"https:\/\/futbolhoy.co\/index.php\/2026\/03\/10\/fabian-bustos-revela-la-lesion-que-presenta-falcao-y-cuando-regresaria-a-las-canchas\/"},"author":{"name":"contenido","@id":"https:\/\/futbolhoy.co\/#\/schema\/person\/1721b69355b6623eaff15ac7b92d4cc3"},"headline":"Fabi\u00e1n Bustos revel\u00e1 la lesi\u00f3n que presenta Falcao y cu\u00e1ndo regresar\u00eda a las canchas","datePublished":"2026-03-10T12:23:38+00:00","dateModified":"2026-03-11T15:51:53+00:00","mainEntityOfPage":{"@id":"https:\/\/futbolhoy.co\/index.php\/2026\/03\/10\/fabian-bustos-revela-la-lesion-que-presenta-falcao-y-cuando-regresaria-a-las-canchas\/"},"wordCount":289,"commentCount":0,"publisher":{"@id":"https:\/\/futbolhoy.co\/#organization"},"image":{"@id":"https:\/\/futbolhoy.co\/index.php\/2026\/03\/10\/fabian-bustos-revela-la-lesion-que-presenta-falcao-y-cuando-regresaria-a-las-canchas\/#primaryimage"},"thumbnailUrl":"https:\/\/futbolhoy.co\/wp-content\/uploads\/2026\/03\/FACEBOOK-3.png","articleSection":["Liga BetPlay"],"inLanguage":"es","potentialAction":[{"@type":"CommentAction","name":"Comment","target":["https:\/\/futbolhoy.co\/index.php\/2026\/03\/10\/fabian-bustos-revela-la-lesion-que-presenta-falcao-y-cuando-regresaria-a-las-canchas\/#respond"]}]},{"@type":"WebPage","@id":"https:\/\/futbolhoy.co\/index.php\/2026\/03\/10\/fabian-bustos-revela-la-lesion-que-presenta-falcao-y-cuando-regresaria-a-las-canchas\/","url":"https:\/\/futbolhoy.co\/index.php\/2026\/03\/10\/fabian-bustos-revela-la-lesion-que-presenta-falcao-y-cuando-regresaria-a-las-canchas\/","name":"Fabi\u00e1n Bustos revel\u00e1 la lesi\u00f3n que presenta Falcao y cu\u00e1ndo regresar\u00eda a las canchas -","isPartOf":{"@id":"https:\/\/futbolhoy.co\/#website"},"primaryImageOfPage":{"@id":"https:\/\/futbolhoy.co\/index.php\/2026\/03\/10\/fabian-bustos-revela-la-lesion-que-presenta-falcao-y-cuando-regresaria-a-las-canchas\/#primaryimage"},"image":{"@id":"https:\/\/futbolhoy.co\/index.php\/2026\/03\/10\/fabian-bustos-revela-la-lesion-que-presenta-falcao-y-cuando-regresaria-a-las-canchas\/#primaryimage"},"thumbnailUrl":"https:\/\/futbolhoy.co\/wp-content\/uploads\/2026\/03\/FACEBOOK-3.png","datePublished":"2026-03-10T12:23:38+00:00","dateModified":"2026-03-11T15:51:53+00:00","breadcrumb":{"@id":"https:\/\/futbolhoy.co\/index.php\/2026\/03\/10\/fabian-bustos-revela-la-lesion-que-presenta-falcao-y-cuando-regresaria-a-las-canchas\/#breadcrumb"},"inLanguage":"es","potentialAction":[{"@type":"ReadAction","target":["https:\/\/futbolhoy.co\/index.php\/2026\/03\/10\/fabian-bustos-revela-la-lesion-que-presenta-falcao-y-cuando-regresaria-a-las-canchas\/"]}]},{"@type":"ImageObject","inLanguage":"es","@id":"https:\/\/futbolhoy.co\/index.php\/2026\/03\/10\/fabian-bustos-revela-la-lesion-que-presenta-falcao-y-cuando-regresaria-a-las-canchas\/#primaryimage","url":"https:\/\/futbolhoy.co\/wp-content\/uploads\/2026\/03\/FACEBOOK-3.png","contentUrl":"https:\/\/futbolhoy.co\/wp-content\/uploads\/2026\/03\/FACEBOOK-3.png","width":768,"height":576},{"@type":"BreadcrumbList","@id":"https:\/\/futbolhoy.co\/index.php\/2026\/03\/10\/fabian-bustos-revela-la-lesion-que-presenta-falcao-y-cuando-regresaria-a-las-canchas\/#breadcrumb","itemListElement":[{"@type":"ListItem","position":1,"name":"Portada","item":"https:\/\/futbolhoy.co\/"},{"@type":"ListItem","position":2,"name":"Fabi\u00e1n Bustos revel\u00e1 la lesi\u00f3n que presenta Falcao y cu\u00e1ndo regresar\u00eda a las canchas"}]},{"@type":"WebSite","@id":"https:\/\/futbolhoy.co\/#website","url":"https:\/\/futbolhoy.co\/","name":"FutbolHoy","description":"","publisher":{"@id":"https:\/\/futbolhoy.co\/#organization"},"potentialAction":[{"@type":"SearchAction","target":{"@type":"EntryPoint","urlTemplate":"https:\/\/futbolhoy.co\/?s={search_term_string}"},"query-input":{"@type":"PropertyValueSpecification","valueRequired":true,"valueName":"search_term_string"}}],"inLanguage":"es"},{"@type":"Organization","@id":"https:\/\/futbolhoy.co\/#organization","name":"Futbolhoy.co","url":"https:\/\/futbolhoy.co\/","logo":{"@type":"ImageObject","inLanguage":"es","@id":"https:\/\/futbolhoy.co\/#\/schema\/logo\/image\/","url":"https:\/\/futbolhoy.co\/wp-content\/uploads\/2018\/08\/17426380_1906371736249227_6326180412931521141_n.jpg","contentUrl":"https:\/\/futbolhoy.co\/wp-content\/uploads\/2018\/08\/17426380_1906371736249227_6326180412931521141_n.jpg","width":960,"height":960,"caption":"Futbolhoy.co"},"image":{"@id":"https:\/\/futbolhoy.co\/#\/schema\/logo\/image\/"},"sameAs":["https:\/\/www.facebook.com\/FutbolHoyCol\/","https:\/\/x.com\/FutbolHoyCol","https:\/\/www.instagram.com\/futbolhoycol\/"]},{"@type":"Person","@id":"https:\/\/futbolhoy.co\/#\/schema\/person\/1721b69355b6623eaff15ac7b92d4cc3","name":"contenido","image":{"@type":"ImageObject","inLanguage":"es","@id":"https:\/\/futbolhoy.co\/#\/schema\/person\/image\/","url":"https:\/\/secure.gravatar.com\/avatar\/4f656d3256f5134f466206e7c3941518?s=96&d=mm&r=g","contentUrl":"https:\/\/secure.gravatar.com\/avatar\/4f656d3256f5134f466206e7c3941518?s=96&d=mm&r=g","caption":"contenido"}}]}},"publishpress_future_action":{"enabled":false,"date":"2026-05-03 10:09:19","action":"change-status","newStatus":"draft","terms":[],"taxonomy":"category","extraData":[]},"publishpress_future_workflow_manual_trigger":{"enabledWorkflows":[]},"_links":{"self":[{"href":"https:\/\/futbolhoy.co\/index.php\/wp-json\/wp\/v2\/posts\/130163","targetHints":{"allow":["GET"]}}],"collection":[{"href":"https:\/\/futbolhoy.co\/index.php\/wp-json\/wp\/v2\/posts"}],"about":[{"href":"https:\/\/futbolhoy.co\/index.php\/wp-json\/wp\/v2\/types\/post"}],"author":[{"embeddable":true,"href":"https:\/\/futbolhoy.co\/index.php\/wp-json\/wp\/v2\/users\/4"}],"replies":[{"embeddable":true,"href":"https:\/\/futbolhoy.co\/index.php\/wp-json\/wp\/v2\/comments?post=130163"}],"version-history":[{"count":1,"href":"https:\/\/futbolhoy.co\/index.php\/wp-json\/wp\/v2\/posts\/130163\/revisions"}],"predecessor-version":[{"id":130165,"href":"https:\/\/futbolhoy.co\/index.php\/wp-json\/wp\/v2\/posts\/130163\/revisions\/130165"}],"wp:featuredmedia":[{"embeddable":true,"href":"https:\/\/futbolhoy.co\/index.php\/wp-json\/wp\/v2\/media\/130164"}],"wp:attachment":[{"href":"https:\/\/futbolhoy.co\/index.php\/wp-json\/wp\/v2\/media?parent=130163"}],"wp:term":[{"taxonomy":"category","embeddable":true,"href":"https:\/\/futbolhoy.co\/index.php\/wp-json\/wp\/v2\/categories?post=130163"},{"taxonomy":"post_tag","embeddable":true,"href":"https:\/\/futbolhoy.co\/index.php\/wp-json\/wp\/v2\/tags?post=130163"}],"curies":[{"name":"wp","href":"https:\/\/api.w.org\/{rel}","templated":true}]}}