{"id":130178,"date":"2026-03-10T23:03:14","date_gmt":"2026-03-11T04:03:14","guid":{"rendered":"https:\/\/futbolhoy.co\/?p=130178"},"modified":"2026-03-11T21:00:02","modified_gmt":"2026-03-12T02:00:02","slug":"nacional-golea-a-junior-en-barranquilla-y-alcanza-la-cima-de-la-tabla","status":"publish","type":"post","link":"https:\/\/futbolhoy.co\/index.php\/2026\/03\/10\/nacional-golea-a-junior-en-barranquilla-y-alcanza-la-cima-de-la-tabla\/","title":{"rendered":"Nacional golea a Junior en Barranquilla y alcanza la cima de la tabla"},"content":{"rendered":"<p style=\"text-align: justify;\"><span style=\"font-family: helvetica, arial, sans-serif;\"><strong>Atl\u00e9tico Nacional<\/strong> se impuso por goleada (0-4) al <strong>Junior<\/strong> en su visita al <strong>Romelio Mart\u00ednez<\/strong> de <strong>Barranquilla.<\/strong> El conjunto local jug\u00f3 desde el minuto 20 con un hombre menos por la expulsi\u00f3n de <strong>Jermein Pe\u00f1a,<\/strong> quien vio la roja directa.<\/span><\/p>\n<p style=\"text-align: justify;\"><span style=\"font-family: helvetica, arial, sans-serif;\">Antes de la expulsi\u00f3n de Pe\u00f1a, al minuto 6 de compromiso, le invalidaron un gol a <strong>William Tesillo<\/strong> a instancias del <strong>VAR<\/strong> La roja para el jugador del Junior fue debido a un fuerte codazo que le propin\u00f3 a <strong>Juan Rengifo<\/strong> en un duelo a\u00e9reo.<\/span><\/p>\n<p style=\"text-align: justify;\"><span style=\"font-family: helvetica, arial, sans-serif;\">Justamente el primero de la noche lleg\u00f3 con la combinaci\u00f3n <strong>Tesillo-Rengifo,<\/strong> siendo el juvenil el que defini\u00f3 la acci\u00f3n al minuto 45+4' por encima de la humanidad del arquero <strong>Mauro Silveira. <\/strong><\/span><\/p>\n<p style=\"text-align: justify;\"><span style=\"font-family: helvetica, arial, sans-serif;\">El segundo cay\u00f3 hasta el minuto 77', cuando por banda derecha <strong>Nicol\u00e1s Rodr\u00edguez<\/strong> asisti\u00f3 a <strong>Alfredo Morelos<\/strong> y este defini\u00f3. El tercero fue una jugada casi calcada, pero tuvo a <strong>Andr\u00e9s Sarmiento<\/strong> que puso el pase y <strong>Dairon Asprilla<\/strong> remat\u00f3 al 83'.<\/span><\/p>\n<p style=\"text-align: justify;\"><span style=\"font-family: helvetica, arial, sans-serif;\">El cuarto fue toda una joya de <strong>Marlos Moreno.<\/strong> Tom\u00f3 el bal\u00f3n en solitario y eludi\u00f3 a varios rivales, lleg\u00f3 al \u00e1rea y sac\u00f3 un remate potente al palo del arquero para el 0-4 definitivo al 88'.<\/span><\/p>\n<p style=\"text-align: justify;\"><span style=\"font-family: helvetica, arial, sans-serif;\">Nacional, con un partido menos, lleg\u00f3 a 21 puntos y gracias a la diferencia de gol (+15), se ubic\u00f3 como el l\u00edder. Junior, por su parte, acumul\u00f3 su cuarta derrota y se encuentra en la s\u00e9ptima casilla.<\/span><\/p>\n","protected":false},"excerpt":{"rendered":"<p>Atl\u00e9tico Nacional se impuso por goleada (0-4) al Junior en su visita al Romelio Mart\u00ednez de Barranquilla. El conjunto local jug\u00f3 desde el minuto 20 con un hombre menos por la expulsi\u00f3n de Jermein Pe\u00f1a, quien vio la roja directa. Antes de la expulsi\u00f3n de Pe\u00f1a, al minuto 6 de compromiso, le invalidaron un gol [&hellip;]<\/p>\n","protected":false},"author":4,"featured_media":130179,"comment_status":"open","ping_status":"open","sticky":false,"template":"","format":"standard","meta":{"_acf_changed":false,"footnotes":""},"categories":[7],"tags":[],"class_list":{"0":"post-130178","1":"post","2":"type-post","3":"status-publish","4":"format-standard","5":"has-post-thumbnail","7":"category-liga-betplay"},"acf":[],"yoast_head":"<!-- This site is optimized with the Yoast SEO plugin v26.8 - https:\/\/yoast.com\/product\/yoast-seo-wordpress\/ -->\n<title>Nacional golea a Junior en Barranquilla y alcanza la cima de la tabla -<\/title>\n<meta name=\"robots\" content=\"index, follow, max-snippet:-1, max-image-preview:large, max-video-preview:-1\" \/>\n<link rel=\"canonical\" href=\"https:\/\/futbolhoy.co\/index.php\/2026\/03\/10\/nacional-golea-a-junior-en-barranquilla-y-alcanza-la-cima-de-la-tabla\/\" \/>\n<meta property=\"og:locale\" content=\"es_ES\" \/>\n<meta property=\"og:type\" content=\"article\" \/>\n<meta property=\"og:title\" content=\"Nacional golea a Junior en Barranquilla y alcanza la cima de la tabla -\" \/>\n<meta property=\"og:description\" content=\"Atl\u00e9tico Nacional se impuso por goleada (0-4) al Junior en su visita al Romelio Mart\u00ednez de Barranquilla. El conjunto local jug\u00f3 desde el minuto 20 con un hombre menos por la expulsi\u00f3n de Jermein Pe\u00f1a, quien vio la roja directa. Antes de la expulsi\u00f3n de Pe\u00f1a, al minuto 6 de compromiso, le invalidaron un gol [&hellip;]\" \/>\n<meta property=\"og:url\" content=\"https:\/\/futbolhoy.co\/index.php\/2026\/03\/10\/nacional-golea-a-junior-en-barranquilla-y-alcanza-la-cima-de-la-tabla\/\" \/>\n<meta property=\"article:publisher\" content=\"https:\/\/www.facebook.com\/FutbolHoyCol\/\" \/>\n<meta property=\"article:published_time\" content=\"2026-03-11T04:03:14+00:00\" \/>\n<meta property=\"article:modified_time\" content=\"2026-03-12T02:00:02+00:00\" \/>\n<meta property=\"og:image\" content=\"https:\/\/futbolhoy.co\/wp-content\/uploads\/2026\/03\/HDGbyBKaMAMU4oP.jpg\" \/>\n\t<meta property=\"og:image:width\" content=\"2048\" \/>\n\t<meta property=\"og:image:height\" content=\"1152\" \/>\n\t<meta property=\"og:image:type\" content=\"image\/jpeg\" \/>\n<meta name=\"author\" content=\"contenido\" \/>\n<meta name=\"twitter:card\" content=\"summary_large_image\" \/>\n<meta name=\"twitter:creator\" content=\"@FutbolHoyCol\" \/>\n<meta name=\"twitter:site\" content=\"@FutbolHoyCol\" \/>\n<meta name=\"twitter:label1\" content=\"Escrito por\" \/>\n\t<meta name=\"twitter:data1\" content=\"contenido\" \/>\n\t<meta name=\"twitter:label2\" content=\"Tiempo de lectura\" \/>\n\t<meta name=\"twitter:data2\" content=\"1 minuto\" \/>\n<script type=\"application\/ld+json\" class=\"yoast-schema-graph\">{\"@context\":\"https:\/\/schema.org\",\"@graph\":[{\"@type\":\"Article\",\"@id\":\"https:\/\/futbolhoy.co\/index.php\/2026\/03\/10\/nacional-golea-a-junior-en-barranquilla-y-alcanza-la-cima-de-la-tabla\/#article\",\"isPartOf\":{\"@id\":\"https:\/\/futbolhoy.co\/index.php\/2026\/03\/10\/nacional-golea-a-junior-en-barranquilla-y-alcanza-la-cima-de-la-tabla\/\"},\"author\":{\"name\":\"contenido\",\"@id\":\"https:\/\/futbolhoy.co\/#\/schema\/person\/1721b69355b6623eaff15ac7b92d4cc3\"},\"headline\":\"Nacional golea a Junior en Barranquilla y alcanza la cima de la tabla\",\"datePublished\":\"2026-03-11T04:03:14+00:00\",\"dateModified\":\"2026-03-12T02:00:02+00:00\",\"mainEntityOfPage\":{\"@id\":\"https:\/\/futbolhoy.co\/index.php\/2026\/03\/10\/nacional-golea-a-junior-en-barranquilla-y-alcanza-la-cima-de-la-tabla\/\"},\"wordCount\":256,\"commentCount\":0,\"publisher\":{\"@id\":\"https:\/\/futbolhoy.co\/#organization\"},\"image\":{\"@id\":\"https:\/\/futbolhoy.co\/index.php\/2026\/03\/10\/nacional-golea-a-junior-en-barranquilla-y-alcanza-la-cima-de-la-tabla\/#primaryimage\"},\"thumbnailUrl\":\"https:\/\/futbolhoy.co\/wp-content\/uploads\/2026\/03\/HDGbyBKaMAMU4oP.jpg\",\"articleSection\":[\"Liga BetPlay\"],\"inLanguage\":\"es\",\"potentialAction\":[{\"@type\":\"CommentAction\",\"name\":\"Comment\",\"target\":[\"https:\/\/futbolhoy.co\/index.php\/2026\/03\/10\/nacional-golea-a-junior-en-barranquilla-y-alcanza-la-cima-de-la-tabla\/#respond\"]}]},{\"@type\":\"WebPage\",\"@id\":\"https:\/\/futbolhoy.co\/index.php\/2026\/03\/10\/nacional-golea-a-junior-en-barranquilla-y-alcanza-la-cima-de-la-tabla\/\",\"url\":\"https:\/\/futbolhoy.co\/index.php\/2026\/03\/10\/nacional-golea-a-junior-en-barranquilla-y-alcanza-la-cima-de-la-tabla\/\",\"name\":\"Nacional golea a Junior en Barranquilla y alcanza la cima de la tabla -\",\"isPartOf\":{\"@id\":\"https:\/\/futbolhoy.co\/#website\"},\"primaryImageOfPage\":{\"@id\":\"https:\/\/futbolhoy.co\/index.php\/2026\/03\/10\/nacional-golea-a-junior-en-barranquilla-y-alcanza-la-cima-de-la-tabla\/#primaryimage\"},\"image\":{\"@id\":\"https:\/\/futbolhoy.co\/index.php\/2026\/03\/10\/nacional-golea-a-junior-en-barranquilla-y-alcanza-la-cima-de-la-tabla\/#primaryimage\"},\"thumbnailUrl\":\"https:\/\/futbolhoy.co\/wp-content\/uploads\/2026\/03\/HDGbyBKaMAMU4oP.jpg\",\"datePublished\":\"2026-03-11T04:03:14+00:00\",\"dateModified\":\"2026-03-12T02:00:02+00:00\",\"breadcrumb\":{\"@id\":\"https:\/\/futbolhoy.co\/index.php\/2026\/03\/10\/nacional-golea-a-junior-en-barranquilla-y-alcanza-la-cima-de-la-tabla\/#breadcrumb\"},\"inLanguage\":\"es\",\"potentialAction\":[{\"@type\":\"ReadAction\",\"target\":[\"https:\/\/futbolhoy.co\/index.php\/2026\/03\/10\/nacional-golea-a-junior-en-barranquilla-y-alcanza-la-cima-de-la-tabla\/\"]}]},{\"@type\":\"ImageObject\",\"inLanguage\":\"es\",\"@id\":\"https:\/\/futbolhoy.co\/index.php\/2026\/03\/10\/nacional-golea-a-junior-en-barranquilla-y-alcanza-la-cima-de-la-tabla\/#primaryimage\",\"url\":\"https:\/\/futbolhoy.co\/wp-content\/uploads\/2026\/03\/HDGbyBKaMAMU4oP.jpg\",\"contentUrl\":\"https:\/\/futbolhoy.co\/wp-content\/uploads\/2026\/03\/HDGbyBKaMAMU4oP.jpg\",\"width\":2048,\"height\":1152},{\"@type\":\"BreadcrumbList\",\"@id\":\"https:\/\/futbolhoy.co\/index.php\/2026\/03\/10\/nacional-golea-a-junior-en-barranquilla-y-alcanza-la-cima-de-la-tabla\/#breadcrumb\",\"itemListElement\":[{\"@type\":\"ListItem\",\"position\":1,\"name\":\"Portada\",\"item\":\"https:\/\/futbolhoy.co\/\"},{\"@type\":\"ListItem\",\"position\":2,\"name\":\"Nacional golea a Junior en Barranquilla y alcanza la cima de la tabla\"}]},{\"@type\":\"WebSite\",\"@id\":\"https:\/\/futbolhoy.co\/#website\",\"url\":\"https:\/\/futbolhoy.co\/\",\"name\":\"FutbolHoy\",\"description\":\"\",\"publisher\":{\"@id\":\"https:\/\/futbolhoy.co\/#organization\"},\"potentialAction\":[{\"@type\":\"SearchAction\",\"target\":{\"@type\":\"EntryPoint\",\"urlTemplate\":\"https:\/\/futbolhoy.co\/?s={search_term_string}\"},\"query-input\":{\"@type\":\"PropertyValueSpecification\",\"valueRequired\":true,\"valueName\":\"search_term_string\"}}],\"inLanguage\":\"es\"},{\"@type\":\"Organization\",\"@id\":\"https:\/\/futbolhoy.co\/#organization\",\"name\":\"Futbolhoy.co\",\"url\":\"https:\/\/futbolhoy.co\/\",\"logo\":{\"@type\":\"ImageObject\",\"inLanguage\":\"es\",\"@id\":\"https:\/\/futbolhoy.co\/#\/schema\/logo\/image\/\",\"url\":\"https:\/\/futbolhoy.co\/wp-content\/uploads\/2018\/08\/17426380_1906371736249227_6326180412931521141_n.jpg\",\"contentUrl\":\"https:\/\/futbolhoy.co\/wp-content\/uploads\/2018\/08\/17426380_1906371736249227_6326180412931521141_n.jpg\",\"width\":960,\"height\":960,\"caption\":\"Futbolhoy.co\"},\"image\":{\"@id\":\"https:\/\/futbolhoy.co\/#\/schema\/logo\/image\/\"},\"sameAs\":[\"https:\/\/www.facebook.com\/FutbolHoyCol\/\",\"https:\/\/x.com\/FutbolHoyCol\",\"https:\/\/www.instagram.com\/futbolhoycol\/\"]},{\"@type\":\"Person\",\"@id\":\"https:\/\/futbolhoy.co\/#\/schema\/person\/1721b69355b6623eaff15ac7b92d4cc3\",\"name\":\"contenido\",\"image\":{\"@type\":\"ImageObject\",\"inLanguage\":\"es\",\"@id\":\"https:\/\/futbolhoy.co\/#\/schema\/person\/image\/\",\"url\":\"https:\/\/secure.gravatar.com\/avatar\/4f656d3256f5134f466206e7c3941518?s=96&d=mm&r=g\",\"contentUrl\":\"https:\/\/secure.gravatar.com\/avatar\/4f656d3256f5134f466206e7c3941518?s=96&d=mm&r=g\",\"caption\":\"contenido\"}}]}<\/script>\n<!-- \/ Yoast SEO plugin. -->","yoast_head_json":{"title":"Nacional golea a Junior en Barranquilla y alcanza la cima de la tabla -","robots":{"index":"index","follow":"follow","max-snippet":"max-snippet:-1","max-image-preview":"max-image-preview:large","max-video-preview":"max-video-preview:-1"},"canonical":"https:\/\/futbolhoy.co\/index.php\/2026\/03\/10\/nacional-golea-a-junior-en-barranquilla-y-alcanza-la-cima-de-la-tabla\/","og_locale":"es_ES","og_type":"article","og_title":"Nacional golea a Junior en Barranquilla y alcanza la cima de la tabla -","og_description":"Atl\u00e9tico Nacional se impuso por goleada (0-4) al Junior en su visita al Romelio Mart\u00ednez de Barranquilla. El conjunto local jug\u00f3 desde el minuto 20 con un hombre menos por la expulsi\u00f3n de Jermein Pe\u00f1a, quien vio la roja directa. Antes de la expulsi\u00f3n de Pe\u00f1a, al minuto 6 de compromiso, le invalidaron un gol [&hellip;]","og_url":"https:\/\/futbolhoy.co\/index.php\/2026\/03\/10\/nacional-golea-a-junior-en-barranquilla-y-alcanza-la-cima-de-la-tabla\/","article_publisher":"https:\/\/www.facebook.com\/FutbolHoyCol\/","article_published_time":"2026-03-11T04:03:14+00:00","article_modified_time":"2026-03-12T02:00:02+00:00","og_image":[{"width":2048,"height":1152,"url":"https:\/\/futbolhoy.co\/wp-content\/uploads\/2026\/03\/HDGbyBKaMAMU4oP.jpg","type":"image\/jpeg"}],"author":"contenido","twitter_card":"summary_large_image","twitter_creator":"@FutbolHoyCol","twitter_site":"@FutbolHoyCol","twitter_misc":{"Escrito por":"contenido","Tiempo de lectura":"1 minuto"},"schema":{"@context":"https:\/\/schema.org","@graph":[{"@type":"Article","@id":"https:\/\/futbolhoy.co\/index.php\/2026\/03\/10\/nacional-golea-a-junior-en-barranquilla-y-alcanza-la-cima-de-la-tabla\/#article","isPartOf":{"@id":"https:\/\/futbolhoy.co\/index.php\/2026\/03\/10\/nacional-golea-a-junior-en-barranquilla-y-alcanza-la-cima-de-la-tabla\/"},"author":{"name":"contenido","@id":"https:\/\/futbolhoy.co\/#\/schema\/person\/1721b69355b6623eaff15ac7b92d4cc3"},"headline":"Nacional golea a Junior en Barranquilla y alcanza la cima de la tabla","datePublished":"2026-03-11T04:03:14+00:00","dateModified":"2026-03-12T02:00:02+00:00","mainEntityOfPage":{"@id":"https:\/\/futbolhoy.co\/index.php\/2026\/03\/10\/nacional-golea-a-junior-en-barranquilla-y-alcanza-la-cima-de-la-tabla\/"},"wordCount":256,"commentCount":0,"publisher":{"@id":"https:\/\/futbolhoy.co\/#organization"},"image":{"@id":"https:\/\/futbolhoy.co\/index.php\/2026\/03\/10\/nacional-golea-a-junior-en-barranquilla-y-alcanza-la-cima-de-la-tabla\/#primaryimage"},"thumbnailUrl":"https:\/\/futbolhoy.co\/wp-content\/uploads\/2026\/03\/HDGbyBKaMAMU4oP.jpg","articleSection":["Liga BetPlay"],"inLanguage":"es","potentialAction":[{"@type":"CommentAction","name":"Comment","target":["https:\/\/futbolhoy.co\/index.php\/2026\/03\/10\/nacional-golea-a-junior-en-barranquilla-y-alcanza-la-cima-de-la-tabla\/#respond"]}]},{"@type":"WebPage","@id":"https:\/\/futbolhoy.co\/index.php\/2026\/03\/10\/nacional-golea-a-junior-en-barranquilla-y-alcanza-la-cima-de-la-tabla\/","url":"https:\/\/futbolhoy.co\/index.php\/2026\/03\/10\/nacional-golea-a-junior-en-barranquilla-y-alcanza-la-cima-de-la-tabla\/","name":"Nacional golea a Junior en Barranquilla y alcanza la cima de la tabla -","isPartOf":{"@id":"https:\/\/futbolhoy.co\/#website"},"primaryImageOfPage":{"@id":"https:\/\/futbolhoy.co\/index.php\/2026\/03\/10\/nacional-golea-a-junior-en-barranquilla-y-alcanza-la-cima-de-la-tabla\/#primaryimage"},"image":{"@id":"https:\/\/futbolhoy.co\/index.php\/2026\/03\/10\/nacional-golea-a-junior-en-barranquilla-y-alcanza-la-cima-de-la-tabla\/#primaryimage"},"thumbnailUrl":"https:\/\/futbolhoy.co\/wp-content\/uploads\/2026\/03\/HDGbyBKaMAMU4oP.jpg","datePublished":"2026-03-11T04:03:14+00:00","dateModified":"2026-03-12T02:00:02+00:00","breadcrumb":{"@id":"https:\/\/futbolhoy.co\/index.php\/2026\/03\/10\/nacional-golea-a-junior-en-barranquilla-y-alcanza-la-cima-de-la-tabla\/#breadcrumb"},"inLanguage":"es","potentialAction":[{"@type":"ReadAction","target":["https:\/\/futbolhoy.co\/index.php\/2026\/03\/10\/nacional-golea-a-junior-en-barranquilla-y-alcanza-la-cima-de-la-tabla\/"]}]},{"@type":"ImageObject","inLanguage":"es","@id":"https:\/\/futbolhoy.co\/index.php\/2026\/03\/10\/nacional-golea-a-junior-en-barranquilla-y-alcanza-la-cima-de-la-tabla\/#primaryimage","url":"https:\/\/futbolhoy.co\/wp-content\/uploads\/2026\/03\/HDGbyBKaMAMU4oP.jpg","contentUrl":"https:\/\/futbolhoy.co\/wp-content\/uploads\/2026\/03\/HDGbyBKaMAMU4oP.jpg","width":2048,"height":1152},{"@type":"BreadcrumbList","@id":"https:\/\/futbolhoy.co\/index.php\/2026\/03\/10\/nacional-golea-a-junior-en-barranquilla-y-alcanza-la-cima-de-la-tabla\/#breadcrumb","itemListElement":[{"@type":"ListItem","position":1,"name":"Portada","item":"https:\/\/futbolhoy.co\/"},{"@type":"ListItem","position":2,"name":"Nacional golea a Junior en Barranquilla y alcanza la cima de la tabla"}]},{"@type":"WebSite","@id":"https:\/\/futbolhoy.co\/#website","url":"https:\/\/futbolhoy.co\/","name":"FutbolHoy","description":"","publisher":{"@id":"https:\/\/futbolhoy.co\/#organization"},"potentialAction":[{"@type":"SearchAction","target":{"@type":"EntryPoint","urlTemplate":"https:\/\/futbolhoy.co\/?s={search_term_string}"},"query-input":{"@type":"PropertyValueSpecification","valueRequired":true,"valueName":"search_term_string"}}],"inLanguage":"es"},{"@type":"Organization","@id":"https:\/\/futbolhoy.co\/#organization","name":"Futbolhoy.co","url":"https:\/\/futbolhoy.co\/","logo":{"@type":"ImageObject","inLanguage":"es","@id":"https:\/\/futbolhoy.co\/#\/schema\/logo\/image\/","url":"https:\/\/futbolhoy.co\/wp-content\/uploads\/2018\/08\/17426380_1906371736249227_6326180412931521141_n.jpg","contentUrl":"https:\/\/futbolhoy.co\/wp-content\/uploads\/2018\/08\/17426380_1906371736249227_6326180412931521141_n.jpg","width":960,"height":960,"caption":"Futbolhoy.co"},"image":{"@id":"https:\/\/futbolhoy.co\/#\/schema\/logo\/image\/"},"sameAs":["https:\/\/www.facebook.com\/FutbolHoyCol\/","https:\/\/x.com\/FutbolHoyCol","https:\/\/www.instagram.com\/futbolhoycol\/"]},{"@type":"Person","@id":"https:\/\/futbolhoy.co\/#\/schema\/person\/1721b69355b6623eaff15ac7b92d4cc3","name":"contenido","image":{"@type":"ImageObject","inLanguage":"es","@id":"https:\/\/futbolhoy.co\/#\/schema\/person\/image\/","url":"https:\/\/secure.gravatar.com\/avatar\/4f656d3256f5134f466206e7c3941518?s=96&d=mm&r=g","contentUrl":"https:\/\/secure.gravatar.com\/avatar\/4f656d3256f5134f466206e7c3941518?s=96&d=mm&r=g","caption":"contenido"}}]}},"publishpress_future_action":{"enabled":false,"date":"2026-05-03 14:34:39","action":"change-status","newStatus":"draft","terms":[],"taxonomy":"category","extraData":[]},"publishpress_future_workflow_manual_trigger":{"enabledWorkflows":[]},"_links":{"self":[{"href":"https:\/\/futbolhoy.co\/index.php\/wp-json\/wp\/v2\/posts\/130178","targetHints":{"allow":["GET"]}}],"collection":[{"href":"https:\/\/futbolhoy.co\/index.php\/wp-json\/wp\/v2\/posts"}],"about":[{"href":"https:\/\/futbolhoy.co\/index.php\/wp-json\/wp\/v2\/types\/post"}],"author":[{"embeddable":true,"href":"https:\/\/futbolhoy.co\/index.php\/wp-json\/wp\/v2\/users\/4"}],"replies":[{"embeddable":true,"href":"https:\/\/futbolhoy.co\/index.php\/wp-json\/wp\/v2\/comments?post=130178"}],"version-history":[{"count":1,"href":"https:\/\/futbolhoy.co\/index.php\/wp-json\/wp\/v2\/posts\/130178\/revisions"}],"predecessor-version":[{"id":130180,"href":"https:\/\/futbolhoy.co\/index.php\/wp-json\/wp\/v2\/posts\/130178\/revisions\/130180"}],"wp:featuredmedia":[{"embeddable":true,"href":"https:\/\/futbolhoy.co\/index.php\/wp-json\/wp\/v2\/media\/130179"}],"wp:attachment":[{"href":"https:\/\/futbolhoy.co\/index.php\/wp-json\/wp\/v2\/media?parent=130178"}],"wp:term":[{"taxonomy":"category","embeddable":true,"href":"https:\/\/futbolhoy.co\/index.php\/wp-json\/wp\/v2\/categories?post=130178"},{"taxonomy":"post_tag","embeddable":true,"href":"https:\/\/futbolhoy.co\/index.php\/wp-json\/wp\/v2\/tags?post=130178"}],"curies":[{"name":"wp","href":"https:\/\/api.w.org\/{rel}","templated":true}]}}