{"id":130209,"date":"2026-03-11T11:07:46","date_gmt":"2026-03-11T16:07:46","guid":{"rendered":"https:\/\/futbolhoy.co\/?p=130209"},"modified":"2026-03-11T21:33:36","modified_gmt":"2026-03-12T02:33:36","slug":"iran-se-baja-del-mundial-2026-que-equipo-lo-podria-reemplazar","status":"publish","type":"post","link":"https:\/\/futbolhoy.co\/index.php\/2026\/03\/11\/iran-se-baja-del-mundial-2026-que-equipo-lo-podria-reemplazar\/","title":{"rendered":"Ir\u00e1n se baja del Mundial 2026 \u00bfQu\u00e9 equipo lo podr\u00eda reemplazar?"},"content":{"rendered":"<p style=\"text-align: justify;\"><span style=\"font-family: helvetica, arial, sans-serif;\">La retirada de <strong>Ir\u00e1n<\/strong> del <strong>Mundial 2026<\/strong> anunciada este mi\u00e9rcoles por su ministro de <strong>Deportes,<\/strong> a\u00fan no oficial ante la <strong>FIFA,<\/strong> abre la expectativa de otra selecci\u00f3n para poder ocupar esa plaza.<\/span><\/p>\n<p style=\"text-align: justify;\"><span style=\"font-family: helvetica, arial, sans-serif;\">Se trata de la <strong>Selecci\u00f3n<\/strong> de <strong>Irak,<\/strong> que se gan\u00f3 el derecho a jugar el <strong>repechaje internacional,<\/strong> pero no le asegura una plaza, ya que el reglamento de la competici\u00f3n es ambiguo al respecto. <\/span><\/p>\n<p style=\"text-align: justify;\"><span style=\"font-family: helvetica, arial, sans-serif;\">El apartado 6.7 de este reglamento especifica que \"si una federaci\u00f3n participante se retirara o quedara excluida del Mundial de la FIFA 26, la FIFA decidir\u00e1 a su entera discreci\u00f3n al respecto y emprender\u00e1 las acciones que considere necesarias. La FIFA podr\u00e1 decidir, en particular, sustituir dicha federaci\u00f3n por otra\".<\/span><\/p>\n<p style=\"text-align: justify;\"><span style=\"font-family: helvetica, arial, sans-serif;\">Si se mantiene el cupo otorgado a la <strong>Confederaci\u00f3n Asi\u00e1tica (8.5 plazas),<\/strong> la mejor posicionada ser\u00eda la selecci\u00f3n de Irak, que deb\u00eda jugar la repesca internacional, el pr\u00f3ximo 31 de marzo, en <strong>Monterrey (M\u00e9xico)<\/strong> contra el ganador de la semifinal entre <strong>Bolivia<\/strong> y <strong>Surinam.<\/strong><\/span><\/p>\n<p style=\"text-align: justify;\"><span style=\"font-family: helvetica, arial, sans-serif;\">En ese caso, podr\u00eda acudir a esa repesca el equipo de Emiratos \u00c1rabes, que perdi\u00f3 ante Irak el <strong>'play-off'<\/strong> de la zona asi\u00e1tica. <\/span><\/p>\n<p style=\"text-align: justify;\"><span style=\"font-family: helvetica, arial, sans-serif;\">Antes de la renuncia de Ir\u00e1n, Irak ya denunci\u00f3 los problemas que, con motivo de la guerra, est\u00e1 teniendo para preparar esa repesca, situaci\u00f3n que tambi\u00e9n podr\u00eda afectar al conjunto emirat\u00ed.<\/span><\/p>\n","protected":false},"excerpt":{"rendered":"<p>La retirada de Ir\u00e1n del Mundial 2026 anunciada este mi\u00e9rcoles por su ministro de Deportes, a\u00fan no oficial ante la FIFA, abre la expectativa de otra selecci\u00f3n para poder ocupar esa plaza. Se trata de la Selecci\u00f3n de Irak, que se gan\u00f3 el derecho a jugar el repechaje internacional, pero no le asegura una plaza, [&hellip;]<\/p>\n","protected":false},"author":4,"featured_media":130210,"comment_status":"open","ping_status":"open","sticky":false,"template":"","format":"standard","meta":{"_acf_changed":false,"footnotes":""},"categories":[6],"tags":[],"class_list":{"0":"post-130209","1":"post","2":"type-post","3":"status-publish","4":"format-standard","5":"has-post-thumbnail","7":"category-mundial"},"acf":[],"yoast_head":"<!-- This site is optimized with the Yoast SEO plugin v26.8 - https:\/\/yoast.com\/product\/yoast-seo-wordpress\/ -->\n<title>Ir\u00e1n se baja del Mundial 2026 \u00bfQu\u00e9 equipo lo podr\u00eda reemplazar? -<\/title>\n<meta name=\"robots\" content=\"index, follow, max-snippet:-1, max-image-preview:large, max-video-preview:-1\" \/>\n<link rel=\"canonical\" href=\"https:\/\/futbolhoy.co\/index.php\/2026\/03\/11\/iran-se-baja-del-mundial-2026-que-equipo-lo-podria-reemplazar\/\" \/>\n<meta property=\"og:locale\" content=\"es_ES\" \/>\n<meta property=\"og:type\" content=\"article\" \/>\n<meta property=\"og:title\" content=\"Ir\u00e1n se baja del Mundial 2026 \u00bfQu\u00e9 equipo lo podr\u00eda reemplazar? -\" \/>\n<meta property=\"og:description\" content=\"La retirada de Ir\u00e1n del Mundial 2026 anunciada este mi\u00e9rcoles por su ministro de Deportes, a\u00fan no oficial ante la FIFA, abre la expectativa de otra selecci\u00f3n para poder ocupar esa plaza. Se trata de la Selecci\u00f3n de Irak, que se gan\u00f3 el derecho a jugar el repechaje internacional, pero no le asegura una plaza, [&hellip;]\" \/>\n<meta property=\"og:url\" content=\"https:\/\/futbolhoy.co\/index.php\/2026\/03\/11\/iran-se-baja-del-mundial-2026-que-equipo-lo-podria-reemplazar\/\" \/>\n<meta property=\"article:publisher\" content=\"https:\/\/www.facebook.com\/FutbolHoyCol\/\" \/>\n<meta property=\"article:published_time\" content=\"2026-03-11T16:07:46+00:00\" \/>\n<meta property=\"article:modified_time\" content=\"2026-03-12T02:33:36+00:00\" \/>\n<meta property=\"og:image\" content=\"https:\/\/futbolhoy.co\/wp-content\/uploads\/2026\/03\/HCfqulgXgAAwSBB.jpg\" \/>\n\t<meta property=\"og:image:width\" content=\"1536\" \/>\n\t<meta property=\"og:image:height\" content=\"1024\" \/>\n\t<meta property=\"og:image:type\" content=\"image\/jpeg\" \/>\n<meta name=\"author\" content=\"contenido\" \/>\n<meta name=\"twitter:card\" content=\"summary_large_image\" \/>\n<meta name=\"twitter:creator\" content=\"@FutbolHoyCol\" \/>\n<meta name=\"twitter:site\" content=\"@FutbolHoyCol\" \/>\n<meta name=\"twitter:label1\" content=\"Escrito por\" \/>\n\t<meta name=\"twitter:data1\" content=\"contenido\" \/>\n\t<meta name=\"twitter:label2\" content=\"Tiempo de lectura\" \/>\n\t<meta name=\"twitter:data2\" content=\"1 minuto\" \/>\n<script type=\"application\/ld+json\" class=\"yoast-schema-graph\">{\"@context\":\"https:\/\/schema.org\",\"@graph\":[{\"@type\":\"Article\",\"@id\":\"https:\/\/futbolhoy.co\/index.php\/2026\/03\/11\/iran-se-baja-del-mundial-2026-que-equipo-lo-podria-reemplazar\/#article\",\"isPartOf\":{\"@id\":\"https:\/\/futbolhoy.co\/index.php\/2026\/03\/11\/iran-se-baja-del-mundial-2026-que-equipo-lo-podria-reemplazar\/\"},\"author\":{\"name\":\"contenido\",\"@id\":\"https:\/\/futbolhoy.co\/#\/schema\/person\/1721b69355b6623eaff15ac7b92d4cc3\"},\"headline\":\"Ir\u00e1n se baja del Mundial 2026 \u00bfQu\u00e9 equipo lo podr\u00eda reemplazar?\",\"datePublished\":\"2026-03-11T16:07:46+00:00\",\"dateModified\":\"2026-03-12T02:33:36+00:00\",\"mainEntityOfPage\":{\"@id\":\"https:\/\/futbolhoy.co\/index.php\/2026\/03\/11\/iran-se-baja-del-mundial-2026-que-equipo-lo-podria-reemplazar\/\"},\"wordCount\":243,\"commentCount\":0,\"publisher\":{\"@id\":\"https:\/\/futbolhoy.co\/#organization\"},\"image\":{\"@id\":\"https:\/\/futbolhoy.co\/index.php\/2026\/03\/11\/iran-se-baja-del-mundial-2026-que-equipo-lo-podria-reemplazar\/#primaryimage\"},\"thumbnailUrl\":\"https:\/\/futbolhoy.co\/wp-content\/uploads\/2026\/03\/HCfqulgXgAAwSBB.jpg\",\"articleSection\":[\"Mundial\"],\"inLanguage\":\"es\",\"potentialAction\":[{\"@type\":\"CommentAction\",\"name\":\"Comment\",\"target\":[\"https:\/\/futbolhoy.co\/index.php\/2026\/03\/11\/iran-se-baja-del-mundial-2026-que-equipo-lo-podria-reemplazar\/#respond\"]}]},{\"@type\":\"WebPage\",\"@id\":\"https:\/\/futbolhoy.co\/index.php\/2026\/03\/11\/iran-se-baja-del-mundial-2026-que-equipo-lo-podria-reemplazar\/\",\"url\":\"https:\/\/futbolhoy.co\/index.php\/2026\/03\/11\/iran-se-baja-del-mundial-2026-que-equipo-lo-podria-reemplazar\/\",\"name\":\"Ir\u00e1n se baja del Mundial 2026 \u00bfQu\u00e9 equipo lo podr\u00eda reemplazar? -\",\"isPartOf\":{\"@id\":\"https:\/\/futbolhoy.co\/#website\"},\"primaryImageOfPage\":{\"@id\":\"https:\/\/futbolhoy.co\/index.php\/2026\/03\/11\/iran-se-baja-del-mundial-2026-que-equipo-lo-podria-reemplazar\/#primaryimage\"},\"image\":{\"@id\":\"https:\/\/futbolhoy.co\/index.php\/2026\/03\/11\/iran-se-baja-del-mundial-2026-que-equipo-lo-podria-reemplazar\/#primaryimage\"},\"thumbnailUrl\":\"https:\/\/futbolhoy.co\/wp-content\/uploads\/2026\/03\/HCfqulgXgAAwSBB.jpg\",\"datePublished\":\"2026-03-11T16:07:46+00:00\",\"dateModified\":\"2026-03-12T02:33:36+00:00\",\"breadcrumb\":{\"@id\":\"https:\/\/futbolhoy.co\/index.php\/2026\/03\/11\/iran-se-baja-del-mundial-2026-que-equipo-lo-podria-reemplazar\/#breadcrumb\"},\"inLanguage\":\"es\",\"potentialAction\":[{\"@type\":\"ReadAction\",\"target\":[\"https:\/\/futbolhoy.co\/index.php\/2026\/03\/11\/iran-se-baja-del-mundial-2026-que-equipo-lo-podria-reemplazar\/\"]}]},{\"@type\":\"ImageObject\",\"inLanguage\":\"es\",\"@id\":\"https:\/\/futbolhoy.co\/index.php\/2026\/03\/11\/iran-se-baja-del-mundial-2026-que-equipo-lo-podria-reemplazar\/#primaryimage\",\"url\":\"https:\/\/futbolhoy.co\/wp-content\/uploads\/2026\/03\/HCfqulgXgAAwSBB.jpg\",\"contentUrl\":\"https:\/\/futbolhoy.co\/wp-content\/uploads\/2026\/03\/HCfqulgXgAAwSBB.jpg\",\"width\":1536,\"height\":1024},{\"@type\":\"BreadcrumbList\",\"@id\":\"https:\/\/futbolhoy.co\/index.php\/2026\/03\/11\/iran-se-baja-del-mundial-2026-que-equipo-lo-podria-reemplazar\/#breadcrumb\",\"itemListElement\":[{\"@type\":\"ListItem\",\"position\":1,\"name\":\"Portada\",\"item\":\"https:\/\/futbolhoy.co\/\"},{\"@type\":\"ListItem\",\"position\":2,\"name\":\"Ir\u00e1n se baja del Mundial 2026 \u00bfQu\u00e9 equipo lo podr\u00eda reemplazar?\"}]},{\"@type\":\"WebSite\",\"@id\":\"https:\/\/futbolhoy.co\/#website\",\"url\":\"https:\/\/futbolhoy.co\/\",\"name\":\"FutbolHoy\",\"description\":\"\",\"publisher\":{\"@id\":\"https:\/\/futbolhoy.co\/#organization\"},\"potentialAction\":[{\"@type\":\"SearchAction\",\"target\":{\"@type\":\"EntryPoint\",\"urlTemplate\":\"https:\/\/futbolhoy.co\/?s={search_term_string}\"},\"query-input\":{\"@type\":\"PropertyValueSpecification\",\"valueRequired\":true,\"valueName\":\"search_term_string\"}}],\"inLanguage\":\"es\"},{\"@type\":\"Organization\",\"@id\":\"https:\/\/futbolhoy.co\/#organization\",\"name\":\"Futbolhoy.co\",\"url\":\"https:\/\/futbolhoy.co\/\",\"logo\":{\"@type\":\"ImageObject\",\"inLanguage\":\"es\",\"@id\":\"https:\/\/futbolhoy.co\/#\/schema\/logo\/image\/\",\"url\":\"https:\/\/futbolhoy.co\/wp-content\/uploads\/2018\/08\/17426380_1906371736249227_6326180412931521141_n.jpg\",\"contentUrl\":\"https:\/\/futbolhoy.co\/wp-content\/uploads\/2018\/08\/17426380_1906371736249227_6326180412931521141_n.jpg\",\"width\":960,\"height\":960,\"caption\":\"Futbolhoy.co\"},\"image\":{\"@id\":\"https:\/\/futbolhoy.co\/#\/schema\/logo\/image\/\"},\"sameAs\":[\"https:\/\/www.facebook.com\/FutbolHoyCol\/\",\"https:\/\/x.com\/FutbolHoyCol\",\"https:\/\/www.instagram.com\/futbolhoycol\/\"]},{\"@type\":\"Person\",\"@id\":\"https:\/\/futbolhoy.co\/#\/schema\/person\/1721b69355b6623eaff15ac7b92d4cc3\",\"name\":\"contenido\",\"image\":{\"@type\":\"ImageObject\",\"inLanguage\":\"es\",\"@id\":\"https:\/\/futbolhoy.co\/#\/schema\/person\/image\/\",\"url\":\"https:\/\/secure.gravatar.com\/avatar\/4f656d3256f5134f466206e7c3941518?s=96&d=mm&r=g\",\"contentUrl\":\"https:\/\/secure.gravatar.com\/avatar\/4f656d3256f5134f466206e7c3941518?s=96&d=mm&r=g\",\"caption\":\"contenido\"}}]}<\/script>\n<!-- \/ Yoast SEO plugin. -->","yoast_head_json":{"title":"Ir\u00e1n se baja del Mundial 2026 \u00bfQu\u00e9 equipo lo podr\u00eda reemplazar? -","robots":{"index":"index","follow":"follow","max-snippet":"max-snippet:-1","max-image-preview":"max-image-preview:large","max-video-preview":"max-video-preview:-1"},"canonical":"https:\/\/futbolhoy.co\/index.php\/2026\/03\/11\/iran-se-baja-del-mundial-2026-que-equipo-lo-podria-reemplazar\/","og_locale":"es_ES","og_type":"article","og_title":"Ir\u00e1n se baja del Mundial 2026 \u00bfQu\u00e9 equipo lo podr\u00eda reemplazar? -","og_description":"La retirada de Ir\u00e1n del Mundial 2026 anunciada este mi\u00e9rcoles por su ministro de Deportes, a\u00fan no oficial ante la FIFA, abre la expectativa de otra selecci\u00f3n para poder ocupar esa plaza. Se trata de la Selecci\u00f3n de Irak, que se gan\u00f3 el derecho a jugar el repechaje internacional, pero no le asegura una plaza, [&hellip;]","og_url":"https:\/\/futbolhoy.co\/index.php\/2026\/03\/11\/iran-se-baja-del-mundial-2026-que-equipo-lo-podria-reemplazar\/","article_publisher":"https:\/\/www.facebook.com\/FutbolHoyCol\/","article_published_time":"2026-03-11T16:07:46+00:00","article_modified_time":"2026-03-12T02:33:36+00:00","og_image":[{"width":1536,"height":1024,"url":"https:\/\/futbolhoy.co\/wp-content\/uploads\/2026\/03\/HCfqulgXgAAwSBB.jpg","type":"image\/jpeg"}],"author":"contenido","twitter_card":"summary_large_image","twitter_creator":"@FutbolHoyCol","twitter_site":"@FutbolHoyCol","twitter_misc":{"Escrito por":"contenido","Tiempo de lectura":"1 minuto"},"schema":{"@context":"https:\/\/schema.org","@graph":[{"@type":"Article","@id":"https:\/\/futbolhoy.co\/index.php\/2026\/03\/11\/iran-se-baja-del-mundial-2026-que-equipo-lo-podria-reemplazar\/#article","isPartOf":{"@id":"https:\/\/futbolhoy.co\/index.php\/2026\/03\/11\/iran-se-baja-del-mundial-2026-que-equipo-lo-podria-reemplazar\/"},"author":{"name":"contenido","@id":"https:\/\/futbolhoy.co\/#\/schema\/person\/1721b69355b6623eaff15ac7b92d4cc3"},"headline":"Ir\u00e1n se baja del Mundial 2026 \u00bfQu\u00e9 equipo lo podr\u00eda reemplazar?","datePublished":"2026-03-11T16:07:46+00:00","dateModified":"2026-03-12T02:33:36+00:00","mainEntityOfPage":{"@id":"https:\/\/futbolhoy.co\/index.php\/2026\/03\/11\/iran-se-baja-del-mundial-2026-que-equipo-lo-podria-reemplazar\/"},"wordCount":243,"commentCount":0,"publisher":{"@id":"https:\/\/futbolhoy.co\/#organization"},"image":{"@id":"https:\/\/futbolhoy.co\/index.php\/2026\/03\/11\/iran-se-baja-del-mundial-2026-que-equipo-lo-podria-reemplazar\/#primaryimage"},"thumbnailUrl":"https:\/\/futbolhoy.co\/wp-content\/uploads\/2026\/03\/HCfqulgXgAAwSBB.jpg","articleSection":["Mundial"],"inLanguage":"es","potentialAction":[{"@type":"CommentAction","name":"Comment","target":["https:\/\/futbolhoy.co\/index.php\/2026\/03\/11\/iran-se-baja-del-mundial-2026-que-equipo-lo-podria-reemplazar\/#respond"]}]},{"@type":"WebPage","@id":"https:\/\/futbolhoy.co\/index.php\/2026\/03\/11\/iran-se-baja-del-mundial-2026-que-equipo-lo-podria-reemplazar\/","url":"https:\/\/futbolhoy.co\/index.php\/2026\/03\/11\/iran-se-baja-del-mundial-2026-que-equipo-lo-podria-reemplazar\/","name":"Ir\u00e1n se baja del Mundial 2026 \u00bfQu\u00e9 equipo lo podr\u00eda reemplazar? -","isPartOf":{"@id":"https:\/\/futbolhoy.co\/#website"},"primaryImageOfPage":{"@id":"https:\/\/futbolhoy.co\/index.php\/2026\/03\/11\/iran-se-baja-del-mundial-2026-que-equipo-lo-podria-reemplazar\/#primaryimage"},"image":{"@id":"https:\/\/futbolhoy.co\/index.php\/2026\/03\/11\/iran-se-baja-del-mundial-2026-que-equipo-lo-podria-reemplazar\/#primaryimage"},"thumbnailUrl":"https:\/\/futbolhoy.co\/wp-content\/uploads\/2026\/03\/HCfqulgXgAAwSBB.jpg","datePublished":"2026-03-11T16:07:46+00:00","dateModified":"2026-03-12T02:33:36+00:00","breadcrumb":{"@id":"https:\/\/futbolhoy.co\/index.php\/2026\/03\/11\/iran-se-baja-del-mundial-2026-que-equipo-lo-podria-reemplazar\/#breadcrumb"},"inLanguage":"es","potentialAction":[{"@type":"ReadAction","target":["https:\/\/futbolhoy.co\/index.php\/2026\/03\/11\/iran-se-baja-del-mundial-2026-que-equipo-lo-podria-reemplazar\/"]}]},{"@type":"ImageObject","inLanguage":"es","@id":"https:\/\/futbolhoy.co\/index.php\/2026\/03\/11\/iran-se-baja-del-mundial-2026-que-equipo-lo-podria-reemplazar\/#primaryimage","url":"https:\/\/futbolhoy.co\/wp-content\/uploads\/2026\/03\/HCfqulgXgAAwSBB.jpg","contentUrl":"https:\/\/futbolhoy.co\/wp-content\/uploads\/2026\/03\/HCfqulgXgAAwSBB.jpg","width":1536,"height":1024},{"@type":"BreadcrumbList","@id":"https:\/\/futbolhoy.co\/index.php\/2026\/03\/11\/iran-se-baja-del-mundial-2026-que-equipo-lo-podria-reemplazar\/#breadcrumb","itemListElement":[{"@type":"ListItem","position":1,"name":"Portada","item":"https:\/\/futbolhoy.co\/"},{"@type":"ListItem","position":2,"name":"Ir\u00e1n se baja del Mundial 2026 \u00bfQu\u00e9 equipo lo podr\u00eda reemplazar?"}]},{"@type":"WebSite","@id":"https:\/\/futbolhoy.co\/#website","url":"https:\/\/futbolhoy.co\/","name":"FutbolHoy","description":"","publisher":{"@id":"https:\/\/futbolhoy.co\/#organization"},"potentialAction":[{"@type":"SearchAction","target":{"@type":"EntryPoint","urlTemplate":"https:\/\/futbolhoy.co\/?s={search_term_string}"},"query-input":{"@type":"PropertyValueSpecification","valueRequired":true,"valueName":"search_term_string"}}],"inLanguage":"es"},{"@type":"Organization","@id":"https:\/\/futbolhoy.co\/#organization","name":"Futbolhoy.co","url":"https:\/\/futbolhoy.co\/","logo":{"@type":"ImageObject","inLanguage":"es","@id":"https:\/\/futbolhoy.co\/#\/schema\/logo\/image\/","url":"https:\/\/futbolhoy.co\/wp-content\/uploads\/2018\/08\/17426380_1906371736249227_6326180412931521141_n.jpg","contentUrl":"https:\/\/futbolhoy.co\/wp-content\/uploads\/2018\/08\/17426380_1906371736249227_6326180412931521141_n.jpg","width":960,"height":960,"caption":"Futbolhoy.co"},"image":{"@id":"https:\/\/futbolhoy.co\/#\/schema\/logo\/image\/"},"sameAs":["https:\/\/www.facebook.com\/FutbolHoyCol\/","https:\/\/x.com\/FutbolHoyCol","https:\/\/www.instagram.com\/futbolhoycol\/"]},{"@type":"Person","@id":"https:\/\/futbolhoy.co\/#\/schema\/person\/1721b69355b6623eaff15ac7b92d4cc3","name":"contenido","image":{"@type":"ImageObject","inLanguage":"es","@id":"https:\/\/futbolhoy.co\/#\/schema\/person\/image\/","url":"https:\/\/secure.gravatar.com\/avatar\/4f656d3256f5134f466206e7c3941518?s=96&d=mm&r=g","contentUrl":"https:\/\/secure.gravatar.com\/avatar\/4f656d3256f5134f466206e7c3941518?s=96&d=mm&r=g","caption":"contenido"}}]}},"publishpress_future_action":{"enabled":false,"date":"2026-05-03 17:21:53","action":"change-status","newStatus":"draft","terms":[],"taxonomy":"category","extraData":[]},"publishpress_future_workflow_manual_trigger":{"enabledWorkflows":[]},"_links":{"self":[{"href":"https:\/\/futbolhoy.co\/index.php\/wp-json\/wp\/v2\/posts\/130209","targetHints":{"allow":["GET"]}}],"collection":[{"href":"https:\/\/futbolhoy.co\/index.php\/wp-json\/wp\/v2\/posts"}],"about":[{"href":"https:\/\/futbolhoy.co\/index.php\/wp-json\/wp\/v2\/types\/post"}],"author":[{"embeddable":true,"href":"https:\/\/futbolhoy.co\/index.php\/wp-json\/wp\/v2\/users\/4"}],"replies":[{"embeddable":true,"href":"https:\/\/futbolhoy.co\/index.php\/wp-json\/wp\/v2\/comments?post=130209"}],"version-history":[{"count":1,"href":"https:\/\/futbolhoy.co\/index.php\/wp-json\/wp\/v2\/posts\/130209\/revisions"}],"predecessor-version":[{"id":130211,"href":"https:\/\/futbolhoy.co\/index.php\/wp-json\/wp\/v2\/posts\/130209\/revisions\/130211"}],"wp:featuredmedia":[{"embeddable":true,"href":"https:\/\/futbolhoy.co\/index.php\/wp-json\/wp\/v2\/media\/130210"}],"wp:attachment":[{"href":"https:\/\/futbolhoy.co\/index.php\/wp-json\/wp\/v2\/media?parent=130209"}],"wp:term":[{"taxonomy":"category","embeddable":true,"href":"https:\/\/futbolhoy.co\/index.php\/wp-json\/wp\/v2\/categories?post=130209"},{"taxonomy":"post_tag","embeddable":true,"href":"https:\/\/futbolhoy.co\/index.php\/wp-json\/wp\/v2\/tags?post=130209"}],"curies":[{"name":"wp","href":"https:\/\/api.w.org\/{rel}","templated":true}]}}