{"id":130216,"date":"2026-03-11T13:52:36","date_gmt":"2026-03-11T18:52:36","guid":{"rendered":"https:\/\/futbolhoy.co\/?p=130216"},"modified":"2026-03-12T09:22:48","modified_gmt":"2026-03-12T14:22:48","slug":"optimismo-con-munoz-y-lerma-de-cara-a-amistosos-de-seleccion-colombia","status":"publish","type":"post","link":"https:\/\/futbolhoy.co\/index.php\/2026\/03\/11\/optimismo-con-munoz-y-lerma-de-cara-a-amistosos-de-seleccion-colombia\/","title":{"rendered":"Optimismo con Mu\u00f1oz y Lerma de cara a amistosos de Selecci\u00f3n Colombia"},"content":{"rendered":"<p style=\"text-align: justify;\"><span style=\"font-family: helvetica, arial, sans-serif;\"><strong>Daniel Mu\u00f1oz<\/strong> y <strong>Jefferson Lerma<\/strong> hacen parte de los pilares de <strong>N\u00e9stor Lorenzo<\/strong> en la Selecci\u00f3n Colombia. Sin embargo, su presencia con la Tricolor para los amistosos ante Croacia (27 de marzo) y Francia (29 de marzo), se puso en duda.<\/span><\/p>\n<p style=\"text-align: justify;\"><span style=\"font-family: helvetica, arial, sans-serif;\">En el caso del volante, se esperaba que tuviera una recuperaci\u00f3n de tres semanas debido a su lesi\u00f3n, pero regres\u00f3 de manera prematura a la convocatoria ante Tottenham por Premier League y se espera que juegue por Conference League en el duelo en el que<strong> Crystal Palace recibe a AEK Larnaca<\/strong> de Chipre.<\/span><\/p>\n<p style=\"text-align: justify;\"><span style=\"font-family: helvetica, arial, sans-serif;\">\u201cJeff Lerma ya estaba en la convocatoria contra el Tottenham<strong>, pero pudimos darle descanso. Est\u00e1 bien<\/strong>\", afirm\u00f3 Oliver Glasner, en la previa del juego de este jueves por los octavos de final de la competici\u00f3n.<\/span><\/p>\n<p style=\"text-align: justify;\"><span style=\"font-family: helvetica, arial, sans-serif;\"><strong>Mu\u00f1oz,<\/strong> por su parte, prendi\u00f3 las alarmas en ese duelo frente a Tottenham, pues sali\u00f3 lesionado antes de los 20 minutos de partido por un problema de hombro. Su molestia no fue tan grave como se pens\u00f3 y <strong>podr\u00eda regresar pronto.<\/strong><\/span><\/p>\n<p style=\"text-align: justify;\"><span style=\"font-family: helvetica, arial, sans-serif;\">\u201cDaniel Mu\u00f1oz se perder\u00e1 este partido. Est\u00e1 trabajando arduamente con nuestro personal m\u00e9dico para <strong>estar listo para el partido contra el Leeds (domingo 15 de marzo)<\/strong>\u201d, dijo Glasner.<\/span><\/p>\n<p style=\"text-align: justify;\"><span style=\"font-family: helvetica, arial, sans-serif;\">La convocatoria de Lorenzo para los juegos en Estados Unidos ante los equipos europeos <strong>se conocer\u00e1 la pr\u00f3xima semana.<\/strong><\/span><\/p>\n","protected":false},"excerpt":{"rendered":"<p>Daniel Mu\u00f1oz y Jefferson Lerma hacen parte de los pilares de N\u00e9stor Lorenzo en la Selecci\u00f3n Colombia. Sin embargo, su presencia con la Tricolor para los amistosos ante Croacia (27 de marzo) y Francia (29 de marzo), se puso en duda. En el caso del volante, se esperaba que tuviera una recuperaci\u00f3n de tres semanas [&hellip;]<\/p>\n","protected":false},"author":4,"featured_media":130217,"comment_status":"open","ping_status":"open","sticky":false,"template":"","format":"standard","meta":{"_acf_changed":false,"footnotes":""},"categories":[418],"tags":[],"class_list":{"0":"post-130216","1":"post","2":"type-post","3":"status-publish","4":"format-standard","5":"has-post-thumbnail","7":"category-colombia"},"acf":[],"yoast_head":"<!-- This site is optimized with the Yoast SEO plugin v26.8 - https:\/\/yoast.com\/product\/yoast-seo-wordpress\/ -->\n<title>Optimismo con Mu\u00f1oz y Lerma de cara a amistosos de Selecci\u00f3n Colombia -<\/title>\n<meta name=\"robots\" content=\"index, follow, max-snippet:-1, max-image-preview:large, max-video-preview:-1\" \/>\n<link rel=\"canonical\" href=\"https:\/\/futbolhoy.co\/index.php\/2026\/03\/11\/optimismo-con-munoz-y-lerma-de-cara-a-amistosos-de-seleccion-colombia\/\" \/>\n<meta property=\"og:locale\" content=\"es_ES\" \/>\n<meta property=\"og:type\" content=\"article\" \/>\n<meta property=\"og:title\" content=\"Optimismo con Mu\u00f1oz y Lerma de cara a amistosos de Selecci\u00f3n Colombia -\" \/>\n<meta property=\"og:description\" content=\"Daniel Mu\u00f1oz y Jefferson Lerma hacen parte de los pilares de N\u00e9stor Lorenzo en la Selecci\u00f3n Colombia. Sin embargo, su presencia con la Tricolor para los amistosos ante Croacia (27 de marzo) y Francia (29 de marzo), se puso en duda. En el caso del volante, se esperaba que tuviera una recuperaci\u00f3n de tres semanas [&hellip;]\" \/>\n<meta property=\"og:url\" content=\"https:\/\/futbolhoy.co\/index.php\/2026\/03\/11\/optimismo-con-munoz-y-lerma-de-cara-a-amistosos-de-seleccion-colombia\/\" \/>\n<meta property=\"article:publisher\" content=\"https:\/\/www.facebook.com\/FutbolHoyCol\/\" \/>\n<meta property=\"article:published_time\" content=\"2026-03-11T18:52:36+00:00\" \/>\n<meta property=\"article:modified_time\" content=\"2026-03-12T14:22:48+00:00\" \/>\n<meta property=\"og:image\" content=\"https:\/\/futbolhoy.co\/wp-content\/uploads\/2026\/03\/GrK42MUWMAADiQo.jpg\" \/>\n\t<meta property=\"og:image:width\" content=\"1602\" \/>\n\t<meta property=\"og:image:height\" content=\"1200\" \/>\n\t<meta property=\"og:image:type\" content=\"image\/jpeg\" \/>\n<meta name=\"author\" content=\"contenido\" \/>\n<meta name=\"twitter:card\" content=\"summary_large_image\" \/>\n<meta name=\"twitter:creator\" content=\"@FutbolHoyCol\" \/>\n<meta name=\"twitter:site\" content=\"@FutbolHoyCol\" \/>\n<meta name=\"twitter:label1\" content=\"Escrito por\" \/>\n\t<meta name=\"twitter:data1\" content=\"contenido\" \/>\n\t<meta name=\"twitter:label2\" content=\"Tiempo de lectura\" \/>\n\t<meta name=\"twitter:data2\" content=\"1 minuto\" \/>\n<script type=\"application\/ld+json\" class=\"yoast-schema-graph\">{\"@context\":\"https:\/\/schema.org\",\"@graph\":[{\"@type\":\"Article\",\"@id\":\"https:\/\/futbolhoy.co\/index.php\/2026\/03\/11\/optimismo-con-munoz-y-lerma-de-cara-a-amistosos-de-seleccion-colombia\/#article\",\"isPartOf\":{\"@id\":\"https:\/\/futbolhoy.co\/index.php\/2026\/03\/11\/optimismo-con-munoz-y-lerma-de-cara-a-amistosos-de-seleccion-colombia\/\"},\"author\":{\"name\":\"contenido\",\"@id\":\"https:\/\/futbolhoy.co\/#\/schema\/person\/1721b69355b6623eaff15ac7b92d4cc3\"},\"headline\":\"Optimismo con Mu\u00f1oz y Lerma de cara a amistosos de Selecci\u00f3n Colombia\",\"datePublished\":\"2026-03-11T18:52:36+00:00\",\"dateModified\":\"2026-03-12T14:22:48+00:00\",\"mainEntityOfPage\":{\"@id\":\"https:\/\/futbolhoy.co\/index.php\/2026\/03\/11\/optimismo-con-munoz-y-lerma-de-cara-a-amistosos-de-seleccion-colombia\/\"},\"wordCount\":238,\"commentCount\":0,\"publisher\":{\"@id\":\"https:\/\/futbolhoy.co\/#organization\"},\"image\":{\"@id\":\"https:\/\/futbolhoy.co\/index.php\/2026\/03\/11\/optimismo-con-munoz-y-lerma-de-cara-a-amistosos-de-seleccion-colombia\/#primaryimage\"},\"thumbnailUrl\":\"https:\/\/futbolhoy.co\/wp-content\/uploads\/2026\/03\/GrK42MUWMAADiQo.jpg\",\"articleSection\":[\"Colombia\"],\"inLanguage\":\"es\",\"potentialAction\":[{\"@type\":\"CommentAction\",\"name\":\"Comment\",\"target\":[\"https:\/\/futbolhoy.co\/index.php\/2026\/03\/11\/optimismo-con-munoz-y-lerma-de-cara-a-amistosos-de-seleccion-colombia\/#respond\"]}]},{\"@type\":\"WebPage\",\"@id\":\"https:\/\/futbolhoy.co\/index.php\/2026\/03\/11\/optimismo-con-munoz-y-lerma-de-cara-a-amistosos-de-seleccion-colombia\/\",\"url\":\"https:\/\/futbolhoy.co\/index.php\/2026\/03\/11\/optimismo-con-munoz-y-lerma-de-cara-a-amistosos-de-seleccion-colombia\/\",\"name\":\"Optimismo con Mu\u00f1oz y Lerma de cara a amistosos de Selecci\u00f3n Colombia -\",\"isPartOf\":{\"@id\":\"https:\/\/futbolhoy.co\/#website\"},\"primaryImageOfPage\":{\"@id\":\"https:\/\/futbolhoy.co\/index.php\/2026\/03\/11\/optimismo-con-munoz-y-lerma-de-cara-a-amistosos-de-seleccion-colombia\/#primaryimage\"},\"image\":{\"@id\":\"https:\/\/futbolhoy.co\/index.php\/2026\/03\/11\/optimismo-con-munoz-y-lerma-de-cara-a-amistosos-de-seleccion-colombia\/#primaryimage\"},\"thumbnailUrl\":\"https:\/\/futbolhoy.co\/wp-content\/uploads\/2026\/03\/GrK42MUWMAADiQo.jpg\",\"datePublished\":\"2026-03-11T18:52:36+00:00\",\"dateModified\":\"2026-03-12T14:22:48+00:00\",\"breadcrumb\":{\"@id\":\"https:\/\/futbolhoy.co\/index.php\/2026\/03\/11\/optimismo-con-munoz-y-lerma-de-cara-a-amistosos-de-seleccion-colombia\/#breadcrumb\"},\"inLanguage\":\"es\",\"potentialAction\":[{\"@type\":\"ReadAction\",\"target\":[\"https:\/\/futbolhoy.co\/index.php\/2026\/03\/11\/optimismo-con-munoz-y-lerma-de-cara-a-amistosos-de-seleccion-colombia\/\"]}]},{\"@type\":\"ImageObject\",\"inLanguage\":\"es\",\"@id\":\"https:\/\/futbolhoy.co\/index.php\/2026\/03\/11\/optimismo-con-munoz-y-lerma-de-cara-a-amistosos-de-seleccion-colombia\/#primaryimage\",\"url\":\"https:\/\/futbolhoy.co\/wp-content\/uploads\/2026\/03\/GrK42MUWMAADiQo.jpg\",\"contentUrl\":\"https:\/\/futbolhoy.co\/wp-content\/uploads\/2026\/03\/GrK42MUWMAADiQo.jpg\",\"width\":1602,\"height\":1200},{\"@type\":\"BreadcrumbList\",\"@id\":\"https:\/\/futbolhoy.co\/index.php\/2026\/03\/11\/optimismo-con-munoz-y-lerma-de-cara-a-amistosos-de-seleccion-colombia\/#breadcrumb\",\"itemListElement\":[{\"@type\":\"ListItem\",\"position\":1,\"name\":\"Portada\",\"item\":\"https:\/\/futbolhoy.co\/\"},{\"@type\":\"ListItem\",\"position\":2,\"name\":\"Optimismo con Mu\u00f1oz y Lerma de cara a amistosos de Selecci\u00f3n Colombia\"}]},{\"@type\":\"WebSite\",\"@id\":\"https:\/\/futbolhoy.co\/#website\",\"url\":\"https:\/\/futbolhoy.co\/\",\"name\":\"FutbolHoy\",\"description\":\"\",\"publisher\":{\"@id\":\"https:\/\/futbolhoy.co\/#organization\"},\"potentialAction\":[{\"@type\":\"SearchAction\",\"target\":{\"@type\":\"EntryPoint\",\"urlTemplate\":\"https:\/\/futbolhoy.co\/?s={search_term_string}\"},\"query-input\":{\"@type\":\"PropertyValueSpecification\",\"valueRequired\":true,\"valueName\":\"search_term_string\"}}],\"inLanguage\":\"es\"},{\"@type\":\"Organization\",\"@id\":\"https:\/\/futbolhoy.co\/#organization\",\"name\":\"Futbolhoy.co\",\"url\":\"https:\/\/futbolhoy.co\/\",\"logo\":{\"@type\":\"ImageObject\",\"inLanguage\":\"es\",\"@id\":\"https:\/\/futbolhoy.co\/#\/schema\/logo\/image\/\",\"url\":\"https:\/\/futbolhoy.co\/wp-content\/uploads\/2018\/08\/17426380_1906371736249227_6326180412931521141_n.jpg\",\"contentUrl\":\"https:\/\/futbolhoy.co\/wp-content\/uploads\/2018\/08\/17426380_1906371736249227_6326180412931521141_n.jpg\",\"width\":960,\"height\":960,\"caption\":\"Futbolhoy.co\"},\"image\":{\"@id\":\"https:\/\/futbolhoy.co\/#\/schema\/logo\/image\/\"},\"sameAs\":[\"https:\/\/www.facebook.com\/FutbolHoyCol\/\",\"https:\/\/x.com\/FutbolHoyCol\",\"https:\/\/www.instagram.com\/futbolhoycol\/\"]},{\"@type\":\"Person\",\"@id\":\"https:\/\/futbolhoy.co\/#\/schema\/person\/1721b69355b6623eaff15ac7b92d4cc3\",\"name\":\"contenido\",\"image\":{\"@type\":\"ImageObject\",\"inLanguage\":\"es\",\"@id\":\"https:\/\/futbolhoy.co\/#\/schema\/person\/image\/\",\"url\":\"https:\/\/secure.gravatar.com\/avatar\/4f656d3256f5134f466206e7c3941518?s=96&d=mm&r=g\",\"contentUrl\":\"https:\/\/secure.gravatar.com\/avatar\/4f656d3256f5134f466206e7c3941518?s=96&d=mm&r=g\",\"caption\":\"contenido\"}}]}<\/script>\n<!-- \/ Yoast SEO plugin. -->","yoast_head_json":{"title":"Optimismo con Mu\u00f1oz y Lerma de cara a amistosos de Selecci\u00f3n Colombia -","robots":{"index":"index","follow":"follow","max-snippet":"max-snippet:-1","max-image-preview":"max-image-preview:large","max-video-preview":"max-video-preview:-1"},"canonical":"https:\/\/futbolhoy.co\/index.php\/2026\/03\/11\/optimismo-con-munoz-y-lerma-de-cara-a-amistosos-de-seleccion-colombia\/","og_locale":"es_ES","og_type":"article","og_title":"Optimismo con Mu\u00f1oz y Lerma de cara a amistosos de Selecci\u00f3n Colombia -","og_description":"Daniel Mu\u00f1oz y Jefferson Lerma hacen parte de los pilares de N\u00e9stor Lorenzo en la Selecci\u00f3n Colombia. Sin embargo, su presencia con la Tricolor para los amistosos ante Croacia (27 de marzo) y Francia (29 de marzo), se puso en duda. En el caso del volante, se esperaba que tuviera una recuperaci\u00f3n de tres semanas [&hellip;]","og_url":"https:\/\/futbolhoy.co\/index.php\/2026\/03\/11\/optimismo-con-munoz-y-lerma-de-cara-a-amistosos-de-seleccion-colombia\/","article_publisher":"https:\/\/www.facebook.com\/FutbolHoyCol\/","article_published_time":"2026-03-11T18:52:36+00:00","article_modified_time":"2026-03-12T14:22:48+00:00","og_image":[{"width":1602,"height":1200,"url":"https:\/\/futbolhoy.co\/wp-content\/uploads\/2026\/03\/GrK42MUWMAADiQo.jpg","type":"image\/jpeg"}],"author":"contenido","twitter_card":"summary_large_image","twitter_creator":"@FutbolHoyCol","twitter_site":"@FutbolHoyCol","twitter_misc":{"Escrito por":"contenido","Tiempo de lectura":"1 minuto"},"schema":{"@context":"https:\/\/schema.org","@graph":[{"@type":"Article","@id":"https:\/\/futbolhoy.co\/index.php\/2026\/03\/11\/optimismo-con-munoz-y-lerma-de-cara-a-amistosos-de-seleccion-colombia\/#article","isPartOf":{"@id":"https:\/\/futbolhoy.co\/index.php\/2026\/03\/11\/optimismo-con-munoz-y-lerma-de-cara-a-amistosos-de-seleccion-colombia\/"},"author":{"name":"contenido","@id":"https:\/\/futbolhoy.co\/#\/schema\/person\/1721b69355b6623eaff15ac7b92d4cc3"},"headline":"Optimismo con Mu\u00f1oz y Lerma de cara a amistosos de Selecci\u00f3n Colombia","datePublished":"2026-03-11T18:52:36+00:00","dateModified":"2026-03-12T14:22:48+00:00","mainEntityOfPage":{"@id":"https:\/\/futbolhoy.co\/index.php\/2026\/03\/11\/optimismo-con-munoz-y-lerma-de-cara-a-amistosos-de-seleccion-colombia\/"},"wordCount":238,"commentCount":0,"publisher":{"@id":"https:\/\/futbolhoy.co\/#organization"},"image":{"@id":"https:\/\/futbolhoy.co\/index.php\/2026\/03\/11\/optimismo-con-munoz-y-lerma-de-cara-a-amistosos-de-seleccion-colombia\/#primaryimage"},"thumbnailUrl":"https:\/\/futbolhoy.co\/wp-content\/uploads\/2026\/03\/GrK42MUWMAADiQo.jpg","articleSection":["Colombia"],"inLanguage":"es","potentialAction":[{"@type":"CommentAction","name":"Comment","target":["https:\/\/futbolhoy.co\/index.php\/2026\/03\/11\/optimismo-con-munoz-y-lerma-de-cara-a-amistosos-de-seleccion-colombia\/#respond"]}]},{"@type":"WebPage","@id":"https:\/\/futbolhoy.co\/index.php\/2026\/03\/11\/optimismo-con-munoz-y-lerma-de-cara-a-amistosos-de-seleccion-colombia\/","url":"https:\/\/futbolhoy.co\/index.php\/2026\/03\/11\/optimismo-con-munoz-y-lerma-de-cara-a-amistosos-de-seleccion-colombia\/","name":"Optimismo con Mu\u00f1oz y Lerma de cara a amistosos de Selecci\u00f3n Colombia -","isPartOf":{"@id":"https:\/\/futbolhoy.co\/#website"},"primaryImageOfPage":{"@id":"https:\/\/futbolhoy.co\/index.php\/2026\/03\/11\/optimismo-con-munoz-y-lerma-de-cara-a-amistosos-de-seleccion-colombia\/#primaryimage"},"image":{"@id":"https:\/\/futbolhoy.co\/index.php\/2026\/03\/11\/optimismo-con-munoz-y-lerma-de-cara-a-amistosos-de-seleccion-colombia\/#primaryimage"},"thumbnailUrl":"https:\/\/futbolhoy.co\/wp-content\/uploads\/2026\/03\/GrK42MUWMAADiQo.jpg","datePublished":"2026-03-11T18:52:36+00:00","dateModified":"2026-03-12T14:22:48+00:00","breadcrumb":{"@id":"https:\/\/futbolhoy.co\/index.php\/2026\/03\/11\/optimismo-con-munoz-y-lerma-de-cara-a-amistosos-de-seleccion-colombia\/#breadcrumb"},"inLanguage":"es","potentialAction":[{"@type":"ReadAction","target":["https:\/\/futbolhoy.co\/index.php\/2026\/03\/11\/optimismo-con-munoz-y-lerma-de-cara-a-amistosos-de-seleccion-colombia\/"]}]},{"@type":"ImageObject","inLanguage":"es","@id":"https:\/\/futbolhoy.co\/index.php\/2026\/03\/11\/optimismo-con-munoz-y-lerma-de-cara-a-amistosos-de-seleccion-colombia\/#primaryimage","url":"https:\/\/futbolhoy.co\/wp-content\/uploads\/2026\/03\/GrK42MUWMAADiQo.jpg","contentUrl":"https:\/\/futbolhoy.co\/wp-content\/uploads\/2026\/03\/GrK42MUWMAADiQo.jpg","width":1602,"height":1200},{"@type":"BreadcrumbList","@id":"https:\/\/futbolhoy.co\/index.php\/2026\/03\/11\/optimismo-con-munoz-y-lerma-de-cara-a-amistosos-de-seleccion-colombia\/#breadcrumb","itemListElement":[{"@type":"ListItem","position":1,"name":"Portada","item":"https:\/\/futbolhoy.co\/"},{"@type":"ListItem","position":2,"name":"Optimismo con Mu\u00f1oz y Lerma de cara a amistosos de Selecci\u00f3n Colombia"}]},{"@type":"WebSite","@id":"https:\/\/futbolhoy.co\/#website","url":"https:\/\/futbolhoy.co\/","name":"FutbolHoy","description":"","publisher":{"@id":"https:\/\/futbolhoy.co\/#organization"},"potentialAction":[{"@type":"SearchAction","target":{"@type":"EntryPoint","urlTemplate":"https:\/\/futbolhoy.co\/?s={search_term_string}"},"query-input":{"@type":"PropertyValueSpecification","valueRequired":true,"valueName":"search_term_string"}}],"inLanguage":"es"},{"@type":"Organization","@id":"https:\/\/futbolhoy.co\/#organization","name":"Futbolhoy.co","url":"https:\/\/futbolhoy.co\/","logo":{"@type":"ImageObject","inLanguage":"es","@id":"https:\/\/futbolhoy.co\/#\/schema\/logo\/image\/","url":"https:\/\/futbolhoy.co\/wp-content\/uploads\/2018\/08\/17426380_1906371736249227_6326180412931521141_n.jpg","contentUrl":"https:\/\/futbolhoy.co\/wp-content\/uploads\/2018\/08\/17426380_1906371736249227_6326180412931521141_n.jpg","width":960,"height":960,"caption":"Futbolhoy.co"},"image":{"@id":"https:\/\/futbolhoy.co\/#\/schema\/logo\/image\/"},"sameAs":["https:\/\/www.facebook.com\/FutbolHoyCol\/","https:\/\/x.com\/FutbolHoyCol","https:\/\/www.instagram.com\/futbolhoycol\/"]},{"@type":"Person","@id":"https:\/\/futbolhoy.co\/#\/schema\/person\/1721b69355b6623eaff15ac7b92d4cc3","name":"contenido","image":{"@type":"ImageObject","inLanguage":"es","@id":"https:\/\/futbolhoy.co\/#\/schema\/person\/image\/","url":"https:\/\/secure.gravatar.com\/avatar\/4f656d3256f5134f466206e7c3941518?s=96&d=mm&r=g","contentUrl":"https:\/\/secure.gravatar.com\/avatar\/4f656d3256f5134f466206e7c3941518?s=96&d=mm&r=g","caption":"contenido"}}]}},"publishpress_future_action":{"enabled":false,"date":"2026-05-03 14:15:03","action":"change-status","newStatus":"draft","terms":[],"taxonomy":"category","extraData":[]},"publishpress_future_workflow_manual_trigger":{"enabledWorkflows":[]},"_links":{"self":[{"href":"https:\/\/futbolhoy.co\/index.php\/wp-json\/wp\/v2\/posts\/130216","targetHints":{"allow":["GET"]}}],"collection":[{"href":"https:\/\/futbolhoy.co\/index.php\/wp-json\/wp\/v2\/posts"}],"about":[{"href":"https:\/\/futbolhoy.co\/index.php\/wp-json\/wp\/v2\/types\/post"}],"author":[{"embeddable":true,"href":"https:\/\/futbolhoy.co\/index.php\/wp-json\/wp\/v2\/users\/4"}],"replies":[{"embeddable":true,"href":"https:\/\/futbolhoy.co\/index.php\/wp-json\/wp\/v2\/comments?post=130216"}],"version-history":[{"count":1,"href":"https:\/\/futbolhoy.co\/index.php\/wp-json\/wp\/v2\/posts\/130216\/revisions"}],"predecessor-version":[{"id":130218,"href":"https:\/\/futbolhoy.co\/index.php\/wp-json\/wp\/v2\/posts\/130216\/revisions\/130218"}],"wp:featuredmedia":[{"embeddable":true,"href":"https:\/\/futbolhoy.co\/index.php\/wp-json\/wp\/v2\/media\/130217"}],"wp:attachment":[{"href":"https:\/\/futbolhoy.co\/index.php\/wp-json\/wp\/v2\/media?parent=130216"}],"wp:term":[{"taxonomy":"category","embeddable":true,"href":"https:\/\/futbolhoy.co\/index.php\/wp-json\/wp\/v2\/categories?post=130216"},{"taxonomy":"post_tag","embeddable":true,"href":"https:\/\/futbolhoy.co\/index.php\/wp-json\/wp\/v2\/tags?post=130216"}],"curies":[{"name":"wp","href":"https:\/\/api.w.org\/{rel}","templated":true}]}}