{"id":130256,"date":"2026-03-12T09:27:27","date_gmt":"2026-03-12T14:27:27","guid":{"rendered":"https:\/\/futbolhoy.co\/?p=130256"},"modified":"2026-03-13T22:38:51","modified_gmt":"2026-03-14T03:38:51","slug":"espana-vs-argentina-por-la-finalissima-este-seria-el-estadio-sede","status":"publish","type":"post","link":"https:\/\/futbolhoy.co\/index.php\/2026\/03\/12\/espana-vs-argentina-por-la-finalissima-este-seria-el-estadio-sede\/","title":{"rendered":"Espa\u00f1a vs. Argentina, por la Finalissima: este ser\u00eda el estadio sede"},"content":{"rendered":"<p style=\"text-align: justify;\"><span style=\"font-family: helvetica, arial, sans-serif;\">El estadio <strong>Santiago Bernab\u00e9u<\/strong> es la opci\u00f3n m\u00e1s clara para acoger la <strong>Finalissima,<\/strong> que enfrentar\u00e1 a las selecciones de <strong>Espa\u00f1a<\/strong> y <strong>Argentina<\/strong> como \u00faltimas campeonas de la <strong>Eurocopa<\/strong> y la <strong>Copa Am\u00e9rica,<\/strong> respectivamente, el pr\u00f3ximo viernes 27 de marzo.<\/span><\/p>\n<p style=\"text-align: justify;\"><span style=\"font-family: helvetica, arial, sans-serif;\">El <strong>Real Madrid<\/strong> ha mostrado su disposici\u00f3n absoluta a acoger el encuentro, tras las dudas suscitadas sobre la celebraci\u00f3n del encuentro que iba a jugarse en el estadio de <strong>Lusail<\/strong> en <strong>Qatar.<\/strong><\/span><\/p>\n<p style=\"text-align: justify;\"><span style=\"font-family: helvetica, arial, sans-serif;\">Desde el inicio de los ataques de <strong>Estados Unidos<\/strong> e <strong>Israel<\/strong> sobre Ir\u00e1n el pasado 28 de febrero y la respuesta del r\u00e9gimen de <strong>Teher\u00e1n<\/strong> con bombardeos contra puntos de los pa\u00edses vecinos, entre ellos Catar, el partido ha estado en el aire, pendiente de poder celebrarse en el escenario previsto o en un recinto distinto aceptado por la <strong>Conmebol<\/strong> y la <strong>UEFA<\/strong> y ambas selecciones.<\/span><\/p>\n<p style=\"text-align: justify;\"><span style=\"font-family: helvetica, arial, sans-serif;\">Poco despu\u00e9s del inicio de la ofensiva b\u00e9lica la <strong>Asociaci\u00f3n de F\u00fatbol de Catar (QFA)<\/strong> anunci\u00f3 el aplazamiento de todos sus torneos y competiciones debido a la inestabilidad en la zona hasta nuevo anuncio, pero sin mencionar el partido entre <strong>Espa\u00f1a<\/strong> y <strong>Argentina.<\/strong><\/span><\/p>\n<p style=\"text-align: justify;\"><span style=\"font-family: helvetica, arial, sans-serif;\">Desde el inicio del conflicto b\u00e9lico, la UEFA y la Conmebol se han mantenido en contacto y tambi\u00e9n con las autoridades catar\u00edes con el fin de tomar una decisi\u00f3n definitiva. Restar\u00eda el s\u00ed de ambas confederaciones para que el Bernab\u00e9u albergue el juego.<\/span><\/p>\n","protected":false},"excerpt":{"rendered":"<p>El estadio Santiago Bernab\u00e9u es la opci\u00f3n m\u00e1s clara para acoger la Finalissima, que enfrentar\u00e1 a las selecciones de Espa\u00f1a y Argentina como \u00faltimas campeonas de la Eurocopa y la Copa Am\u00e9rica, respectivamente, el pr\u00f3ximo viernes 27 de marzo. El Real Madrid ha mostrado su disposici\u00f3n absoluta a acoger el encuentro, tras las dudas suscitadas [&hellip;]<\/p>\n","protected":false},"author":4,"featured_media":130257,"comment_status":"open","ping_status":"open","sticky":false,"template":"","format":"standard","meta":{"_acf_changed":false,"footnotes":""},"categories":[152],"tags":[],"class_list":{"0":"post-130256","1":"post","2":"type-post","3":"status-publish","4":"format-standard","5":"has-post-thumbnail","7":"category-mundo-futbol"},"acf":[],"yoast_head":"<!-- This site is optimized with the Yoast SEO plugin v26.8 - https:\/\/yoast.com\/product\/yoast-seo-wordpress\/ -->\n<title>Espa\u00f1a vs. Argentina, por la Finalissima: este ser\u00eda el estadio sede -<\/title>\n<meta name=\"robots\" content=\"index, follow, max-snippet:-1, max-image-preview:large, max-video-preview:-1\" \/>\n<link rel=\"canonical\" href=\"https:\/\/futbolhoy.co\/index.php\/2026\/03\/12\/espana-vs-argentina-por-la-finalissima-este-seria-el-estadio-sede\/\" \/>\n<meta property=\"og:locale\" content=\"es_ES\" \/>\n<meta property=\"og:type\" content=\"article\" \/>\n<meta property=\"og:title\" content=\"Espa\u00f1a vs. Argentina, por la Finalissima: este ser\u00eda el estadio sede -\" \/>\n<meta property=\"og:description\" content=\"El estadio Santiago Bernab\u00e9u es la opci\u00f3n m\u00e1s clara para acoger la Finalissima, que enfrentar\u00e1 a las selecciones de Espa\u00f1a y Argentina como \u00faltimas campeonas de la Eurocopa y la Copa Am\u00e9rica, respectivamente, el pr\u00f3ximo viernes 27 de marzo. El Real Madrid ha mostrado su disposici\u00f3n absoluta a acoger el encuentro, tras las dudas suscitadas [&hellip;]\" \/>\n<meta property=\"og:url\" content=\"https:\/\/futbolhoy.co\/index.php\/2026\/03\/12\/espana-vs-argentina-por-la-finalissima-este-seria-el-estadio-sede\/\" \/>\n<meta property=\"article:publisher\" content=\"https:\/\/www.facebook.com\/FutbolHoyCol\/\" \/>\n<meta property=\"article:published_time\" content=\"2026-03-12T14:27:27+00:00\" \/>\n<meta property=\"article:modified_time\" content=\"2026-03-14T03:38:51+00:00\" \/>\n<meta property=\"og:image\" content=\"https:\/\/futbolhoy.co\/wp-content\/uploads\/2026\/03\/HDNUdpVbQAEocJi-scaled.jpg\" \/>\n\t<meta property=\"og:image:width\" content=\"2560\" \/>\n\t<meta property=\"og:image:height\" content=\"1538\" \/>\n\t<meta property=\"og:image:type\" content=\"image\/jpeg\" \/>\n<meta name=\"author\" content=\"contenido\" \/>\n<meta name=\"twitter:card\" content=\"summary_large_image\" \/>\n<meta name=\"twitter:creator\" content=\"@FutbolHoyCol\" \/>\n<meta name=\"twitter:site\" content=\"@FutbolHoyCol\" \/>\n<meta name=\"twitter:label1\" content=\"Escrito por\" \/>\n\t<meta name=\"twitter:data1\" content=\"contenido\" \/>\n\t<meta name=\"twitter:label2\" content=\"Tiempo de lectura\" \/>\n\t<meta name=\"twitter:data2\" content=\"1 minuto\" \/>\n<script type=\"application\/ld+json\" class=\"yoast-schema-graph\">{\"@context\":\"https:\/\/schema.org\",\"@graph\":[{\"@type\":\"Article\",\"@id\":\"https:\/\/futbolhoy.co\/index.php\/2026\/03\/12\/espana-vs-argentina-por-la-finalissima-este-seria-el-estadio-sede\/#article\",\"isPartOf\":{\"@id\":\"https:\/\/futbolhoy.co\/index.php\/2026\/03\/12\/espana-vs-argentina-por-la-finalissima-este-seria-el-estadio-sede\/\"},\"author\":{\"name\":\"contenido\",\"@id\":\"https:\/\/futbolhoy.co\/#\/schema\/person\/1721b69355b6623eaff15ac7b92d4cc3\"},\"headline\":\"Espa\u00f1a vs. Argentina, por la Finalissima: este ser\u00eda el estadio sede\",\"datePublished\":\"2026-03-12T14:27:27+00:00\",\"dateModified\":\"2026-03-14T03:38:51+00:00\",\"mainEntityOfPage\":{\"@id\":\"https:\/\/futbolhoy.co\/index.php\/2026\/03\/12\/espana-vs-argentina-por-la-finalissima-este-seria-el-estadio-sede\/\"},\"wordCount\":257,\"commentCount\":0,\"publisher\":{\"@id\":\"https:\/\/futbolhoy.co\/#organization\"},\"image\":{\"@id\":\"https:\/\/futbolhoy.co\/index.php\/2026\/03\/12\/espana-vs-argentina-por-la-finalissima-este-seria-el-estadio-sede\/#primaryimage\"},\"thumbnailUrl\":\"https:\/\/futbolhoy.co\/wp-content\/uploads\/2026\/03\/HDNUdpVbQAEocJi-scaled.jpg\",\"articleSection\":[\"Mundo Futbol\"],\"inLanguage\":\"es\",\"potentialAction\":[{\"@type\":\"CommentAction\",\"name\":\"Comment\",\"target\":[\"https:\/\/futbolhoy.co\/index.php\/2026\/03\/12\/espana-vs-argentina-por-la-finalissima-este-seria-el-estadio-sede\/#respond\"]}]},{\"@type\":\"WebPage\",\"@id\":\"https:\/\/futbolhoy.co\/index.php\/2026\/03\/12\/espana-vs-argentina-por-la-finalissima-este-seria-el-estadio-sede\/\",\"url\":\"https:\/\/futbolhoy.co\/index.php\/2026\/03\/12\/espana-vs-argentina-por-la-finalissima-este-seria-el-estadio-sede\/\",\"name\":\"Espa\u00f1a vs. Argentina, por la Finalissima: este ser\u00eda el estadio sede -\",\"isPartOf\":{\"@id\":\"https:\/\/futbolhoy.co\/#website\"},\"primaryImageOfPage\":{\"@id\":\"https:\/\/futbolhoy.co\/index.php\/2026\/03\/12\/espana-vs-argentina-por-la-finalissima-este-seria-el-estadio-sede\/#primaryimage\"},\"image\":{\"@id\":\"https:\/\/futbolhoy.co\/index.php\/2026\/03\/12\/espana-vs-argentina-por-la-finalissima-este-seria-el-estadio-sede\/#primaryimage\"},\"thumbnailUrl\":\"https:\/\/futbolhoy.co\/wp-content\/uploads\/2026\/03\/HDNUdpVbQAEocJi-scaled.jpg\",\"datePublished\":\"2026-03-12T14:27:27+00:00\",\"dateModified\":\"2026-03-14T03:38:51+00:00\",\"breadcrumb\":{\"@id\":\"https:\/\/futbolhoy.co\/index.php\/2026\/03\/12\/espana-vs-argentina-por-la-finalissima-este-seria-el-estadio-sede\/#breadcrumb\"},\"inLanguage\":\"es\",\"potentialAction\":[{\"@type\":\"ReadAction\",\"target\":[\"https:\/\/futbolhoy.co\/index.php\/2026\/03\/12\/espana-vs-argentina-por-la-finalissima-este-seria-el-estadio-sede\/\"]}]},{\"@type\":\"ImageObject\",\"inLanguage\":\"es\",\"@id\":\"https:\/\/futbolhoy.co\/index.php\/2026\/03\/12\/espana-vs-argentina-por-la-finalissima-este-seria-el-estadio-sede\/#primaryimage\",\"url\":\"https:\/\/futbolhoy.co\/wp-content\/uploads\/2026\/03\/HDNUdpVbQAEocJi-scaled.jpg\",\"contentUrl\":\"https:\/\/futbolhoy.co\/wp-content\/uploads\/2026\/03\/HDNUdpVbQAEocJi-scaled.jpg\",\"width\":2560,\"height\":1538},{\"@type\":\"BreadcrumbList\",\"@id\":\"https:\/\/futbolhoy.co\/index.php\/2026\/03\/12\/espana-vs-argentina-por-la-finalissima-este-seria-el-estadio-sede\/#breadcrumb\",\"itemListElement\":[{\"@type\":\"ListItem\",\"position\":1,\"name\":\"Portada\",\"item\":\"https:\/\/futbolhoy.co\/\"},{\"@type\":\"ListItem\",\"position\":2,\"name\":\"Espa\u00f1a vs. Argentina, por la Finalissima: este ser\u00eda el estadio sede\"}]},{\"@type\":\"WebSite\",\"@id\":\"https:\/\/futbolhoy.co\/#website\",\"url\":\"https:\/\/futbolhoy.co\/\",\"name\":\"FutbolHoy\",\"description\":\"\",\"publisher\":{\"@id\":\"https:\/\/futbolhoy.co\/#organization\"},\"potentialAction\":[{\"@type\":\"SearchAction\",\"target\":{\"@type\":\"EntryPoint\",\"urlTemplate\":\"https:\/\/futbolhoy.co\/?s={search_term_string}\"},\"query-input\":{\"@type\":\"PropertyValueSpecification\",\"valueRequired\":true,\"valueName\":\"search_term_string\"}}],\"inLanguage\":\"es\"},{\"@type\":\"Organization\",\"@id\":\"https:\/\/futbolhoy.co\/#organization\",\"name\":\"Futbolhoy.co\",\"url\":\"https:\/\/futbolhoy.co\/\",\"logo\":{\"@type\":\"ImageObject\",\"inLanguage\":\"es\",\"@id\":\"https:\/\/futbolhoy.co\/#\/schema\/logo\/image\/\",\"url\":\"https:\/\/futbolhoy.co\/wp-content\/uploads\/2018\/08\/17426380_1906371736249227_6326180412931521141_n.jpg\",\"contentUrl\":\"https:\/\/futbolhoy.co\/wp-content\/uploads\/2018\/08\/17426380_1906371736249227_6326180412931521141_n.jpg\",\"width\":960,\"height\":960,\"caption\":\"Futbolhoy.co\"},\"image\":{\"@id\":\"https:\/\/futbolhoy.co\/#\/schema\/logo\/image\/\"},\"sameAs\":[\"https:\/\/www.facebook.com\/FutbolHoyCol\/\",\"https:\/\/x.com\/FutbolHoyCol\",\"https:\/\/www.instagram.com\/futbolhoycol\/\"]},{\"@type\":\"Person\",\"@id\":\"https:\/\/futbolhoy.co\/#\/schema\/person\/1721b69355b6623eaff15ac7b92d4cc3\",\"name\":\"contenido\",\"image\":{\"@type\":\"ImageObject\",\"inLanguage\":\"es\",\"@id\":\"https:\/\/futbolhoy.co\/#\/schema\/person\/image\/\",\"url\":\"https:\/\/secure.gravatar.com\/avatar\/4f656d3256f5134f466206e7c3941518?s=96&d=mm&r=g\",\"contentUrl\":\"https:\/\/secure.gravatar.com\/avatar\/4f656d3256f5134f466206e7c3941518?s=96&d=mm&r=g\",\"caption\":\"contenido\"}}]}<\/script>\n<!-- \/ Yoast SEO plugin. -->","yoast_head_json":{"title":"Espa\u00f1a vs. Argentina, por la Finalissima: este ser\u00eda el estadio sede -","robots":{"index":"index","follow":"follow","max-snippet":"max-snippet:-1","max-image-preview":"max-image-preview:large","max-video-preview":"max-video-preview:-1"},"canonical":"https:\/\/futbolhoy.co\/index.php\/2026\/03\/12\/espana-vs-argentina-por-la-finalissima-este-seria-el-estadio-sede\/","og_locale":"es_ES","og_type":"article","og_title":"Espa\u00f1a vs. Argentina, por la Finalissima: este ser\u00eda el estadio sede -","og_description":"El estadio Santiago Bernab\u00e9u es la opci\u00f3n m\u00e1s clara para acoger la Finalissima, que enfrentar\u00e1 a las selecciones de Espa\u00f1a y Argentina como \u00faltimas campeonas de la Eurocopa y la Copa Am\u00e9rica, respectivamente, el pr\u00f3ximo viernes 27 de marzo. El Real Madrid ha mostrado su disposici\u00f3n absoluta a acoger el encuentro, tras las dudas suscitadas [&hellip;]","og_url":"https:\/\/futbolhoy.co\/index.php\/2026\/03\/12\/espana-vs-argentina-por-la-finalissima-este-seria-el-estadio-sede\/","article_publisher":"https:\/\/www.facebook.com\/FutbolHoyCol\/","article_published_time":"2026-03-12T14:27:27+00:00","article_modified_time":"2026-03-14T03:38:51+00:00","og_image":[{"width":2560,"height":1538,"url":"https:\/\/futbolhoy.co\/wp-content\/uploads\/2026\/03\/HDNUdpVbQAEocJi-scaled.jpg","type":"image\/jpeg"}],"author":"contenido","twitter_card":"summary_large_image","twitter_creator":"@FutbolHoyCol","twitter_site":"@FutbolHoyCol","twitter_misc":{"Escrito por":"contenido","Tiempo de lectura":"1 minuto"},"schema":{"@context":"https:\/\/schema.org","@graph":[{"@type":"Article","@id":"https:\/\/futbolhoy.co\/index.php\/2026\/03\/12\/espana-vs-argentina-por-la-finalissima-este-seria-el-estadio-sede\/#article","isPartOf":{"@id":"https:\/\/futbolhoy.co\/index.php\/2026\/03\/12\/espana-vs-argentina-por-la-finalissima-este-seria-el-estadio-sede\/"},"author":{"name":"contenido","@id":"https:\/\/futbolhoy.co\/#\/schema\/person\/1721b69355b6623eaff15ac7b92d4cc3"},"headline":"Espa\u00f1a vs. Argentina, por la Finalissima: este ser\u00eda el estadio sede","datePublished":"2026-03-12T14:27:27+00:00","dateModified":"2026-03-14T03:38:51+00:00","mainEntityOfPage":{"@id":"https:\/\/futbolhoy.co\/index.php\/2026\/03\/12\/espana-vs-argentina-por-la-finalissima-este-seria-el-estadio-sede\/"},"wordCount":257,"commentCount":0,"publisher":{"@id":"https:\/\/futbolhoy.co\/#organization"},"image":{"@id":"https:\/\/futbolhoy.co\/index.php\/2026\/03\/12\/espana-vs-argentina-por-la-finalissima-este-seria-el-estadio-sede\/#primaryimage"},"thumbnailUrl":"https:\/\/futbolhoy.co\/wp-content\/uploads\/2026\/03\/HDNUdpVbQAEocJi-scaled.jpg","articleSection":["Mundo Futbol"],"inLanguage":"es","potentialAction":[{"@type":"CommentAction","name":"Comment","target":["https:\/\/futbolhoy.co\/index.php\/2026\/03\/12\/espana-vs-argentina-por-la-finalissima-este-seria-el-estadio-sede\/#respond"]}]},{"@type":"WebPage","@id":"https:\/\/futbolhoy.co\/index.php\/2026\/03\/12\/espana-vs-argentina-por-la-finalissima-este-seria-el-estadio-sede\/","url":"https:\/\/futbolhoy.co\/index.php\/2026\/03\/12\/espana-vs-argentina-por-la-finalissima-este-seria-el-estadio-sede\/","name":"Espa\u00f1a vs. Argentina, por la Finalissima: este ser\u00eda el estadio sede -","isPartOf":{"@id":"https:\/\/futbolhoy.co\/#website"},"primaryImageOfPage":{"@id":"https:\/\/futbolhoy.co\/index.php\/2026\/03\/12\/espana-vs-argentina-por-la-finalissima-este-seria-el-estadio-sede\/#primaryimage"},"image":{"@id":"https:\/\/futbolhoy.co\/index.php\/2026\/03\/12\/espana-vs-argentina-por-la-finalissima-este-seria-el-estadio-sede\/#primaryimage"},"thumbnailUrl":"https:\/\/futbolhoy.co\/wp-content\/uploads\/2026\/03\/HDNUdpVbQAEocJi-scaled.jpg","datePublished":"2026-03-12T14:27:27+00:00","dateModified":"2026-03-14T03:38:51+00:00","breadcrumb":{"@id":"https:\/\/futbolhoy.co\/index.php\/2026\/03\/12\/espana-vs-argentina-por-la-finalissima-este-seria-el-estadio-sede\/#breadcrumb"},"inLanguage":"es","potentialAction":[{"@type":"ReadAction","target":["https:\/\/futbolhoy.co\/index.php\/2026\/03\/12\/espana-vs-argentina-por-la-finalissima-este-seria-el-estadio-sede\/"]}]},{"@type":"ImageObject","inLanguage":"es","@id":"https:\/\/futbolhoy.co\/index.php\/2026\/03\/12\/espana-vs-argentina-por-la-finalissima-este-seria-el-estadio-sede\/#primaryimage","url":"https:\/\/futbolhoy.co\/wp-content\/uploads\/2026\/03\/HDNUdpVbQAEocJi-scaled.jpg","contentUrl":"https:\/\/futbolhoy.co\/wp-content\/uploads\/2026\/03\/HDNUdpVbQAEocJi-scaled.jpg","width":2560,"height":1538},{"@type":"BreadcrumbList","@id":"https:\/\/futbolhoy.co\/index.php\/2026\/03\/12\/espana-vs-argentina-por-la-finalissima-este-seria-el-estadio-sede\/#breadcrumb","itemListElement":[{"@type":"ListItem","position":1,"name":"Portada","item":"https:\/\/futbolhoy.co\/"},{"@type":"ListItem","position":2,"name":"Espa\u00f1a vs. Argentina, por la Finalissima: este ser\u00eda el estadio sede"}]},{"@type":"WebSite","@id":"https:\/\/futbolhoy.co\/#website","url":"https:\/\/futbolhoy.co\/","name":"FutbolHoy","description":"","publisher":{"@id":"https:\/\/futbolhoy.co\/#organization"},"potentialAction":[{"@type":"SearchAction","target":{"@type":"EntryPoint","urlTemplate":"https:\/\/futbolhoy.co\/?s={search_term_string}"},"query-input":{"@type":"PropertyValueSpecification","valueRequired":true,"valueName":"search_term_string"}}],"inLanguage":"es"},{"@type":"Organization","@id":"https:\/\/futbolhoy.co\/#organization","name":"Futbolhoy.co","url":"https:\/\/futbolhoy.co\/","logo":{"@type":"ImageObject","inLanguage":"es","@id":"https:\/\/futbolhoy.co\/#\/schema\/logo\/image\/","url":"https:\/\/futbolhoy.co\/wp-content\/uploads\/2018\/08\/17426380_1906371736249227_6326180412931521141_n.jpg","contentUrl":"https:\/\/futbolhoy.co\/wp-content\/uploads\/2018\/08\/17426380_1906371736249227_6326180412931521141_n.jpg","width":960,"height":960,"caption":"Futbolhoy.co"},"image":{"@id":"https:\/\/futbolhoy.co\/#\/schema\/logo\/image\/"},"sameAs":["https:\/\/www.facebook.com\/FutbolHoyCol\/","https:\/\/x.com\/FutbolHoyCol","https:\/\/www.instagram.com\/futbolhoycol\/"]},{"@type":"Person","@id":"https:\/\/futbolhoy.co\/#\/schema\/person\/1721b69355b6623eaff15ac7b92d4cc3","name":"contenido","image":{"@type":"ImageObject","inLanguage":"es","@id":"https:\/\/futbolhoy.co\/#\/schema\/person\/image\/","url":"https:\/\/secure.gravatar.com\/avatar\/4f656d3256f5134f466206e7c3941518?s=96&d=mm&r=g","contentUrl":"https:\/\/secure.gravatar.com\/avatar\/4f656d3256f5134f466206e7c3941518?s=96&d=mm&r=g","caption":"contenido"}}]}},"publishpress_future_action":{"enabled":false,"date":"2026-05-04 02:56:09","action":"change-status","newStatus":"draft","terms":[],"taxonomy":"category","extraData":[]},"publishpress_future_workflow_manual_trigger":{"enabledWorkflows":[]},"_links":{"self":[{"href":"https:\/\/futbolhoy.co\/index.php\/wp-json\/wp\/v2\/posts\/130256","targetHints":{"allow":["GET"]}}],"collection":[{"href":"https:\/\/futbolhoy.co\/index.php\/wp-json\/wp\/v2\/posts"}],"about":[{"href":"https:\/\/futbolhoy.co\/index.php\/wp-json\/wp\/v2\/types\/post"}],"author":[{"embeddable":true,"href":"https:\/\/futbolhoy.co\/index.php\/wp-json\/wp\/v2\/users\/4"}],"replies":[{"embeddable":true,"href":"https:\/\/futbolhoy.co\/index.php\/wp-json\/wp\/v2\/comments?post=130256"}],"version-history":[{"count":1,"href":"https:\/\/futbolhoy.co\/index.php\/wp-json\/wp\/v2\/posts\/130256\/revisions"}],"predecessor-version":[{"id":130258,"href":"https:\/\/futbolhoy.co\/index.php\/wp-json\/wp\/v2\/posts\/130256\/revisions\/130258"}],"wp:featuredmedia":[{"embeddable":true,"href":"https:\/\/futbolhoy.co\/index.php\/wp-json\/wp\/v2\/media\/130257"}],"wp:attachment":[{"href":"https:\/\/futbolhoy.co\/index.php\/wp-json\/wp\/v2\/media?parent=130256"}],"wp:term":[{"taxonomy":"category","embeddable":true,"href":"https:\/\/futbolhoy.co\/index.php\/wp-json\/wp\/v2\/categories?post=130256"},{"taxonomy":"post_tag","embeddable":true,"href":"https:\/\/futbolhoy.co\/index.php\/wp-json\/wp\/v2\/tags?post=130256"}],"curies":[{"name":"wp","href":"https:\/\/api.w.org\/{rel}","templated":true}]}}