{"id":130261,"date":"2026-03-12T11:34:12","date_gmt":"2026-03-12T16:34:12","guid":{"rendered":"https:\/\/futbolhoy.co\/?p=130261"},"modified":"2026-03-14T10:28:14","modified_gmt":"2026-03-14T15:28:14","slug":"polemico-mensaje-de-trump-a-la-seleccion-de-iran-de-cara-al-mundial","status":"publish","type":"post","link":"https:\/\/futbolhoy.co\/index.php\/2026\/03\/12\/polemico-mensaje-de-trump-a-la-seleccion-de-iran-de-cara-al-mundial\/","title":{"rendered":"Pol\u00e9mico mensaje de Trump a la Selecci\u00f3n de Ir\u00e1n de cara al Mundial"},"content":{"rendered":"<p style=\"text-align: justify;\"><span style=\"font-family: helvetica, arial, sans-serif;\">El presidente estadounidense, <strong>Donald Trump,<\/strong> dej\u00f3 un mensaje pol\u00e9mico para la <strong>Selecci\u00f3n de Ir\u00e1n<\/strong> con miras al <strong>Mundial,<\/strong> partiendo del conflicto b\u00e9lico en <strong>Medio Oriente<\/strong> y la participaci\u00f3n en vilo de este pa\u00eds en la <strong>Copa del Mundo.<\/strong><\/span><\/p>\n<p style=\"text-align: justify;\"><span style=\"font-family: helvetica, arial, sans-serif;\">\"La selecci\u00f3n nacional de f\u00fatbol de Ir\u00e1n es bienvenida al Mundial, pero realmente no creo que sea apropiado que est\u00e9n all\u00ed, por su propia seguridad\", escribi\u00f3 en la red <strong>Truth Social.<\/strong><\/span><\/p>\n<p style=\"text-align: justify;\"><span style=\"font-family: helvetica, arial, sans-serif;\">El mensaje del l\u00edder estadounidense se produce un d\u00eda despu\u00e9s de que el ministro de <strong>Deportes<\/strong> iran\u00ed,<strong>AhmanDonyamali,<\/strong> asegurara que \"no hay condiciones\" para que su pa\u00eds participe en el Mundial despu\u00e9s de que el l\u00edder supremo, <strong>Al\u00ed Jamene\u00ed,<\/strong> fuera asesinado en la ofensiva israel\u00ed y estadounidense iniciada el pasado 28 de febrero.<\/span><\/p>\n<p style=\"text-align: justify;\"><span style=\"font-family: helvetica, arial, sans-serif;\">El martes, el presidente de la<strong> FIFA, Gianni Infantino,<\/strong> se reuni\u00f3 con <strong>Trump<\/strong> en la <strong>Casa Blanca,<\/strong> donde el l\u00edder estadounidense le traslad\u00f3 que el equipo iran\u00ed era \"bienvenido\" en el Mundial.<\/span><\/p>\n<p style=\"text-align: justify;\"><span style=\"font-family: helvetica, arial, sans-serif;\">La participaci\u00f3n de Ir\u00e1n en la Copa del Mundo parece estar cada vez m\u00e1s lejana y ser\u00e1 la FIFA la que decida qu\u00e9 selecci\u00f3n ocupar\u00eda ese puesto, siendo Irak uno de los opcionados.<\/span><\/p>\n","protected":false},"excerpt":{"rendered":"<p>El presidente estadounidense, Donald Trump, dej\u00f3 un mensaje pol\u00e9mico para la Selecci\u00f3n de Ir\u00e1n con miras al Mundial, partiendo del conflicto b\u00e9lico en Medio Oriente y la participaci\u00f3n en vilo de este pa\u00eds en la Copa del Mundo. \"La selecci\u00f3n nacional de f\u00fatbol de Ir\u00e1n es bienvenida al Mundial, pero realmente no creo que sea [&hellip;]<\/p>\n","protected":false},"author":4,"featured_media":130262,"comment_status":"open","ping_status":"open","sticky":false,"template":"","format":"standard","meta":{"_acf_changed":false,"footnotes":""},"categories":[152],"tags":[],"class_list":{"0":"post-130261","1":"post","2":"type-post","3":"status-publish","4":"format-standard","5":"has-post-thumbnail","7":"category-mundo-futbol"},"acf":[],"yoast_head":"<!-- This site is optimized with the Yoast SEO plugin v26.8 - https:\/\/yoast.com\/product\/yoast-seo-wordpress\/ -->\n<title>Pol\u00e9mico mensaje de Trump a la Selecci\u00f3n de Ir\u00e1n de cara al Mundial -<\/title>\n<meta name=\"robots\" content=\"index, follow, max-snippet:-1, max-image-preview:large, max-video-preview:-1\" \/>\n<link rel=\"canonical\" href=\"https:\/\/futbolhoy.co\/index.php\/2026\/03\/12\/polemico-mensaje-de-trump-a-la-seleccion-de-iran-de-cara-al-mundial\/\" \/>\n<meta property=\"og:locale\" content=\"es_ES\" \/>\n<meta property=\"og:type\" content=\"article\" \/>\n<meta property=\"og:title\" content=\"Pol\u00e9mico mensaje de Trump a la Selecci\u00f3n de Ir\u00e1n de cara al Mundial -\" \/>\n<meta property=\"og:description\" content=\"El presidente estadounidense, Donald Trump, dej\u00f3 un mensaje pol\u00e9mico para la Selecci\u00f3n de Ir\u00e1n con miras al Mundial, partiendo del conflicto b\u00e9lico en Medio Oriente y la participaci\u00f3n en vilo de este pa\u00eds en la Copa del Mundo. &quot;La selecci\u00f3n nacional de f\u00fatbol de Ir\u00e1n es bienvenida al Mundial, pero realmente no creo que sea [&hellip;]\" \/>\n<meta property=\"og:url\" content=\"https:\/\/futbolhoy.co\/index.php\/2026\/03\/12\/polemico-mensaje-de-trump-a-la-seleccion-de-iran-de-cara-al-mundial\/\" \/>\n<meta property=\"article:publisher\" content=\"https:\/\/www.facebook.com\/FutbolHoyCol\/\" \/>\n<meta property=\"article:published_time\" content=\"2026-03-12T16:34:12+00:00\" \/>\n<meta property=\"article:modified_time\" content=\"2026-03-14T15:28:14+00:00\" \/>\n<meta property=\"og:image\" content=\"https:\/\/futbolhoy.co\/wp-content\/uploads\/2026\/03\/Trump-1024x768.png\" \/>\n\t<meta property=\"og:image:width\" content=\"1024\" \/>\n\t<meta property=\"og:image:height\" content=\"768\" \/>\n\t<meta property=\"og:image:type\" content=\"image\/png\" \/>\n<meta name=\"author\" content=\"contenido\" \/>\n<meta name=\"twitter:card\" content=\"summary_large_image\" \/>\n<meta name=\"twitter:creator\" content=\"@FutbolHoyCol\" \/>\n<meta name=\"twitter:site\" content=\"@FutbolHoyCol\" \/>\n<meta name=\"twitter:label1\" content=\"Escrito por\" \/>\n\t<meta name=\"twitter:data1\" content=\"contenido\" \/>\n\t<meta name=\"twitter:label2\" content=\"Tiempo de lectura\" \/>\n\t<meta name=\"twitter:data2\" content=\"1 minuto\" \/>\n<script type=\"application\/ld+json\" class=\"yoast-schema-graph\">{\"@context\":\"https:\/\/schema.org\",\"@graph\":[{\"@type\":\"Article\",\"@id\":\"https:\/\/futbolhoy.co\/index.php\/2026\/03\/12\/polemico-mensaje-de-trump-a-la-seleccion-de-iran-de-cara-al-mundial\/#article\",\"isPartOf\":{\"@id\":\"https:\/\/futbolhoy.co\/index.php\/2026\/03\/12\/polemico-mensaje-de-trump-a-la-seleccion-de-iran-de-cara-al-mundial\/\"},\"author\":{\"name\":\"contenido\",\"@id\":\"https:\/\/futbolhoy.co\/#\/schema\/person\/1721b69355b6623eaff15ac7b92d4cc3\"},\"headline\":\"Pol\u00e9mico mensaje de Trump a la Selecci\u00f3n de Ir\u00e1n de cara al Mundial\",\"datePublished\":\"2026-03-12T16:34:12+00:00\",\"dateModified\":\"2026-03-14T15:28:14+00:00\",\"mainEntityOfPage\":{\"@id\":\"https:\/\/futbolhoy.co\/index.php\/2026\/03\/12\/polemico-mensaje-de-trump-a-la-seleccion-de-iran-de-cara-al-mundial\/\"},\"wordCount\":224,\"commentCount\":0,\"publisher\":{\"@id\":\"https:\/\/futbolhoy.co\/#organization\"},\"image\":{\"@id\":\"https:\/\/futbolhoy.co\/index.php\/2026\/03\/12\/polemico-mensaje-de-trump-a-la-seleccion-de-iran-de-cara-al-mundial\/#primaryimage\"},\"thumbnailUrl\":\"https:\/\/futbolhoy.co\/wp-content\/uploads\/2026\/03\/Trump.png\",\"articleSection\":[\"Mundo Futbol\"],\"inLanguage\":\"es\",\"potentialAction\":[{\"@type\":\"CommentAction\",\"name\":\"Comment\",\"target\":[\"https:\/\/futbolhoy.co\/index.php\/2026\/03\/12\/polemico-mensaje-de-trump-a-la-seleccion-de-iran-de-cara-al-mundial\/#respond\"]}]},{\"@type\":\"WebPage\",\"@id\":\"https:\/\/futbolhoy.co\/index.php\/2026\/03\/12\/polemico-mensaje-de-trump-a-la-seleccion-de-iran-de-cara-al-mundial\/\",\"url\":\"https:\/\/futbolhoy.co\/index.php\/2026\/03\/12\/polemico-mensaje-de-trump-a-la-seleccion-de-iran-de-cara-al-mundial\/\",\"name\":\"Pol\u00e9mico mensaje de Trump a la Selecci\u00f3n de Ir\u00e1n de cara al Mundial -\",\"isPartOf\":{\"@id\":\"https:\/\/futbolhoy.co\/#website\"},\"primaryImageOfPage\":{\"@id\":\"https:\/\/futbolhoy.co\/index.php\/2026\/03\/12\/polemico-mensaje-de-trump-a-la-seleccion-de-iran-de-cara-al-mundial\/#primaryimage\"},\"image\":{\"@id\":\"https:\/\/futbolhoy.co\/index.php\/2026\/03\/12\/polemico-mensaje-de-trump-a-la-seleccion-de-iran-de-cara-al-mundial\/#primaryimage\"},\"thumbnailUrl\":\"https:\/\/futbolhoy.co\/wp-content\/uploads\/2026\/03\/Trump.png\",\"datePublished\":\"2026-03-12T16:34:12+00:00\",\"dateModified\":\"2026-03-14T15:28:14+00:00\",\"breadcrumb\":{\"@id\":\"https:\/\/futbolhoy.co\/index.php\/2026\/03\/12\/polemico-mensaje-de-trump-a-la-seleccion-de-iran-de-cara-al-mundial\/#breadcrumb\"},\"inLanguage\":\"es\",\"potentialAction\":[{\"@type\":\"ReadAction\",\"target\":[\"https:\/\/futbolhoy.co\/index.php\/2026\/03\/12\/polemico-mensaje-de-trump-a-la-seleccion-de-iran-de-cara-al-mundial\/\"]}]},{\"@type\":\"ImageObject\",\"inLanguage\":\"es\",\"@id\":\"https:\/\/futbolhoy.co\/index.php\/2026\/03\/12\/polemico-mensaje-de-trump-a-la-seleccion-de-iran-de-cara-al-mundial\/#primaryimage\",\"url\":\"https:\/\/futbolhoy.co\/wp-content\/uploads\/2026\/03\/Trump.png\",\"contentUrl\":\"https:\/\/futbolhoy.co\/wp-content\/uploads\/2026\/03\/Trump.png\",\"width\":1063,\"height\":797},{\"@type\":\"BreadcrumbList\",\"@id\":\"https:\/\/futbolhoy.co\/index.php\/2026\/03\/12\/polemico-mensaje-de-trump-a-la-seleccion-de-iran-de-cara-al-mundial\/#breadcrumb\",\"itemListElement\":[{\"@type\":\"ListItem\",\"position\":1,\"name\":\"Portada\",\"item\":\"https:\/\/futbolhoy.co\/\"},{\"@type\":\"ListItem\",\"position\":2,\"name\":\"Pol\u00e9mico mensaje de Trump a la Selecci\u00f3n de Ir\u00e1n de cara al Mundial\"}]},{\"@type\":\"WebSite\",\"@id\":\"https:\/\/futbolhoy.co\/#website\",\"url\":\"https:\/\/futbolhoy.co\/\",\"name\":\"FutbolHoy\",\"description\":\"\",\"publisher\":{\"@id\":\"https:\/\/futbolhoy.co\/#organization\"},\"potentialAction\":[{\"@type\":\"SearchAction\",\"target\":{\"@type\":\"EntryPoint\",\"urlTemplate\":\"https:\/\/futbolhoy.co\/?s={search_term_string}\"},\"query-input\":{\"@type\":\"PropertyValueSpecification\",\"valueRequired\":true,\"valueName\":\"search_term_string\"}}],\"inLanguage\":\"es\"},{\"@type\":\"Organization\",\"@id\":\"https:\/\/futbolhoy.co\/#organization\",\"name\":\"Futbolhoy.co\",\"url\":\"https:\/\/futbolhoy.co\/\",\"logo\":{\"@type\":\"ImageObject\",\"inLanguage\":\"es\",\"@id\":\"https:\/\/futbolhoy.co\/#\/schema\/logo\/image\/\",\"url\":\"https:\/\/futbolhoy.co\/wp-content\/uploads\/2018\/08\/17426380_1906371736249227_6326180412931521141_n.jpg\",\"contentUrl\":\"https:\/\/futbolhoy.co\/wp-content\/uploads\/2018\/08\/17426380_1906371736249227_6326180412931521141_n.jpg\",\"width\":960,\"height\":960,\"caption\":\"Futbolhoy.co\"},\"image\":{\"@id\":\"https:\/\/futbolhoy.co\/#\/schema\/logo\/image\/\"},\"sameAs\":[\"https:\/\/www.facebook.com\/FutbolHoyCol\/\",\"https:\/\/x.com\/FutbolHoyCol\",\"https:\/\/www.instagram.com\/futbolhoycol\/\"]},{\"@type\":\"Person\",\"@id\":\"https:\/\/futbolhoy.co\/#\/schema\/person\/1721b69355b6623eaff15ac7b92d4cc3\",\"name\":\"contenido\",\"image\":{\"@type\":\"ImageObject\",\"inLanguage\":\"es\",\"@id\":\"https:\/\/futbolhoy.co\/#\/schema\/person\/image\/\",\"url\":\"https:\/\/secure.gravatar.com\/avatar\/4f656d3256f5134f466206e7c3941518?s=96&d=mm&r=g\",\"contentUrl\":\"https:\/\/secure.gravatar.com\/avatar\/4f656d3256f5134f466206e7c3941518?s=96&d=mm&r=g\",\"caption\":\"contenido\"}}]}<\/script>\n<!-- \/ Yoast SEO plugin. -->","yoast_head_json":{"title":"Pol\u00e9mico mensaje de Trump a la Selecci\u00f3n de Ir\u00e1n de cara al Mundial -","robots":{"index":"index","follow":"follow","max-snippet":"max-snippet:-1","max-image-preview":"max-image-preview:large","max-video-preview":"max-video-preview:-1"},"canonical":"https:\/\/futbolhoy.co\/index.php\/2026\/03\/12\/polemico-mensaje-de-trump-a-la-seleccion-de-iran-de-cara-al-mundial\/","og_locale":"es_ES","og_type":"article","og_title":"Pol\u00e9mico mensaje de Trump a la Selecci\u00f3n de Ir\u00e1n de cara al Mundial -","og_description":"El presidente estadounidense, Donald Trump, dej\u00f3 un mensaje pol\u00e9mico para la Selecci\u00f3n de Ir\u00e1n con miras al Mundial, partiendo del conflicto b\u00e9lico en Medio Oriente y la participaci\u00f3n en vilo de este pa\u00eds en la Copa del Mundo. \"La selecci\u00f3n nacional de f\u00fatbol de Ir\u00e1n es bienvenida al Mundial, pero realmente no creo que sea [&hellip;]","og_url":"https:\/\/futbolhoy.co\/index.php\/2026\/03\/12\/polemico-mensaje-de-trump-a-la-seleccion-de-iran-de-cara-al-mundial\/","article_publisher":"https:\/\/www.facebook.com\/FutbolHoyCol\/","article_published_time":"2026-03-12T16:34:12+00:00","article_modified_time":"2026-03-14T15:28:14+00:00","og_image":[{"width":1024,"height":768,"url":"https:\/\/futbolhoy.co\/wp-content\/uploads\/2026\/03\/Trump-1024x768.png","type":"image\/png"}],"author":"contenido","twitter_card":"summary_large_image","twitter_creator":"@FutbolHoyCol","twitter_site":"@FutbolHoyCol","twitter_misc":{"Escrito por":"contenido","Tiempo de lectura":"1 minuto"},"schema":{"@context":"https:\/\/schema.org","@graph":[{"@type":"Article","@id":"https:\/\/futbolhoy.co\/index.php\/2026\/03\/12\/polemico-mensaje-de-trump-a-la-seleccion-de-iran-de-cara-al-mundial\/#article","isPartOf":{"@id":"https:\/\/futbolhoy.co\/index.php\/2026\/03\/12\/polemico-mensaje-de-trump-a-la-seleccion-de-iran-de-cara-al-mundial\/"},"author":{"name":"contenido","@id":"https:\/\/futbolhoy.co\/#\/schema\/person\/1721b69355b6623eaff15ac7b92d4cc3"},"headline":"Pol\u00e9mico mensaje de Trump a la Selecci\u00f3n de Ir\u00e1n de cara al Mundial","datePublished":"2026-03-12T16:34:12+00:00","dateModified":"2026-03-14T15:28:14+00:00","mainEntityOfPage":{"@id":"https:\/\/futbolhoy.co\/index.php\/2026\/03\/12\/polemico-mensaje-de-trump-a-la-seleccion-de-iran-de-cara-al-mundial\/"},"wordCount":224,"commentCount":0,"publisher":{"@id":"https:\/\/futbolhoy.co\/#organization"},"image":{"@id":"https:\/\/futbolhoy.co\/index.php\/2026\/03\/12\/polemico-mensaje-de-trump-a-la-seleccion-de-iran-de-cara-al-mundial\/#primaryimage"},"thumbnailUrl":"https:\/\/futbolhoy.co\/wp-content\/uploads\/2026\/03\/Trump.png","articleSection":["Mundo Futbol"],"inLanguage":"es","potentialAction":[{"@type":"CommentAction","name":"Comment","target":["https:\/\/futbolhoy.co\/index.php\/2026\/03\/12\/polemico-mensaje-de-trump-a-la-seleccion-de-iran-de-cara-al-mundial\/#respond"]}]},{"@type":"WebPage","@id":"https:\/\/futbolhoy.co\/index.php\/2026\/03\/12\/polemico-mensaje-de-trump-a-la-seleccion-de-iran-de-cara-al-mundial\/","url":"https:\/\/futbolhoy.co\/index.php\/2026\/03\/12\/polemico-mensaje-de-trump-a-la-seleccion-de-iran-de-cara-al-mundial\/","name":"Pol\u00e9mico mensaje de Trump a la Selecci\u00f3n de Ir\u00e1n de cara al Mundial -","isPartOf":{"@id":"https:\/\/futbolhoy.co\/#website"},"primaryImageOfPage":{"@id":"https:\/\/futbolhoy.co\/index.php\/2026\/03\/12\/polemico-mensaje-de-trump-a-la-seleccion-de-iran-de-cara-al-mundial\/#primaryimage"},"image":{"@id":"https:\/\/futbolhoy.co\/index.php\/2026\/03\/12\/polemico-mensaje-de-trump-a-la-seleccion-de-iran-de-cara-al-mundial\/#primaryimage"},"thumbnailUrl":"https:\/\/futbolhoy.co\/wp-content\/uploads\/2026\/03\/Trump.png","datePublished":"2026-03-12T16:34:12+00:00","dateModified":"2026-03-14T15:28:14+00:00","breadcrumb":{"@id":"https:\/\/futbolhoy.co\/index.php\/2026\/03\/12\/polemico-mensaje-de-trump-a-la-seleccion-de-iran-de-cara-al-mundial\/#breadcrumb"},"inLanguage":"es","potentialAction":[{"@type":"ReadAction","target":["https:\/\/futbolhoy.co\/index.php\/2026\/03\/12\/polemico-mensaje-de-trump-a-la-seleccion-de-iran-de-cara-al-mundial\/"]}]},{"@type":"ImageObject","inLanguage":"es","@id":"https:\/\/futbolhoy.co\/index.php\/2026\/03\/12\/polemico-mensaje-de-trump-a-la-seleccion-de-iran-de-cara-al-mundial\/#primaryimage","url":"https:\/\/futbolhoy.co\/wp-content\/uploads\/2026\/03\/Trump.png","contentUrl":"https:\/\/futbolhoy.co\/wp-content\/uploads\/2026\/03\/Trump.png","width":1063,"height":797},{"@type":"BreadcrumbList","@id":"https:\/\/futbolhoy.co\/index.php\/2026\/03\/12\/polemico-mensaje-de-trump-a-la-seleccion-de-iran-de-cara-al-mundial\/#breadcrumb","itemListElement":[{"@type":"ListItem","position":1,"name":"Portada","item":"https:\/\/futbolhoy.co\/"},{"@type":"ListItem","position":2,"name":"Pol\u00e9mico mensaje de Trump a la Selecci\u00f3n de Ir\u00e1n de cara al Mundial"}]},{"@type":"WebSite","@id":"https:\/\/futbolhoy.co\/#website","url":"https:\/\/futbolhoy.co\/","name":"FutbolHoy","description":"","publisher":{"@id":"https:\/\/futbolhoy.co\/#organization"},"potentialAction":[{"@type":"SearchAction","target":{"@type":"EntryPoint","urlTemplate":"https:\/\/futbolhoy.co\/?s={search_term_string}"},"query-input":{"@type":"PropertyValueSpecification","valueRequired":true,"valueName":"search_term_string"}}],"inLanguage":"es"},{"@type":"Organization","@id":"https:\/\/futbolhoy.co\/#organization","name":"Futbolhoy.co","url":"https:\/\/futbolhoy.co\/","logo":{"@type":"ImageObject","inLanguage":"es","@id":"https:\/\/futbolhoy.co\/#\/schema\/logo\/image\/","url":"https:\/\/futbolhoy.co\/wp-content\/uploads\/2018\/08\/17426380_1906371736249227_6326180412931521141_n.jpg","contentUrl":"https:\/\/futbolhoy.co\/wp-content\/uploads\/2018\/08\/17426380_1906371736249227_6326180412931521141_n.jpg","width":960,"height":960,"caption":"Futbolhoy.co"},"image":{"@id":"https:\/\/futbolhoy.co\/#\/schema\/logo\/image\/"},"sameAs":["https:\/\/www.facebook.com\/FutbolHoyCol\/","https:\/\/x.com\/FutbolHoyCol","https:\/\/www.instagram.com\/futbolhoycol\/"]},{"@type":"Person","@id":"https:\/\/futbolhoy.co\/#\/schema\/person\/1721b69355b6623eaff15ac7b92d4cc3","name":"contenido","image":{"@type":"ImageObject","inLanguage":"es","@id":"https:\/\/futbolhoy.co\/#\/schema\/person\/image\/","url":"https:\/\/secure.gravatar.com\/avatar\/4f656d3256f5134f466206e7c3941518?s=96&d=mm&r=g","contentUrl":"https:\/\/secure.gravatar.com\/avatar\/4f656d3256f5134f466206e7c3941518?s=96&d=mm&r=g","caption":"contenido"}}]}},"publishpress_future_action":{"enabled":false,"date":"2026-05-04 05:40:38","action":"change-status","newStatus":"draft","terms":[],"taxonomy":"category","extraData":[]},"publishpress_future_workflow_manual_trigger":{"enabledWorkflows":[]},"_links":{"self":[{"href":"https:\/\/futbolhoy.co\/index.php\/wp-json\/wp\/v2\/posts\/130261","targetHints":{"allow":["GET"]}}],"collection":[{"href":"https:\/\/futbolhoy.co\/index.php\/wp-json\/wp\/v2\/posts"}],"about":[{"href":"https:\/\/futbolhoy.co\/index.php\/wp-json\/wp\/v2\/types\/post"}],"author":[{"embeddable":true,"href":"https:\/\/futbolhoy.co\/index.php\/wp-json\/wp\/v2\/users\/4"}],"replies":[{"embeddable":true,"href":"https:\/\/futbolhoy.co\/index.php\/wp-json\/wp\/v2\/comments?post=130261"}],"version-history":[{"count":1,"href":"https:\/\/futbolhoy.co\/index.php\/wp-json\/wp\/v2\/posts\/130261\/revisions"}],"predecessor-version":[{"id":130263,"href":"https:\/\/futbolhoy.co\/index.php\/wp-json\/wp\/v2\/posts\/130261\/revisions\/130263"}],"wp:featuredmedia":[{"embeddable":true,"href":"https:\/\/futbolhoy.co\/index.php\/wp-json\/wp\/v2\/media\/130262"}],"wp:attachment":[{"href":"https:\/\/futbolhoy.co\/index.php\/wp-json\/wp\/v2\/media?parent=130261"}],"wp:term":[{"taxonomy":"category","embeddable":true,"href":"https:\/\/futbolhoy.co\/index.php\/wp-json\/wp\/v2\/categories?post=130261"},{"taxonomy":"post_tag","embeddable":true,"href":"https:\/\/futbolhoy.co\/index.php\/wp-json\/wp\/v2\/tags?post=130261"}],"curies":[{"name":"wp","href":"https:\/\/api.w.org\/{rel}","templated":true}]}}