{"id":130267,"date":"2026-03-13T07:50:03","date_gmt":"2026-03-13T12:50:03","guid":{"rendered":"https:\/\/futbolhoy.co\/?p=130267"},"modified":"2026-03-14T18:18:11","modified_gmt":"2026-03-14T23:18:11","slug":"alvaro-angulo-confia-en-ser-citado-por-nestor-lorenzo-para-disputar-el-mundial-2026","status":"publish","type":"post","link":"https:\/\/futbolhoy.co\/index.php\/2026\/03\/13\/alvaro-angulo-confia-en-ser-citado-por-nestor-lorenzo-para-disputar-el-mundial-2026\/","title":{"rendered":"\u00c1lvaro Angulo conf\u00eda en ser citado por N\u00e9stor Lorenzo para disputar el Mundial 2026"},"content":{"rendered":"<p style=\"text-align: justify;\"><span style=\"font-family: helvetica, arial, sans-serif;\">El seleccionado colombiano <strong>\u00c1lvaro Angulo<\/strong>, defensa de Pumas UNAM mexicano, asever\u00f3 este jueves que pese a la cercan\u00eda del <strong>Mundial<\/strong> \u00e9l no sale a cuidarse para no lesionarse.<\/span><\/p>\n<p style=\"text-align: justify;\"><span style=\"font-family: helvetica, arial, sans-serif;\">\u00ab<strong>Hay precauciones, claro, porque nadie quiere perderse un mundial, pero yo no me guardo nada.<\/strong> Yo siempre juego con la misma intensidad, me gusta ir con todo y espero que de aqu\u00ed al Mundial no me lesione yo ni nadie. En la cancha defendemos a este equipo con todo, pero insisto, nunca queremos que nadie se lesione\u00bb, asever\u00f3 el zaguero.<\/span><\/p>\n<p style=\"text-align: justify;\"><span style=\"font-family: helvetica, arial, sans-serif;\"><strong>Angulo<\/strong> hizo referencia a la lesi\u00f3n que el martes pasado sufri\u00f3 <strong>Luis \u00c1ngel Malag\u00f3n<\/strong>, guardameta del Am\u00e9rica y de la selecci\u00f3n mexicana, quien se rompi\u00f3 el tend\u00f3n de Aquiles en un partido de la Copa de Campeones de la Concacaf, por lo que se ha quedado sin posibilidades de jugar el Mundial.<\/span><\/p>\n<p style=\"text-align: justify;\"><span style=\"font-family: helvetica, arial, sans-serif;\">El exjugador del Independiente de Argentina lament\u00f3 lo que le ocurri\u00f3 a Malag\u00f3n y subray\u00f3 que es algo a lo que todos los futbolistas est\u00e1n expuestos.<\/span><\/p>\n<p style=\"text-align: justify;\"><span style=\"font-family: helvetica, arial, sans-serif;\">\u00abEs una pena la lesi\u00f3n que tuvo Malag\u00f3n;<strong> cuando te sucede algo as\u00ed seguro te preguntas por qu\u00e9 ocurri\u00f3, pero todo pasa por algo y uno tiene que vivir el d\u00eda a d\u00eda<\/strong>; nosotros de momento tenemos que vivir el partido ante Cruz Azul con mucha intensidad, sin guardarnos nada\u00bb, insisti\u00f3.<\/span><\/p>\n<p style=\"text-align: justify;\"><span style=\"font-family: helvetica, arial, sans-serif;\"><strong>Angulo<\/strong> se prepara, junto con su equipo, para recibir este s\u00e1bado, en la und\u00e9cima jornada, al <strong>Cruz Azul<\/strong>, l\u00edder del Clausura, contra el que dijo, espera un intenso duelo, ya que ambos equipos presumen las dos ofensivas m\u00e1s contundentes del certamen.<\/span><\/p>\n<p style=\"text-align: justify;\"><span style=\"font-family: helvetica, arial, sans-serif;\">\u00abNos vamos a enfrentar las dos mejores ofensivas, por lo que se espera que haya muchos goles en este partido; espero lo hagamos mejor y disfrutemos de un triunfo con nuestra afici\u00f3n\u00bb, apunt\u00f3.<\/span><\/p>\n<p style=\"text-align: justify;\"><span style=\"font-family: helvetica, arial, sans-serif;\">El nacido en Tumaco, quien lleva tres goles en el certamen, destac\u00f3 el buen momento que vive con Pumas, el cual espera alargar para ganarse un lugar en la Copa del Mundo que arranca en junio pr\u00f3ximo.<\/span><\/p>\n<p style=\"text-align: justify;\"><span style=\"font-family: helvetica, arial, sans-serif;\">\u00abDesde que llegu\u00e9 a M\u00e9xico, el torneo pasado, quise aportar al juego ofensivo del equipo, marcar goles, pero me tranquilice y dej\u00e9 de medirme por eso. Me fije tambi\u00e9n en mi desempe\u00f1o defensivo y eso me hizo sentir mejor y con mayor confianza. <strong>Hoy me siento bien para buscar esa posibilidad de estar en la lista final para el Mundial<\/strong>\u00ab, concluy\u00f3.<\/span><\/p>\n","protected":false},"excerpt":{"rendered":"<p>El seleccionado colombiano \u00c1lvaro Angulo, defensa de Pumas UNAM mexicano, asever\u00f3 este jueves que pese a la cercan\u00eda del Mundial \u00e9l no sale a cuidarse para no lesionarse. \u00abHay precauciones, claro, porque nadie quiere perderse un mundial, pero yo no me guardo nada. Yo siempre juego con la misma intensidad, me gusta ir con todo [&hellip;]<\/p>\n","protected":false},"author":4,"featured_media":130268,"comment_status":"open","ping_status":"closed","sticky":false,"template":"","format":"standard","meta":{"_acf_changed":false,"footnotes":""},"categories":[153],"tags":[],"class_list":{"0":"post-130267","1":"post","2":"type-post","3":"status-publish","4":"format-standard","5":"has-post-thumbnail","7":"category-selecion-colombia"},"acf":[],"_links":{"self":[{"href":"https:\/\/futbolhoy.co\/index.php\/wp-json\/wp\/v2\/posts\/130267","targetHints":{"allow":["GET"]}}],"collection":[{"href":"https:\/\/futbolhoy.co\/index.php\/wp-json\/wp\/v2\/posts"}],"about":[{"href":"https:\/\/futbolhoy.co\/index.php\/wp-json\/wp\/v2\/types\/post"}],"author":[{"embeddable":true,"href":"https:\/\/futbolhoy.co\/index.php\/wp-json\/wp\/v2\/users\/4"}],"replies":[{"embeddable":true,"href":"https:\/\/futbolhoy.co\/index.php\/wp-json\/wp\/v2\/comments?post=130267"}],"version-history":[{"count":1,"href":"https:\/\/futbolhoy.co\/index.php\/wp-json\/wp\/v2\/posts\/130267\/revisions"}],"predecessor-version":[{"id":130269,"href":"https:\/\/futbolhoy.co\/index.php\/wp-json\/wp\/v2\/posts\/130267\/revisions\/130269"}],"wp:featuredmedia":[{"embeddable":true,"href":"https:\/\/futbolhoy.co\/index.php\/wp-json\/wp\/v2\/media\/130268"}],"wp:attachment":[{"href":"https:\/\/futbolhoy.co\/index.php\/wp-json\/wp\/v2\/media?parent=130267"}],"wp:term":[{"taxonomy":"category","embeddable":true,"href":"https:\/\/futbolhoy.co\/index.php\/wp-json\/wp\/v2\/categories?post=130267"},{"taxonomy":"post_tag","embeddable":true,"href":"https:\/\/futbolhoy.co\/index.php\/wp-json\/wp\/v2\/tags?post=130267"}],"curies":[{"name":"wp","href":"https:\/\/api.w.org\/{rel}","templated":true}]}}