{"id":130296,"date":"2026-03-14T10:28:24","date_gmt":"2026-03-14T15:28:24","guid":{"rendered":"https:\/\/futbolhoy.co\/?p=130296"},"modified":"2026-03-14T22:31:59","modified_gmt":"2026-03-15T03:31:59","slug":"jhon-jader-duran-marca-su-primer-gol-con-el-zenit-vealo-aca","status":"publish","type":"post","link":"https:\/\/futbolhoy.co\/index.php\/2026\/03\/14\/jhon-jader-duran-marca-su-primer-gol-con-el-zenit-vealo-aca\/","title":{"rendered":"Jhon Jader Dur\u00e1n marca su primer gol con el Zenit: v\u00e9alo ac\u00e1"},"content":{"rendered":"<p style=\"text-align: justify;\"><span style=\"font-family: helvetica, arial, sans-serif;\">Primera alegr\u00eda para <strong>Jhon Jader Dur\u00e1n<\/strong> en el f\u00fatbol ruso. El delantero colombiano marc\u00f3 su primer gol en la<strong> victoria 2-0 del Zenit de San Petersburgo sobre Spartak Mosc\u00fa<\/strong>, durante la jornada 21 del campeonato liguero.<\/span><\/p>\n<p style=\"text-align: justify;\"><span style=\"font-family: helvetica, arial, sans-serif;\">Curiosamente,<strong> Jhon Jader<\/strong> no inici\u00f3 el duelo en condici\u00f3n de titular, situaci\u00f3n opuesta a la de su compatriota <strong>Wilmar Barrios<\/strong>, quien lider\u00f3 el mediocampo. Pues bien, en ese lapso de tiempo, Zenit logr\u00f3 ponerse en ventaja al minuto 45 por intemedio de <strong>Aleksandr Sobolev<\/strong>.<\/span><\/p>\n<p style=\"text-align: justify;\"><span style=\"font-family: helvetica, arial, sans-serif;\">Ya en el segundo tiempo, sobre los 77&#8242;, <strong>Dur\u00e1n<\/strong> hizo su ingreso en reemplazo del brasile\u00f1o <strong>Gustavo Mantuan<\/strong>. Y tan solo cinco minutos despu\u00e9s de su ingreso, el antioque\u00f1o logr\u00f3 sentenciar la victoria local con un buen remate desde el punto penal. V\u00e9alo ac\u00e1:<\/span><\/p>\n<blockquote class=\"twitter-tweet\" data-media-max-width=\"560\">\n<p dir=\"ltr\" lang=\"en\">82&#8242; | GOAL! Jhon Duran scores his first goal for Zenit! \ud83d\udca5<a href=\"https:\/\/twitter.com\/hashtag\/ZenitSpartak?src=hash&amp;ref_src=twsrc%5Etfw\">#ZenitSpartak<\/a> 1-0 <a href=\"https:\/\/t.co\/aTCIeP437C\">https:\/\/t.co\/aTCIeP437C<\/a> <a href=\"https:\/\/t.co\/0TRgijRfAl\">pic.twitter.com\/0TRgijRfAl<\/a><\/p>\n<p>\u2014 FC Zenit in English\u2728 (@fczenit_en) <a href=\"https:\/\/twitter.com\/fczenit_en\/status\/2032831270711861639?ref_src=twsrc%5Etfw\">March 14, 2026<\/a><\/p><\/blockquote>\n<p style=\"text-align: justify;\"><script async src=\"https:\/\/platform.twitter.com\/widgets.js\" charset=\"utf-8\"><\/script><br \/>\n<span style=\"font-family: helvetica, arial, sans-serif;\">Se trata del <strong>primer gol de Jhon Jader Dur\u00e1n en tres duelos disputados<\/strong>. Por su parte, el Zenit se mantiene en la batalla por el t\u00edtulo liguero. Suma 45 unidades y es segundo a tan solo un punto del l\u00edder Krasnodar (equipo de Jhon C\u00f3rdoba).<\/span><\/p>\n<div><\/div>\n","protected":false},"excerpt":{"rendered":"<p>Primera alegr\u00eda para Jhon Jader Dur\u00e1n en el f\u00fatbol ruso. El delantero colombiano marc\u00f3 su primer gol en la victoria 2-0 del Zenit de San Petersburgo sobre Spartak Mosc\u00fa, durante la jornada 21 del campeonato liguero. Curiosamente, Jhon Jader no inici\u00f3 el duelo en condici\u00f3n de titular, situaci\u00f3n opuesta a la de su compatriota Wilmar [&hellip;]<\/p>\n","protected":false},"author":4,"featured_media":130297,"comment_status":"open","ping_status":"closed","sticky":false,"template":"","format":"standard","meta":{"_acf_changed":false,"footnotes":""},"categories":[152],"tags":[],"class_list":{"0":"post-130296","1":"post","2":"type-post","3":"status-publish","4":"format-standard","5":"has-post-thumbnail","7":"category-mundo-futbol"},"acf":[],"_links":{"self":[{"href":"https:\/\/futbolhoy.co\/index.php\/wp-json\/wp\/v2\/posts\/130296","targetHints":{"allow":["GET"]}}],"collection":[{"href":"https:\/\/futbolhoy.co\/index.php\/wp-json\/wp\/v2\/posts"}],"about":[{"href":"https:\/\/futbolhoy.co\/index.php\/wp-json\/wp\/v2\/types\/post"}],"author":[{"embeddable":true,"href":"https:\/\/futbolhoy.co\/index.php\/wp-json\/wp\/v2\/users\/4"}],"replies":[{"embeddable":true,"href":"https:\/\/futbolhoy.co\/index.php\/wp-json\/wp\/v2\/comments?post=130296"}],"version-history":[{"count":1,"href":"https:\/\/futbolhoy.co\/index.php\/wp-json\/wp\/v2\/posts\/130296\/revisions"}],"predecessor-version":[{"id":130298,"href":"https:\/\/futbolhoy.co\/index.php\/wp-json\/wp\/v2\/posts\/130296\/revisions\/130298"}],"wp:featuredmedia":[{"embeddable":true,"href":"https:\/\/futbolhoy.co\/index.php\/wp-json\/wp\/v2\/media\/130297"}],"wp:attachment":[{"href":"https:\/\/futbolhoy.co\/index.php\/wp-json\/wp\/v2\/media?parent=130296"}],"wp:term":[{"taxonomy":"category","embeddable":true,"href":"https:\/\/futbolhoy.co\/index.php\/wp-json\/wp\/v2\/categories?post=130296"},{"taxonomy":"post_tag","embeddable":true,"href":"https:\/\/futbolhoy.co\/index.php\/wp-json\/wp\/v2\/tags?post=130296"}],"curies":[{"name":"wp","href":"https:\/\/api.w.org\/{rel}","templated":true}]}}