{"id":130299,"date":"2026-03-14T11:48:09","date_gmt":"2026-03-14T16:48:09","guid":{"rendered":"https:\/\/futbolhoy.co\/?p=130299"},"modified":"2026-03-15T09:21:53","modified_gmt":"2026-03-15T14:21:53","slug":"golazo-y-polemica-expulsion-para-luis-diaz-en-sufrido-empate-del-bayern-con-leverkusen","status":"publish","type":"post","link":"https:\/\/futbolhoy.co\/index.php\/2026\/03\/14\/golazo-y-polemica-expulsion-para-luis-diaz-en-sufrido-empate-del-bayern-con-leverkusen\/","title":{"rendered":"Golazo y pol\u00e9mica expulsi\u00f3n para Luis D\u00edaz en sufrido empate del Bayern con Leverkusen"},"content":{"rendered":"<p style=\"text-align: justify;\"><span style=\"font-family: helvetica, arial, sans-serif;\">Unas de cal y otras de arena para <strong>Luis D\u00edaz<\/strong> en su m\u00e1s reciente presentaci\u00f3n con el <strong>Bayern M\u00fanich<\/strong>. Aunque el colombiano marc\u00f3 el ag\u00f3nico gol del triunfo para los b\u00e1varos, minutos despu\u00e9s termin\u00f3 siendo expulsado por una pol\u00e9mica doble amonestaci\u00f3n. M\u00e1s all\u00e1 de esto, el cuadro b\u00e1varo <strong>sali\u00f3 airoso de su visita al Bayer Leverkusen (1-1)<\/strong> y se llev\u00f3 un valioso punto a casa.<\/span><\/p>\n<p style=\"text-align: justify;\"><span style=\"font-family: helvetica, arial, sans-serif;\">La sorpresa lleg\u00f3 desde muy temprano al <strong>BayArena<\/strong>. Transcurridos solamente 6 minutos de partido, <strong>Aleix Garc\u00eda<\/strong> gan\u00f3 en velocidad por sector derecho y sac\u00f3 un potente remate, el cual se desvi\u00f3 en el camino, para poner el 1-0 en favor del Leverkusen. Duro golpe para el Bayern, que m\u00e1s adelante sufri\u00f3 la <strong>expulsi\u00f3n de Nicolas Jackson (42&#8242;)<\/strong>, tras revisi\u00f3n en el <strong>VAR<\/strong>.<\/span><\/p>\n<p style=\"text-align: justify;\"><span style=\"font-family: helvetica, arial, sans-serif;\">Aunque todo estaba en contra del equipo b\u00e1varo, la casta la sac\u00f3 en el segundo tiempo, en gran parte por el ingreso de <strong>Harry Kane<\/strong>, quien se recuper\u00f3 de una lesi\u00f3n. Sobre los 69 minutos, un p\u00e9simo saque del guardameta rival termin\u00f3 en los pies de <strong>Michael Olise<\/strong>, que de inmediato habilit\u00f3 a <strong>Lucho<\/strong>. El guajiro avanz\u00f3 en soledad y dentro del \u00e1rea defini\u00f3 cruzado. Vea ac\u00e1 el golazo:<\/span><\/p>\n<blockquote class=\"twitter-tweet\" data-media-max-width=\"560\">\n<p dir=\"ltr\" lang=\"es\">\ud83c\udde8\ud83c\uddf4\ud83d\udd25Golazo de Luis D\u00edaz para salvar el empate parcial 1-1 del Bayern M\u00fanich (que juega con uno menos por expulsi\u00f3n de Jackson) frente al Bayer Leverkusen, durante la jornada 26 de la Bundesliga<a href=\"https:\/\/t.co\/HIWCrOHEnd\">https:\/\/t.co\/HIWCrOHEnd<\/a><a href=\"https:\/\/t.co\/iuvkolMTVq\">pic.twitter.com\/iuvkolMTVq<\/a><\/p>\n<p>\u2014 FutbolHoy (@FutbolHoyCol) <a href=\"https:\/\/twitter.com\/FutbolHoyCol\/status\/2032851292310139014?ref_src=twsrc%5Etfw\">March 14, 2026<\/a><\/p><\/blockquote>\n<p><script async src=\"https:\/\/platform.twitter.com\/widgets.js\" charset=\"utf-8\"><\/script><\/p>\n<p style=\"text-align: justify;\"><span style=\"font-family: helvetica, arial, sans-serif;\">Emoci\u00f3n total para el cuadro b\u00e1varo, que se llevaba un punto de oro. Ahora bien, la alegr\u00eda se transform\u00f3 en desdicha para <strong>D\u00edaz<\/strong>, cuando al minuto 84 cay\u00f3 dentro del \u00e1rea por un leve toque del <strong>arquero Janis Blaswich<\/strong>. El juez central no comi\u00f3 cuento y lo expuls\u00f3, luego de mostrarle su segunda cartulina amarilla.<\/span><\/p>\n<blockquote class=\"twitter-tweet\" data-media-max-width=\"560\">\n<p dir=\"ltr\" lang=\"es\">\ud83d\udfe5\ud83c\udde8\ud83c\uddf4\u00a1Expulsi\u00f3n para Luis D\u00edaz! El \u00e1rbitro consider\u00f3 que el colombiano simul\u00f3 dentro del \u00e1rea, le mostr\u00f3 su segunda cartulina amarilla y consecuente roja. El Bayern juega con nueve hombres ante Leverkusen por Bundesliga<a href=\"https:\/\/t.co\/HIWCrOHEnd\">https:\/\/t.co\/HIWCrOHEnd<\/a><a href=\"https:\/\/t.co\/IFz1Rxq9eZ\">pic.twitter.com\/IFz1Rxq9eZ<\/a><\/p>\n<p>\u2014 FutbolHoy (@FutbolHoyCol) <a href=\"https:\/\/twitter.com\/FutbolHoyCol\/status\/2032854686299033641?ref_src=twsrc%5Etfw\">March 14, 2026<\/a><\/p><\/blockquote>\n<p><script async src=\"https:\/\/platform.twitter.com\/widgets.js\" charset=\"utf-8\"><\/script><\/p>\n<p style=\"text-align: justify;\"><span style=\"font-family: helvetica, arial, sans-serif;\">A pesar del envi\u00f3n del Leverkusen durante los \u00faltimos minutos, el <strong>Bayern M\u00fanich logr\u00f3 salvaguardar el empate 1-1<\/strong> a pesar de terminar jugando con nueve hombres. Resultadazo que le permite llegar a<strong> 67 puntos<\/strong>, siendo as\u00ed el \u00fanico l\u00edder de la Bundesliga. Por otro lado, Luis D\u00edaz deber\u00e1 cumplir con una fecha de sanci\u00f3n y por tal motivo <strong>se perder\u00e1 el duelo del 21 de marzo ante Uni\u00f3n Berl\u00edn<\/strong>.<\/span><\/p>\n","protected":false},"excerpt":{"rendered":"<p>Unas de cal y otras de arena para Luis D\u00edaz en su m\u00e1s reciente presentaci\u00f3n con el Bayern M\u00fanich. Aunque el colombiano marc\u00f3 el ag\u00f3nico gol del triunfo para los b\u00e1varos, minutos despu\u00e9s termin\u00f3 siendo expulsado por una pol\u00e9mica doble amonestaci\u00f3n. M\u00e1s all\u00e1 de esto, el cuadro b\u00e1varo sali\u00f3 airoso de su visita al Bayer [&hellip;]<\/p>\n","protected":false},"author":4,"featured_media":130300,"comment_status":"open","ping_status":"closed","sticky":false,"template":"","format":"standard","meta":{"_acf_changed":false,"footnotes":""},"categories":[418],"tags":[],"class_list":{"0":"post-130299","1":"post","2":"type-post","3":"status-publish","4":"format-standard","5":"has-post-thumbnail","7":"category-colombia"},"acf":[],"_links":{"self":[{"href":"https:\/\/futbolhoy.co\/index.php\/wp-json\/wp\/v2\/posts\/130299","targetHints":{"allow":["GET"]}}],"collection":[{"href":"https:\/\/futbolhoy.co\/index.php\/wp-json\/wp\/v2\/posts"}],"about":[{"href":"https:\/\/futbolhoy.co\/index.php\/wp-json\/wp\/v2\/types\/post"}],"author":[{"embeddable":true,"href":"https:\/\/futbolhoy.co\/index.php\/wp-json\/wp\/v2\/users\/4"}],"replies":[{"embeddable":true,"href":"https:\/\/futbolhoy.co\/index.php\/wp-json\/wp\/v2\/comments?post=130299"}],"version-history":[{"count":1,"href":"https:\/\/futbolhoy.co\/index.php\/wp-json\/wp\/v2\/posts\/130299\/revisions"}],"predecessor-version":[{"id":130301,"href":"https:\/\/futbolhoy.co\/index.php\/wp-json\/wp\/v2\/posts\/130299\/revisions\/130301"}],"wp:featuredmedia":[{"embeddable":true,"href":"https:\/\/futbolhoy.co\/index.php\/wp-json\/wp\/v2\/media\/130300"}],"wp:attachment":[{"href":"https:\/\/futbolhoy.co\/index.php\/wp-json\/wp\/v2\/media?parent=130299"}],"wp:term":[{"taxonomy":"category","embeddable":true,"href":"https:\/\/futbolhoy.co\/index.php\/wp-json\/wp\/v2\/categories?post=130299"},{"taxonomy":"post_tag","embeddable":true,"href":"https:\/\/futbolhoy.co\/index.php\/wp-json\/wp\/v2\/tags?post=130299"}],"curies":[{"name":"wp","href":"https:\/\/api.w.org\/{rel}","templated":true}]}}