{"id":130325,"date":"2026-03-15T09:22:00","date_gmt":"2026-03-15T14:22:00","guid":{"rendered":"https:\/\/futbolhoy.co\/?p=130325"},"modified":"2026-03-16T11:22:42","modified_gmt":"2026-03-16T16:22:42","slug":"la-finalissima-entre-espana-y-argentina-fue-cancelada-informo-la-uefa","status":"publish","type":"post","link":"https:\/\/futbolhoy.co\/index.php\/2026\/03\/15\/la-finalissima-entre-espana-y-argentina-fue-cancelada-informo-la-uefa\/","title":{"rendered":"La Finalissima entre Espa\u00f1a y Argentina fue cancelada, inform\u00f3 la UEFA"},"content":{"rendered":"<p style=\"text-align: justify;\"><span style=\"font-family: helvetica, arial, sans-serif;\">La <strong>Finalissima<\/strong>, el duelo entre los campeones de Europa y Am\u00e9rica que tendr\u00edan que haber disputado <strong>Espa\u00f1a y Argentina<\/strong> en Lusail (Catar) el pr\u00f3ximo 27 de marzo, <strong>ha sido cancelada al no haber acuerdo entre la UEFA y las Federaciones de Espa\u00f1a y Argentina<\/strong> sobre la fecha del partido y la sede.<\/span><\/p>\n<p><span style=\"font-family: helvetica, arial, sans-serif;\">Seg\u00fan inform\u00f3 este domingo la UEFA, <strong>no se logr\u00f3 consensuar ninguna de las soluciones que se barajaron<\/strong> una vez que el organismo europeo y las autoridades de Catar constataran la imposibilidad de que el partido se pudiera jugar en el en el estadio que alberg\u00f3 la final del Mundial 2022 a causa del conflicto b\u00e9lico que afecta a Oriente Medio.<\/span><\/p>\n<p><span style=\"font-family: helvetica, arial, sans-serif;\"><strong>La UEFA subraya que explor\u00f3 \u00abvarias alternativas viables\u00bb<\/strong>, pero \u00abtodas ellas resultaron finalmente inaceptables para la Asociaci\u00f3n de F\u00fatbol Argentino (AFA)\u00bb.<\/span><\/p>\n<p><span style=\"font-family: helvetica, arial, sans-serif;\">La primera era <strong>celebrar el partido en el estadio Santiago Bernab\u00e9u de Madrid<\/strong> en la fecha prevista, con un reparto al 50 por ciento de los aficionados, pero <strong>Argentina se neg\u00f3<\/strong>, seg\u00fan el m\u00e1ximo organismo del f\u00fatbol europeo.<\/span><\/p>\n<p><span style=\"font-family: helvetica, arial, sans-serif;\">La segunda opci\u00f3n era que <strong>la Finalissima se celebrara a doble partido<\/strong>, con la ida en el Santiago Bernab\u00e9u el 27 de marzo y la vuelta en Buenos Aires en una ventana internacional antes de la Eurocopa y la Copa Am\u00e9rica de 2028. La UEFA ofreci\u00f3 igualmente una distribuci\u00f3n de hinchas al 50 por ciento para el partido en Madrid, pero esta opci\u00f3n tambi\u00e9n fue rechazada.<\/span><\/p>\n<p><span style=\"font-family: helvetica, arial, sans-serif;\">El siguiente paso fue solicitar a Argentina el compromiso de que, <strong>si se encontraba una sede neutral en Europa, el partido pudiera celebrarse el 27 de marzo<\/strong> o en la fecha alternativa del 30 de marzo, pero la AFA volvi\u00f3 a negarse.<\/span><\/p>\n<p><span style=\"font-family: helvetica, arial, sans-serif;\">Argentina present\u00f3 una contrapropuesta para que e<strong>l partido se aplazara despu\u00e9s del Mundial de Estados Unidos, M\u00e9xico y Canad\u00e1<\/strong> de este verano, pero, \u00abdado que Espa\u00f1a no dispone de fechas disponibles\u00bb, esa posibilidad tuvo que descartarse, seg\u00fan la UEFA.<\/span><\/p>\n<p><span style=\"font-family: helvetica, arial, sans-serif;\">El siguiente movimiento de la AFA fue expresar su <strong>disponibilidad de jugar \u00abexclusivamente\u00bb el 31 de marzo<\/strong>, \u00abuna fecha que result\u00f3 inviable\u00bb, a\u00f1aden las fuentes.<\/span><\/p>\n<p><span style=\"font-family: helvetica, arial, sans-serif;\">La <strong>UEFA<\/strong>,\u00a0que dirige <strong>Aleksander Ceferin<\/strong>, agradeci\u00f3 en el caso del Real Madrid, \u00absus esfuerzos se realizaron con un plazo de preaviso extremadamente corto\u00bb. Tambi\u00e9n lo hizo con a la <strong>Federaci\u00f3n Espa\u00f1ola de F\u00fatbol<\/strong> por su \u00abflexibilidad para adaptarse a todas las opciones propuestas a lo largo del proceso\u00bb.<\/span><\/p>\n<p><span style=\"font-family: helvetica, arial, sans-serif;\">Asimismo, advirti\u00f3 que a pesar de \u00ablas comprensibles dificultades\u00bb para reubicar el encuentro con tan poca antelaci\u00f3n, <strong>su determinaci\u00f3n era que se hubiera podido celebrar<\/strong> al ser un evento que se introdujo como \u00abparte de la estrecha colaboraci\u00f3n\u00bb entre la UEFA y la Confederaci\u00f3n Sudamericana de F\u00fatbol (Conmebol).<\/span><\/p>\n<p><span style=\"font-family: helvetica, arial, sans-serif;\"><strong>La Finalissima re\u00fane a los campeones de Europa y Sudam\u00e9rica<\/strong> y su primera edici\u00f3n la gan\u00f3 Argentina en 2022, el mismo a\u00f1o en que gan\u00f3 el Mundial, tras derrotar a Italia por 3-0 en el estadio de Wembley, en Londres.<\/span><\/p>\n","protected":false},"excerpt":{"rendered":"<p>La Finalissima, el duelo entre los campeones de Europa y Am\u00e9rica que tendr\u00edan que haber disputado Espa\u00f1a y Argentina en Lusail (Catar) el pr\u00f3ximo 27 de marzo, ha sido cancelada al no haber acuerdo entre la UEFA y las Federaciones de Espa\u00f1a y Argentina sobre la fecha del partido y la sede. Seg\u00fan inform\u00f3 este [&hellip;]<\/p>\n","protected":false},"author":4,"featured_media":130327,"comment_status":"open","ping_status":"closed","sticky":false,"template":"","format":"standard","meta":{"_acf_changed":false,"footnotes":""},"categories":[152],"tags":[],"class_list":{"0":"post-130325","1":"post","2":"type-post","3":"status-publish","4":"format-standard","5":"has-post-thumbnail","7":"category-mundo-futbol"},"acf":[],"_links":{"self":[{"href":"https:\/\/futbolhoy.co\/index.php\/wp-json\/wp\/v2\/posts\/130325","targetHints":{"allow":["GET"]}}],"collection":[{"href":"https:\/\/futbolhoy.co\/index.php\/wp-json\/wp\/v2\/posts"}],"about":[{"href":"https:\/\/futbolhoy.co\/index.php\/wp-json\/wp\/v2\/types\/post"}],"author":[{"embeddable":true,"href":"https:\/\/futbolhoy.co\/index.php\/wp-json\/wp\/v2\/users\/4"}],"replies":[{"embeddable":true,"href":"https:\/\/futbolhoy.co\/index.php\/wp-json\/wp\/v2\/comments?post=130325"}],"version-history":[{"count":2,"href":"https:\/\/futbolhoy.co\/index.php\/wp-json\/wp\/v2\/posts\/130325\/revisions"}],"predecessor-version":[{"id":130329,"href":"https:\/\/futbolhoy.co\/index.php\/wp-json\/wp\/v2\/posts\/130325\/revisions\/130329"}],"wp:featuredmedia":[{"embeddable":true,"href":"https:\/\/futbolhoy.co\/index.php\/wp-json\/wp\/v2\/media\/130327"}],"wp:attachment":[{"href":"https:\/\/futbolhoy.co\/index.php\/wp-json\/wp\/v2\/media?parent=130325"}],"wp:term":[{"taxonomy":"category","embeddable":true,"href":"https:\/\/futbolhoy.co\/index.php\/wp-json\/wp\/v2\/categories?post=130325"},{"taxonomy":"post_tag","embeddable":true,"href":"https:\/\/futbolhoy.co\/index.php\/wp-json\/wp\/v2\/tags?post=130325"}],"curies":[{"name":"wp","href":"https:\/\/api.w.org\/{rel}","templated":true}]}}