{"id":130333,"date":"2026-03-15T18:17:20","date_gmt":"2026-03-15T23:17:20","guid":{"rendered":"https:\/\/futbolhoy.co\/?p=130333"},"modified":"2026-03-16T15:35:22","modified_gmt":"2026-03-16T20:35:22","slug":"james-rodriguez-debuto-en-la-mls-asi-le-fue-con-minnesota","status":"publish","type":"post","link":"https:\/\/futbolhoy.co\/index.php\/2026\/03\/15\/james-rodriguez-debuto-en-la-mls-asi-le-fue-con-minnesota\/","title":{"rendered":"James Rodr\u00edguez debut\u00f3 en la MLS: as\u00ed le fue con Minnesota"},"content":{"rendered":"<p style=\"text-align: justify;\"><span style=\"font-family: helvetica, arial, sans-serif;\">Luego de 117 d\u00edas sin jugar un partido (el \u00faltimo fue el amistoso de <strong>Colombia<\/strong> ante <strong>Australia),<\/strong> <strong>James Rodr\u00edguez<\/strong> sum\u00f3 sus primeros minutos oficiales con <strong>Minnesota.<\/strong> Sin embargo, el resultado fue de derrota 6-0 en la visita a <strong>Vancouver Whitecaps<\/strong>.<\/span><\/p>\n<p style=\"text-align: justify;\"><span style=\"font-family: helvetica, arial, sans-serif;\">El colombiano ingres\u00f3 al minuto 64\u2019 cuando el partido iba 5-0 en contra. A los pocos minutos coincidi\u00f3 en cancha con <strong>Thomas M\u00fcller,<\/strong> quien entr\u00f3 en el equipo rival al 77\u2019.<\/span><\/p>\n<p style=\"text-align: justify;\"><span style=\"font-family: helvetica, arial, sans-serif;\">A los pocos instantes del ingreso del cucute\u00f1o, por poco asiste desde un tiro de esquina a Yeboah, quien logr\u00f3 cabecear al arco, pero ataj\u00f3 el arquero <strong>Takaoka.<\/strong><\/span><\/p>\n<p style=\"text-align: justify;\"><span style=\"font-family: helvetica, arial, sans-serif;\">Esta fue la participaci\u00f3n m\u00e1s directa en una jugada para el 10, que con estos minutos empieza a reencontrar sensaciones pensando en el <strong>Mundial<\/strong> con la<strong> Selecci\u00f3n Colombia<\/strong>.<\/span><\/p>\n<p style=\"text-align: justify;\"><span style=\"font-family: helvetica, arial, sans-serif;\">Vale la pena mencionar que, si bien fue presentado en el Minnesota el 6 de febrero, por decisi\u00f3n t\u00e9cnica no jug\u00f3 ante <strong>Cincinnati<\/strong> y se perdi\u00f3 el m\u00e1s reciente duelo ante <strong>Nashville<\/strong> por un golpe.<\/span><\/p>\n<p style=\"text-align: justify;\"><span style=\"font-family: helvetica, arial, sans-serif;\">El pr\u00f3ximo juego de Minnesota ser\u00e1 el domingo 22 de marzo en calidad de local ante Seattle Sounders por la fecha 5 de la Conferencia Oeste, en la que marchan en el puesto 13 de 15 con 4 unidades.<\/span><\/p>\n<blockquote class=\"twitter-tweet\" data-media-max-width=\"560\">\n<p dir=\"ltr\" lang=\"en\">Welcome to the league, James Rodr\u00edguez. \ud83c\udde8\ud83c\uddf4<\/p>\n<p>The Colombian legend enters for his MLS debut. <a href=\"https:\/\/t.co\/4Tej8ht3u4\">pic.twitter.com\/4Tej8ht3u4<\/a><\/p>\n<p>\u2014 Major League Soccer (@MLS) <a href=\"https:\/\/twitter.com\/MLS\/status\/2033303754951233913?ref_src=twsrc%5Etfw\">March 15, 2026<\/a><\/p><\/blockquote>\n<p><script async src=\"https:\/\/platform.twitter.com\/widgets.js\" charset=\"utf-8\"><\/script><\/p>\n","protected":false},"excerpt":{"rendered":"<p>Luego de 117 d\u00edas sin jugar un partido (el \u00faltimo fue el amistoso de Colombia ante Australia), James Rodr\u00edguez sum\u00f3 sus primeros minutos oficiales con Minnesota. Sin embargo, el resultado fue de derrota 6-0 en la visita a Vancouver Whitecaps. El colombiano ingres\u00f3 al minuto 64\u2019 cuando el partido iba 5-0 en contra. A los [&hellip;]<\/p>\n","protected":false},"author":4,"featured_media":130332,"comment_status":"open","ping_status":"closed","sticky":false,"template":"","format":"standard","meta":{"_acf_changed":false,"footnotes":""},"categories":[418],"tags":[],"class_list":{"0":"post-130333","1":"post","2":"type-post","3":"status-publish","4":"format-standard","5":"has-post-thumbnail","7":"category-colombia"},"acf":[],"_links":{"self":[{"href":"https:\/\/futbolhoy.co\/index.php\/wp-json\/wp\/v2\/posts\/130333","targetHints":{"allow":["GET"]}}],"collection":[{"href":"https:\/\/futbolhoy.co\/index.php\/wp-json\/wp\/v2\/posts"}],"about":[{"href":"https:\/\/futbolhoy.co\/index.php\/wp-json\/wp\/v2\/types\/post"}],"author":[{"embeddable":true,"href":"https:\/\/futbolhoy.co\/index.php\/wp-json\/wp\/v2\/users\/4"}],"replies":[{"embeddable":true,"href":"https:\/\/futbolhoy.co\/index.php\/wp-json\/wp\/v2\/comments?post=130333"}],"version-history":[{"count":5,"href":"https:\/\/futbolhoy.co\/index.php\/wp-json\/wp\/v2\/posts\/130333\/revisions"}],"predecessor-version":[{"id":130373,"href":"https:\/\/futbolhoy.co\/index.php\/wp-json\/wp\/v2\/posts\/130333\/revisions\/130373"}],"wp:featuredmedia":[{"embeddable":true,"href":"https:\/\/futbolhoy.co\/index.php\/wp-json\/wp\/v2\/media\/130332"}],"wp:attachment":[{"href":"https:\/\/futbolhoy.co\/index.php\/wp-json\/wp\/v2\/media?parent=130333"}],"wp:term":[{"taxonomy":"category","embeddable":true,"href":"https:\/\/futbolhoy.co\/index.php\/wp-json\/wp\/v2\/categories?post=130333"},{"taxonomy":"post_tag","embeddable":true,"href":"https:\/\/futbolhoy.co\/index.php\/wp-json\/wp\/v2\/tags?post=130333"}],"curies":[{"name":"wp","href":"https:\/\/api.w.org\/{rel}","templated":true}]}}