{"id":130365,"date":"2026-03-16T11:22:49","date_gmt":"2026-03-16T16:22:49","guid":{"rendered":"https:\/\/futbolhoy.co\/?p=130365"},"modified":"2026-03-17T15:24:31","modified_gmt":"2026-03-17T20:24:31","slug":"tribunal-deportivo-de-la-dfb-rechaza-la-apelacion-a-la-sancion-de-luis-diaz","status":"publish","type":"post","link":"https:\/\/futbolhoy.co\/index.php\/2026\/03\/16\/tribunal-deportivo-de-la-dfb-rechaza-la-apelacion-a-la-sancion-de-luis-diaz\/","title":{"rendered":"Tribunal deportivo de la DFB rechaza la apelaci\u00f3n a la sanci\u00f3n de Luis D\u00edaz"},"content":{"rendered":"<p style=\"text-align: justify;\"><span style=\"font-family: helvetica, arial, sans-serif;\">P\u00e9simas noticias para<strong> Luis D\u00edaz<\/strong> en la Budesliga. <strong>Stephan Oberholz<\/strong>, presidente del tribunal deportivo de la DFB, anunci\u00f3 que la sanci\u00f3n contra el atacante colombiano no ser\u00e1 removida y en dicho sentido <strong>se perder\u00e1 el duelo de este fin de semana frente al Uni\u00f3n Berl\u00edn<\/strong>.<\/span><\/p>\n<p style=\"text-align: justify;\"><span style=\"font-family: helvetica, arial, sans-serif;\">Aunque el mismo<strong> juez central Christian Dingert<\/strong> reconoci\u00f3 en Sky Sports que se hab\u00eda equivocado al mostrarle la segunda cartulina amarilla al guajiro, <strong>Oberholz <\/strong>explic\u00f3 que D\u00edaz s\u00ed busc\u00f3 el contacto con el arquero rival y por tal motivo no hay razones para retirarle la roja.<\/span><\/p>\n<div class=\"nwVKo\">\n<div class=\"loJjTe\" style=\"text-align: justify;\"><span style=\"font-family: helvetica, arial, sans-serif;\">\u00abEl \u00e1rbitro Dingert declar\u00f3, tras ser consultado, que observ\u00f3 al jugador D\u00edaz lanzarse al suelo durante una carrera hacia el \u00e1rea sin contacto con el portero del Leverkusen, lo que consider\u00f3 una simulaci\u00f3n antideportiva. Si bien solo se percat\u00f3 del contacto posterior con el pie tras revisar las im\u00e1genes de v\u00eddeo despu\u00e9s del partido, incluso teniendo esto en cuenta, <strong>el jugador D\u00edaz hab\u00eda buscado y producido el contacto previamente, por lo que su decisi\u00f3n no fue del todo err\u00f3nea<\/strong>\u00ab, coment\u00f3.<\/span><\/div>\n<\/div>\n<div style=\"text-align: justify;\"><\/div>\n<div class=\"nwVKo\">\n<div style=\"text-align: justify;\"><span style=\"font-family: helvetica, arial, sans-serif;\">No prosper\u00f3 entonces la apelaci\u00f3n del Bayern, que tendr\u00e1 como principal baja a Lucho en <strong>el duelo del 21 de marzo ante Uni\u00f3n Berl\u00edn<\/strong>, por la jornada 27 de la Bundesliga.<\/span><\/div>\n<\/div>\n","protected":false},"excerpt":{"rendered":"<p>P\u00e9simas noticias para Luis D\u00edaz en la Budesliga. Stephan Oberholz, presidente del tribunal deportivo de la DFB, anunci\u00f3 que la sanci\u00f3n contra el atacante colombiano no ser\u00e1 removida y en dicho sentido se perder\u00e1 el duelo de este fin de semana frente al Uni\u00f3n Berl\u00edn. Aunque el mismo juez central Christian Dingert reconoci\u00f3 en Sky [&hellip;]<\/p>\n","protected":false},"author":4,"featured_media":130366,"comment_status":"open","ping_status":"closed","sticky":false,"template":"","format":"standard","meta":{"_acf_changed":false,"footnotes":""},"categories":[418],"tags":[],"class_list":{"0":"post-130365","1":"post","2":"type-post","3":"status-publish","4":"format-standard","5":"has-post-thumbnail","7":"category-colombia"},"acf":[],"_links":{"self":[{"href":"https:\/\/futbolhoy.co\/index.php\/wp-json\/wp\/v2\/posts\/130365","targetHints":{"allow":["GET"]}}],"collection":[{"href":"https:\/\/futbolhoy.co\/index.php\/wp-json\/wp\/v2\/posts"}],"about":[{"href":"https:\/\/futbolhoy.co\/index.php\/wp-json\/wp\/v2\/types\/post"}],"author":[{"embeddable":true,"href":"https:\/\/futbolhoy.co\/index.php\/wp-json\/wp\/v2\/users\/4"}],"replies":[{"embeddable":true,"href":"https:\/\/futbolhoy.co\/index.php\/wp-json\/wp\/v2\/comments?post=130365"}],"version-history":[{"count":1,"href":"https:\/\/futbolhoy.co\/index.php\/wp-json\/wp\/v2\/posts\/130365\/revisions"}],"predecessor-version":[{"id":130367,"href":"https:\/\/futbolhoy.co\/index.php\/wp-json\/wp\/v2\/posts\/130365\/revisions\/130367"}],"wp:featuredmedia":[{"embeddable":true,"href":"https:\/\/futbolhoy.co\/index.php\/wp-json\/wp\/v2\/media\/130366"}],"wp:attachment":[{"href":"https:\/\/futbolhoy.co\/index.php\/wp-json\/wp\/v2\/media?parent=130365"}],"wp:term":[{"taxonomy":"category","embeddable":true,"href":"https:\/\/futbolhoy.co\/index.php\/wp-json\/wp\/v2\/categories?post=130365"},{"taxonomy":"post_tag","embeddable":true,"href":"https:\/\/futbolhoy.co\/index.php\/wp-json\/wp\/v2\/tags?post=130365"}],"curies":[{"name":"wp","href":"https:\/\/api.w.org\/{rel}","templated":true}]}}