{"id":130368,"date":"2026-03-16T15:05:41","date_gmt":"2026-03-16T20:05:41","guid":{"rendered":"https:\/\/futbolhoy.co\/?p=130368"},"modified":"2026-03-17T16:59:51","modified_gmt":"2026-03-17T21:59:51","slug":"ancelotti-sorprende-con-la-convocatoria-de-brasil-y-deja-afuera-a-neymar","status":"publish","type":"post","link":"https:\/\/futbolhoy.co\/index.php\/2026\/03\/16\/ancelotti-sorprende-con-la-convocatoria-de-brasil-y-deja-afuera-a-neymar\/","title":{"rendered":"Ancelotti sorprende con la convocatoria de Brasil y deja afuera a Neymar"},"content":{"rendered":"<p style=\"text-align: justify;\"><span style=\"font-family: helvetica, arial, sans-serif;\"><strong>Carlo Ancelotti<\/strong> present\u00f3 este lunes su lista de 26 convocados para los amistosos ante <strong>Francia y Croacia,<\/strong> los cuales tendr\u00e1n lugar el 26 de marzo y el 31 del mismo mes. Estos dos ser\u00e1n los mismos rivales de la <strong>Selecci\u00f3n Colombia.<\/strong><\/span><\/p>\n<p style=\"text-align: justify;\"><span style=\"font-family: helvetica, arial, sans-serif;\">Entre las numerosas novedades se encuentra la del volante <strong>Gabriel Sara (Galatasaray)<\/strong> y el joven delantero <strong>Rayan (Bournemouth)<\/strong>, que nunca hab\u00eda convocado.<\/span><\/p>\n<p style=\"text-align: justify;\"><span style=\"font-family: helvetica, arial, sans-serif;\">El seleccionador lament\u00f3 no haber podido observar a <strong>Neymar<\/strong> cuando acudi\u00f3 al partido del martes pasado entre <strong>Santos y Mirassol,<\/strong> ya que el delantero no jug\u00f3 por fatiga muscular, y repiti\u00f3 que solo convocar\u00e1 para el <strong>Mundial<\/strong> a los que est\u00e9n en el 100 % de sus condiciones f\u00edsicas.<\/span><\/p>\n<p style=\"text-align: justify;\"><span style=\"font-family: helvetica, arial, sans-serif;\">Entre los excluidos por lesi\u00f3n figuran los <strong>defensas \u00c9der Milit\u00e3o (Real Madrid) y Caio Henrique (M\u00f3naco), el lateral derecho Vanderson (M\u00f3naco), el volante Bruno Guimar\u00e3es (Newcastle), el delantero Estev\u00e3o (Chelsea) y el delantero Rodrygo (Real Madrid).<\/strong><\/span><\/p>\n<p style=\"text-align: justify;\"><strong><span style=\"font-family: helvetica, arial, sans-serif;\">Lista de convocados:<\/span><\/strong><\/p>\n<p style=\"text-align: justify;\"><span style=\"font-family: helvetica, arial, sans-serif;\"><strong>Porteros:<\/strong> Alisson (Liverpool-ING), Bento (Al-Nassr-SAU) y Ederson (Fenerbah\u00e7e-TUR).<\/span><\/p>\n<p style=\"text-align: justify;\"><span style=\"font-family: helvetica, arial, sans-serif;\"><strong>Defensas<\/strong>: Alex Sandro (Flamengo), Bremer (Juventus-ITA), Danilo (Flamengo), Douglas Santos (Zenit-RUS), Gabriel Magalhaes (Arsenal-ING), Ib\u00e1\u00f1ez (Al-Ahli-SAU), L\u00e9o Pereira (Flamengo), Marquinhos (PSG-FRA), Wesley (Roma-ITA).<\/span><\/p>\n<p style=\"text-align: justify;\"><span style=\"font-family: helvetica, arial, sans-serif;\"><strong>Volantes:<\/strong> Andrey Santos (Chelsea-ING) Casemiro (Manchester United-GBR), Danilo (Botafogo), Fabinho (Al-Itthad-SAU, Gabriel Sara (Galatasaray-TUR).<\/span><\/p>\n<p style=\"text-align: justify;\"><span style=\"font-family: helvetica, arial, sans-serif;\"><strong>Delanteros:<\/strong> Endrick (Lyon-FRA), Gabriel Martinelli (Arsenal-ING), Igor Thiago (Brentford-ING), Joao Pedro (Chelsea-ING), Luiz Henrique (Zenit-RUS), Matheus Cunha (Manchester United-ING), Raphinha (Barcelona-ESP), Rayan (Bournemouth-ING) y Vin\u00edcius Junior (Real Madrid-ESP).<\/span><\/p>\n","protected":false},"excerpt":{"rendered":"<p>Carlo Ancelotti present\u00f3 este lunes su lista de 26 convocados para los amistosos ante Francia y Croacia, los cuales tendr\u00e1n lugar el 26 de marzo y el 31 del mismo mes. Estos dos ser\u00e1n los mismos rivales de la Selecci\u00f3n Colombia. Entre las numerosas novedades se encuentra la del volante Gabriel Sara (Galatasaray) y el [&hellip;]<\/p>\n","protected":false},"author":4,"featured_media":130369,"comment_status":"open","ping_status":"closed","sticky":false,"template":"","format":"standard","meta":{"_acf_changed":false,"footnotes":""},"categories":[6],"tags":[],"class_list":{"0":"post-130368","1":"post","2":"type-post","3":"status-publish","4":"format-standard","5":"has-post-thumbnail","7":"category-mundial"},"acf":[],"_links":{"self":[{"href":"https:\/\/futbolhoy.co\/index.php\/wp-json\/wp\/v2\/posts\/130368","targetHints":{"allow":["GET"]}}],"collection":[{"href":"https:\/\/futbolhoy.co\/index.php\/wp-json\/wp\/v2\/posts"}],"about":[{"href":"https:\/\/futbolhoy.co\/index.php\/wp-json\/wp\/v2\/types\/post"}],"author":[{"embeddable":true,"href":"https:\/\/futbolhoy.co\/index.php\/wp-json\/wp\/v2\/users\/4"}],"replies":[{"embeddable":true,"href":"https:\/\/futbolhoy.co\/index.php\/wp-json\/wp\/v2\/comments?post=130368"}],"version-history":[{"count":3,"href":"https:\/\/futbolhoy.co\/index.php\/wp-json\/wp\/v2\/posts\/130368\/revisions"}],"predecessor-version":[{"id":130372,"href":"https:\/\/futbolhoy.co\/index.php\/wp-json\/wp\/v2\/posts\/130368\/revisions\/130372"}],"wp:featuredmedia":[{"embeddable":true,"href":"https:\/\/futbolhoy.co\/index.php\/wp-json\/wp\/v2\/media\/130369"}],"wp:attachment":[{"href":"https:\/\/futbolhoy.co\/index.php\/wp-json\/wp\/v2\/media?parent=130368"}],"wp:term":[{"taxonomy":"category","embeddable":true,"href":"https:\/\/futbolhoy.co\/index.php\/wp-json\/wp\/v2\/categories?post=130368"},{"taxonomy":"post_tag","embeddable":true,"href":"https:\/\/futbolhoy.co\/index.php\/wp-json\/wp\/v2\/tags?post=130368"}],"curies":[{"name":"wp","href":"https:\/\/api.w.org\/{rel}","templated":true}]}}