{"id":130379,"date":"2026-03-17T12:16:13","date_gmt":"2026-03-17T17:16:13","guid":{"rendered":"https:\/\/futbolhoy.co\/?p=130379"},"modified":"2026-03-18T07:25:35","modified_gmt":"2026-03-18T12:25:35","slug":"neymar-reacciono-tras-no-ser-convocado-con-brasil-esto-dijo","status":"publish","type":"post","link":"https:\/\/futbolhoy.co\/index.php\/2026\/03\/17\/neymar-reacciono-tras-no-ser-convocado-con-brasil-esto-dijo\/","title":{"rendered":"Neymar reaccion\u00f3 tras no ser convocado con Brasil: esto dijo"},"content":{"rendered":"<p style=\"text-align: justify;\"><span style=\"font-family: helvetica, arial, sans-serif;\"><strong>Neymar<\/strong> asegur\u00f3 sentirse \u00abmolesto\u00bb y \u00abtriste\u00bb por no haber sido convocado por el t\u00e9cnico de la <strong>selecci\u00f3n brasile\u00f1a, Carlo Ancelotti,<\/strong> para los amistosos que disputar\u00e1 <strong>Brasil<\/strong> con <strong>Francia<\/strong> y <strong>Croacia,<\/strong> pero se mostr\u00f3 esperanzado en que har\u00e1 parte de la <strong>Canarinha<\/strong> para el Mundial.<\/span><\/p>\n<p style=\"text-align: justify;\"><span style=\"font-family: helvetica, arial, sans-serif;\">\u00abVoy a hablar porque no puedo quedarme callado. <strong>Obviamente, estoy molesto y triste por no haber sido convocado,<\/strong> pero la concentraci\u00f3n sigue siendo la misma: d\u00eda tras d\u00eda, entrenamiento tras entrenamiento, partido tras partido\u00bb, dijo el astro brasile\u00f1o.<\/span><\/p>\n<p style=\"text-align: justify;\"><span style=\"font-family: helvetica, arial, sans-serif;\">La estrella del Santos se\u00f1al\u00f3 que el sue\u00f1o esta vivo porque a\u00fan queda una convocatoria. \u00abLograremos nuestro objetivo\u00bb, asegur\u00f3.<\/span><\/p>\n<p style=\"text-align: justify;\"><span style=\"font-family: helvetica, arial, sans-serif;\">Durante la convocatoria para los \u00faltimos amistosos que jugar\u00e1 Brasil antes del Mundial de F\u00fatbol, Ancelotti afirm\u00f3 que Neymar a\u00fan no est\u00e1 al 100 % de su condici\u00f3n f\u00edsica, pese a que muestra sus cualidades t\u00e9cnicas en cada partido con el Santos y que, por ese motivo, a\u00fan no lo puede llamar para hacer parte de la Canarinha.<\/span><\/p>\n<p style=\"text-align: justify;\"><span style=\"font-family: helvetica, arial, sans-serif;\">El seleccionador asegur\u00f3 que no descarta convocar a Neymar para el <strong>Mundial 2026,<\/strong> pero para ello tiene que mostrar que est\u00e1 en su mejor nivel f\u00edsico. Neymar no juega con la Canarinha desde octubre de 2023.<\/span><\/p>\n","protected":false},"excerpt":{"rendered":"<p>Neymar asegur\u00f3 sentirse \u00abmolesto\u00bb y \u00abtriste\u00bb por no haber sido convocado por el t\u00e9cnico de la selecci\u00f3n brasile\u00f1a, Carlo Ancelotti, para los amistosos que disputar\u00e1 Brasil con Francia y Croacia, pero se mostr\u00f3 esperanzado en que har\u00e1 parte de la Canarinha para el Mundial. \u00abVoy a hablar porque no puedo quedarme callado. Obviamente, estoy molesto [&hellip;]<\/p>\n","protected":false},"author":4,"featured_media":22047,"comment_status":"open","ping_status":"closed","sticky":false,"template":"","format":"standard","meta":{"_acf_changed":false,"footnotes":""},"categories":[6],"tags":[],"class_list":{"0":"post-130379","1":"post","2":"type-post","3":"status-publish","4":"format-standard","5":"has-post-thumbnail","7":"category-mundial"},"acf":[],"_links":{"self":[{"href":"https:\/\/futbolhoy.co\/index.php\/wp-json\/wp\/v2\/posts\/130379","targetHints":{"allow":["GET"]}}],"collection":[{"href":"https:\/\/futbolhoy.co\/index.php\/wp-json\/wp\/v2\/posts"}],"about":[{"href":"https:\/\/futbolhoy.co\/index.php\/wp-json\/wp\/v2\/types\/post"}],"author":[{"embeddable":true,"href":"https:\/\/futbolhoy.co\/index.php\/wp-json\/wp\/v2\/users\/4"}],"replies":[{"embeddable":true,"href":"https:\/\/futbolhoy.co\/index.php\/wp-json\/wp\/v2\/comments?post=130379"}],"version-history":[{"count":1,"href":"https:\/\/futbolhoy.co\/index.php\/wp-json\/wp\/v2\/posts\/130379\/revisions"}],"predecessor-version":[{"id":130380,"href":"https:\/\/futbolhoy.co\/index.php\/wp-json\/wp\/v2\/posts\/130379\/revisions\/130380"}],"wp:featuredmedia":[{"embeddable":true,"href":"https:\/\/futbolhoy.co\/index.php\/wp-json\/wp\/v2\/media\/22047"}],"wp:attachment":[{"href":"https:\/\/futbolhoy.co\/index.php\/wp-json\/wp\/v2\/media?parent=130379"}],"wp:term":[{"taxonomy":"category","embeddable":true,"href":"https:\/\/futbolhoy.co\/index.php\/wp-json\/wp\/v2\/categories?post=130379"},{"taxonomy":"post_tag","embeddable":true,"href":"https:\/\/futbolhoy.co\/index.php\/wp-json\/wp\/v2\/tags?post=130379"}],"curies":[{"name":"wp","href":"https:\/\/api.w.org\/{rel}","templated":true}]}}