{"id":130390,"date":"2026-03-17T16:10:40","date_gmt":"2026-03-17T21:10:40","guid":{"rendered":"https:\/\/futbolhoy.co\/?p=130390"},"modified":"2026-03-18T14:05:49","modified_gmt":"2026-03-18T19:05:49","slug":"la-caf-le-quita-el-titulo-de-la-copa-africana-2026-a-senegal-y-se-lo-da-a-marruecos","status":"publish","type":"post","link":"https:\/\/futbolhoy.co\/index.php\/2026\/03\/17\/la-caf-le-quita-el-titulo-de-la-copa-africana-2026-a-senegal-y-se-lo-da-a-marruecos\/","title":{"rendered":"La CAF le quita el t\u00edtulo de la Copa Africana 2026 a Senegal y se lo da a Marruecos"},"content":{"rendered":"<p style=\"text-align: justify;\"><span style=\"font-family: helvetica, arial, sans-serif;\">El Comit\u00e9 de Apelaci\u00f3n de la Confederaci\u00f3n Africana de F\u00fatbol (CAF) dio por <strong>perdida este martes a Senegal la final de la Copa \u00c1frica<\/strong>, que hab\u00eda vencido por 0-1 en la pr\u00f3rroga, y <strong>declar\u00f3 campeona a la selecci\u00f3n de Marruecos<\/strong>, con una victoria por 3-0, tras atender los recursos de esta \u00faltima tras la derrota sufrida el 18 de enero de 2026, seg\u00fan anunci\u00f3 el organismo en un comunicado en sus canales oficiales.<\/span><\/p>\n<p><span style=\"font-family: helvetica, arial, sans-serif;\">La decisi\u00f3n se tom\u00f3 \u00aben aplicaci\u00f3n del art\u00edculo 84 del reglamento\u00bb de esta competici\u00f3n, que sanciona con la eliminaci\u00f3n del torneo a un equipo en varios supuestos, entre ellos <strong>abandonar el campo \u00abantes del final regular del partido sin la autorizaci\u00f3n del \u00e1rbitro\u00bb<\/strong>, por lo que \u201cse considerar\u00e1 p<strong>erdedor y eliminado de forma definitiva<\/strong>\u201d al conjunto infractor.<\/span><\/p>\n<p><span style=\"font-family: helvetica, arial, sans-serif;\">En la final de la Copa \u00c1frica del pasado 18 de enero, disputada en el estadio Pr\u00edncipe Moulay Abdallah de Rabat ante 69.500 espectadores, un penalti se\u00f1alado a favor de Marruecos en el tiempo a\u00f1adido, en el minuto 100, antes de la pr\u00f3rroga (despu\u00e9s lo err\u00f3 Brahim D\u00edaz) provoc\u00f3 <strong>la amenaza de la selecci\u00f3n senegalesa de abandonar el partido<\/strong>.<\/span><\/p>\n<p><span style=\"font-family: helvetica, arial, sans-serif;\">Tras ello, <strong>todos los futbolistas de Senegal menos el delantero Sadio Mane se marcharon al vestuario como protesta<\/strong>, mientras Marruecos y el \u00e1rbitro permanecieron sobre el terreno de juego. A la vuelta de los futbolistas senegaleses al campo para la reanudaci\u00f3n del encuentro, <strong>Brahim D\u00edaz lanz\u00f3 y fall\u00f3 el penalti,<\/strong> con lo que el encuentro se fue a la pr\u00f3rroga, donde Pape Gueye marc\u00f3 el gol del triunfo de Senegal (1-0) en el minuto 94, ya en el tiempo extra.<\/span><\/p>\n<p><span style=\"font-family: helvetica, arial, sans-serif;\">La apelaci\u00f3n de la Real Federaci\u00f3n Marroqu\u00ed de F\u00fatbol (FRMF) contra su derrota en la final se ha basado en el abandono del partido por parte de Senegal sin la autorizaci\u00f3n del \u00e1rbitro que recoge el art\u00edculo 82 del reglamento de la Copa Africana de Naciones.<\/span><\/p>\n<p><span style=\"font-family: helvetica, arial, sans-serif;\">\u201cEl recurso presentado por la FRMF es declarado admisible en forma y el recurso es aceptado\u201d, inform\u00f3 este martes la CAF en un comunicado, en el que concluye la <strong>descalificaci\u00f3n de Senegal<\/strong> por este hecho.<\/span><\/p>\n<p><span style=\"font-family: helvetica, arial, sans-serif;\">\u201cSe declara que la Federaci\u00f3n Senegalesa de F\u00fatbol (FSF), a trav\u00e9s de la actuaci\u00f3n de su equipo, infringi\u00f3 el art\u00edculo 82 del Reglamento de la Copa Africana de Naciones\u201d, contin\u00faa el Comit\u00e9 de Apelaci\u00f3n de la CAF, que, por tanto, <strong>\u201cdeclara que el equipo senegal\u00e9s ha perdido el partido, con un resultado de 3-0 a favor\u201d de Marruecos.<\/strong><\/span><\/p>\n<p><span style=\"font-family: helvetica, arial, sans-serif;\">La CAF informa que todas las dem\u00e1s \u201cmociones\u201d y atenuantes en ese sentido han sido \u201cdesestimadas\u201d. Adem\u00e1s, <strong>rebaj\u00f3 la sanci\u00f3n a Ismael Saibari, futbolista de Marruecos, de tres a dos partidos<\/strong>, despu\u00e9s de aceptar \u201cparcialmente\u201d la apelaci\u00f3n de la federaci\u00f3n de su pa\u00eds, tras su \u201cmala conducta\u201d durante la final del torneo, y anula la multa de 100.000 d\u00f3lares impuesta al jugador.<\/span><\/p>\n<p><span style=\"font-family: helvetica, arial, sans-serif;\">Tambi\u00e9n considera que la Federaci\u00f3n Marroqu\u00ed de F\u00fatbol \u201ces responsable de la conducta de los recogepelotas durante el partido mencionado\u201d y \u201creduce\u201d la multa a 50.000 d\u00f3lares, adem\u00e1s de atribuirla la responsabilidad de la \u201cinterferencia en el \u00e1rea de revisi\u00f3n de OFR\/VAR\u201d con una multa de 100.000 d\u00f3lares.<\/span><\/p>\n<p><span style=\"font-family: helvetica, arial, sans-serif;\">La Junta de Apelaci\u00f3n de la CAF, asimismo, acepta \u201cparcialmente\u201d la apelaci\u00f3n \u201cpresentada respecto al incidente del l\u00e1ser\u201d, por lo que tambi\u00e9n reduce la multa a Marruecos a 10.000 d\u00f3lares.\u00a0<\/span><\/p>\n","protected":false},"excerpt":{"rendered":"<p>El Comit\u00e9 de Apelaci\u00f3n de la Confederaci\u00f3n Africana de F\u00fatbol (CAF) dio por perdida este martes a Senegal la final de la Copa \u00c1frica, que hab\u00eda vencido por 0-1 en la pr\u00f3rroga, y declar\u00f3 campeona a la selecci\u00f3n de Marruecos, con una victoria por 3-0, tras atender los recursos de esta \u00faltima tras la derrota [&hellip;]<\/p>\n","protected":false},"author":4,"featured_media":130391,"comment_status":"open","ping_status":"closed","sticky":false,"template":"","format":"standard","meta":{"_acf_changed":false,"footnotes":""},"categories":[152],"tags":[],"class_list":{"0":"post-130390","1":"post","2":"type-post","3":"status-publish","4":"format-standard","5":"has-post-thumbnail","7":"category-mundo-futbol"},"acf":[],"_links":{"self":[{"href":"https:\/\/futbolhoy.co\/index.php\/wp-json\/wp\/v2\/posts\/130390","targetHints":{"allow":["GET"]}}],"collection":[{"href":"https:\/\/futbolhoy.co\/index.php\/wp-json\/wp\/v2\/posts"}],"about":[{"href":"https:\/\/futbolhoy.co\/index.php\/wp-json\/wp\/v2\/types\/post"}],"author":[{"embeddable":true,"href":"https:\/\/futbolhoy.co\/index.php\/wp-json\/wp\/v2\/users\/4"}],"replies":[{"embeddable":true,"href":"https:\/\/futbolhoy.co\/index.php\/wp-json\/wp\/v2\/comments?post=130390"}],"version-history":[{"count":2,"href":"https:\/\/futbolhoy.co\/index.php\/wp-json\/wp\/v2\/posts\/130390\/revisions"}],"predecessor-version":[{"id":130412,"href":"https:\/\/futbolhoy.co\/index.php\/wp-json\/wp\/v2\/posts\/130390\/revisions\/130412"}],"wp:featuredmedia":[{"embeddable":true,"href":"https:\/\/futbolhoy.co\/index.php\/wp-json\/wp\/v2\/media\/130391"}],"wp:attachment":[{"href":"https:\/\/futbolhoy.co\/index.php\/wp-json\/wp\/v2\/media?parent=130390"}],"wp:term":[{"taxonomy":"category","embeddable":true,"href":"https:\/\/futbolhoy.co\/index.php\/wp-json\/wp\/v2\/categories?post=130390"},{"taxonomy":"post_tag","embeddable":true,"href":"https:\/\/futbolhoy.co\/index.php\/wp-json\/wp\/v2\/tags?post=130390"}],"curies":[{"name":"wp","href":"https:\/\/api.w.org\/{rel}","templated":true}]}}