{"id":13055,"date":"2018-02-05T17:14:43","date_gmt":"2018-02-05T22:14:43","guid":{"rendered":"http:\/\/futbolhoy.co\/?p=13055"},"modified":"2018-02-05T17:14:43","modified_gmt":"2018-02-05T22:14:43","slug":"seedorf-asumio-como-entrenador-de-la-coruna","status":"publish","type":"post","link":"https:\/\/futbolhoy.co\/index.php\/2018\/02\/05\/seedorf-asumio-como-entrenador-de-la-coruna\/","title":{"rendered":"Seedorf asumi\u00f3 como entrenador de La Coru\u00f1a"},"content":{"rendered":"<p style=\"text-align: justify;\">El holand\u00e9s <b>Clarence Seedorf<\/b> fue presentado como nuevo entrenador del <b>Deportivo de La Coru\u00f1a <\/b>hasta final de la presente temporada con el objetivo de evitar el descenso a Segunda Divisi\u00f3n.<\/p>\n<p style=\"text-align: justify;\">Seedorf, quien como t\u00e9cnico ha tenido experiencias con el <b>Mil\u00e1n<\/b> y el <b>Shenzhen de China<\/b>, asume el cargo con un La Coru\u00f1a en zona de descenso con 17 puntos en 22 partidos disputados.<\/p>\n<p style=\"text-align: justify;\">El holand\u00e9s, al ser preguntado sobre su falta de experiencia, contest\u00f3: \u00abHay que creer en la gente joven, en la nueva generaci\u00f3n. <b>Zidane<\/b> es un ejemplo. Igual ten\u00eda menos experiencia que yo cuando empezaba con el Madrid y mira lo que ha hecho\u00bb.<\/p>\n<p style=\"text-align: justify;\">\n","protected":false},"excerpt":{"rendered":"<p>El holand\u00e9s Clarence Seedorf fue presentado como nuevo entrenador del Deportivo de La Coru\u00f1a hasta final de la presente temporada con el objetivo de evitar el descenso a Segunda Divisi\u00f3n. Seedorf, quien como t\u00e9cnico ha tenido experiencias con el Mil\u00e1n y el Shenzhen de China, asume el cargo con un La Coru\u00f1a en zona de [&hellip;]<\/p>\n","protected":false},"author":5,"featured_media":13059,"comment_status":"open","ping_status":"closed","sticky":false,"template":"","format":"standard","meta":{"_acf_changed":false,"footnotes":""},"categories":[152],"tags":[],"class_list":{"0":"post-13055","1":"post","2":"type-post","3":"status-publish","4":"format-standard","5":"has-post-thumbnail","7":"category-mundo-futbol"},"acf":[],"_links":{"self":[{"href":"https:\/\/futbolhoy.co\/index.php\/wp-json\/wp\/v2\/posts\/13055","targetHints":{"allow":["GET"]}}],"collection":[{"href":"https:\/\/futbolhoy.co\/index.php\/wp-json\/wp\/v2\/posts"}],"about":[{"href":"https:\/\/futbolhoy.co\/index.php\/wp-json\/wp\/v2\/types\/post"}],"author":[{"embeddable":true,"href":"https:\/\/futbolhoy.co\/index.php\/wp-json\/wp\/v2\/users\/5"}],"replies":[{"embeddable":true,"href":"https:\/\/futbolhoy.co\/index.php\/wp-json\/wp\/v2\/comments?post=13055"}],"version-history":[{"count":1,"href":"https:\/\/futbolhoy.co\/index.php\/wp-json\/wp\/v2\/posts\/13055\/revisions"}],"predecessor-version":[{"id":13064,"href":"https:\/\/futbolhoy.co\/index.php\/wp-json\/wp\/v2\/posts\/13055\/revisions\/13064"}],"wp:featuredmedia":[{"embeddable":true,"href":"https:\/\/futbolhoy.co\/index.php\/wp-json\/wp\/v2\/media\/13059"}],"wp:attachment":[{"href":"https:\/\/futbolhoy.co\/index.php\/wp-json\/wp\/v2\/media?parent=13055"}],"wp:term":[{"taxonomy":"category","embeddable":true,"href":"https:\/\/futbolhoy.co\/index.php\/wp-json\/wp\/v2\/categories?post=13055"},{"taxonomy":"post_tag","embeddable":true,"href":"https:\/\/futbolhoy.co\/index.php\/wp-json\/wp\/v2\/tags?post=13055"}],"curies":[{"name":"wp","href":"https:\/\/api.w.org\/{rel}","templated":true}]}}