{"id":131751,"date":"2026-04-26T11:01:51","date_gmt":"2026-04-26T16:01:51","guid":{"rendered":"https:\/\/futbolhoy.co\/?p=131751"},"modified":"2026-04-26T11:01:51","modified_gmt":"2026-04-26T16:01:51","slug":"james-rodriguez-voy-a-llegar-bien-al-mundial","status":"publish","type":"post","link":"https:\/\/futbolhoy.co\/index.php\/2026\/04\/26\/james-rodriguez-voy-a-llegar-bien-al-mundial\/","title":{"rendered":"James Rodr\u00edguez: \u201cVoy a llegar bien al Mundial\u201d"},"content":{"rendered":"<p style=\"text-align: justify;\"><span style=\"font-family: helvetica, arial, sans-serif;\"><strong>James Rodr\u00edguez<\/strong> fue la figura de <strong>Minnesota<\/strong> en el juego ante <strong>LAFC,<\/strong>\u00a0que termin\u00f3 en derrota por 0-1. Este fue el primer juego como titular del colombiano por <strong>MLS,<\/strong> pues ya hab\u00eda sido inicialista por la <strong>US Open Cup ante Sacramento.<\/strong><\/span><\/p>\n<p style=\"text-align: justify;\"><span style=\"font-family: helvetica, arial, sans-serif;\">El \u201810\u2019 tuvo calificaciones superiores a 7.5 para varias aplicaciones de estad\u00edsticas. Tuvo dos remates al arco, puso 5 pases clave y gener\u00f3 una gran chance de gol a <strong>Yeboah<\/strong> que desperdici\u00f3.<\/span><\/p>\n<p style=\"text-align: justify;\"><span style=\"font-family: helvetica, arial, sans-serif;\">Al t\u00e9rmino del partido, el cucute\u00f1o se refiri\u00f3 a este juego y sus sensaciones. \u201cMe sent\u00ed de muy buena manera, para ser el primer partido ac\u00e1 estuve bien. L\u00e1stima que hayamos perdido, pero un partido no es cu\u00e1nto queda, sino cu\u00e1nto influyes dentro del campo. Hemos tenido chances, hay que seguir por este camino, le martes tenemos partido por Copa y salir de muy buena manera\u201d.<\/span><\/p>\n<p style=\"text-align: justify;\"><span style=\"font-family: helvetica, arial, sans-serif;\">Por su parte, cuando se le pregunt\u00f3 por su estado de cara al Mundial: \u201c<strong>Bien, voy a llegar bien, voy a llegar de muy buena manera.<\/strong> Falta un mes y yo estoy entren\u00e1ndome bien, al m\u00e1ximo, a full como siempre lo he hecho y lo que me toque jugar aqu\u00ed me va a servir\u201d.<\/span><\/p>\n<p style=\"text-align: justify;\"><span style=\"font-family: helvetica, arial, sans-serif;\">El siguiente duelo del equipo ser\u00e1 ante<strong> San Jos\u00e9 Earthquakes,<\/strong> por los octavos de final de la US Open Cup, el martes 28 de abril. Con este, quedar\u00e1n otros cinco encuentros de la MLS antes del Mundial.<\/span><\/p>\n","protected":false},"excerpt":{"rendered":"<p>James Rodr\u00edguez fue la figura de Minnesota en el juego ante LAFC,\u00a0que termin\u00f3 en derrota por 0-1. Este fue el primer juego como titular del colombiano por MLS, pues ya hab\u00eda sido inicialista por la US Open Cup ante Sacramento. El \u201810\u2019 tuvo calificaciones superiores a 7.5 para varias aplicaciones de estad\u00edsticas. Tuvo dos remates [&hellip;]<\/p>\n","protected":false},"author":4,"featured_media":131752,"comment_status":"open","ping_status":"open","sticky":false,"template":"","format":"standard","meta":{"_acf_changed":false,"footnotes":""},"categories":[5],"tags":[],"class_list":{"0":"post-131751","1":"post","2":"type-post","3":"status-publish","4":"format-standard","5":"has-post-thumbnail","7":"category-destacados"},"acf":[],"yoast_head":"<!-- This site is optimized with the Yoast SEO plugin v26.8 - https:\/\/yoast.com\/product\/yoast-seo-wordpress\/ -->\n<title>James Rodr\u00edguez: \u201cVoy a llegar bien al Mundial\u201d -<\/title>\n<meta name=\"robots\" content=\"index, follow, max-snippet:-1, max-image-preview:large, max-video-preview:-1\" \/>\n<link rel=\"canonical\" href=\"https:\/\/futbolhoy.co\/index.php\/2026\/04\/26\/james-rodriguez-voy-a-llegar-bien-al-mundial\/\" \/>\n<meta property=\"og:locale\" content=\"es_ES\" \/>\n<meta property=\"og:type\" content=\"article\" \/>\n<meta property=\"og:title\" content=\"James Rodr\u00edguez: \u201cVoy a llegar bien al Mundial\u201d -\" \/>\n<meta property=\"og:description\" content=\"James Rodr\u00edguez fue la figura de Minnesota en el juego ante LAFC,\u00a0que termin\u00f3 en derrota por 0-1. Este fue el primer juego como titular del colombiano por MLS, pues ya hab\u00eda sido inicialista por la US Open Cup ante Sacramento. El \u201810\u2019 tuvo calificaciones superiores a 7.5 para varias aplicaciones de estad\u00edsticas. Tuvo dos remates [&hellip;]\" \/>\n<meta property=\"og:url\" content=\"https:\/\/futbolhoy.co\/index.php\/2026\/04\/26\/james-rodriguez-voy-a-llegar-bien-al-mundial\/\" \/>\n<meta property=\"article:publisher\" content=\"https:\/\/www.facebook.com\/FutbolHoyCol\/\" \/>\n<meta property=\"article:published_time\" content=\"2026-04-26T16:01:51+00:00\" \/>\n<meta property=\"og:image\" content=\"https:\/\/futbolhoy.co\/wp-content\/uploads\/2026\/04\/HGyhlopW8AAyBTZ.jpg\" \/>\n\t<meta property=\"og:image:width\" content=\"1920\" \/>\n\t<meta property=\"og:image:height\" content=\"1280\" \/>\n\t<meta property=\"og:image:type\" content=\"image\/jpeg\" \/>\n<meta name=\"author\" content=\"contenido\" \/>\n<meta name=\"twitter:card\" content=\"summary_large_image\" \/>\n<meta name=\"twitter:creator\" content=\"@FutbolHoyCol\" \/>\n<meta name=\"twitter:site\" content=\"@FutbolHoyCol\" \/>\n<meta name=\"twitter:label1\" content=\"Escrito por\" \/>\n\t<meta name=\"twitter:data1\" content=\"contenido\" \/>\n\t<meta name=\"twitter:label2\" content=\"Tiempo de lectura\" \/>\n\t<meta name=\"twitter:data2\" content=\"1 minuto\" \/>\n<script type=\"application\/ld+json\" class=\"yoast-schema-graph\">{\"@context\":\"https:\/\/schema.org\",\"@graph\":[{\"@type\":\"Article\",\"@id\":\"https:\/\/futbolhoy.co\/index.php\/2026\/04\/26\/james-rodriguez-voy-a-llegar-bien-al-mundial\/#article\",\"isPartOf\":{\"@id\":\"https:\/\/futbolhoy.co\/index.php\/2026\/04\/26\/james-rodriguez-voy-a-llegar-bien-al-mundial\/\"},\"author\":{\"name\":\"contenido\",\"@id\":\"https:\/\/futbolhoy.co\/#\/schema\/person\/1721b69355b6623eaff15ac7b92d4cc3\"},\"headline\":\"James Rodr\u00edguez: \u201cVoy a llegar bien al Mundial\u201d\",\"datePublished\":\"2026-04-26T16:01:51+00:00\",\"mainEntityOfPage\":{\"@id\":\"https:\/\/futbolhoy.co\/index.php\/2026\/04\/26\/james-rodriguez-voy-a-llegar-bien-al-mundial\/\"},\"wordCount\":246,\"commentCount\":0,\"publisher\":{\"@id\":\"https:\/\/futbolhoy.co\/#organization\"},\"image\":{\"@id\":\"https:\/\/futbolhoy.co\/index.php\/2026\/04\/26\/james-rodriguez-voy-a-llegar-bien-al-mundial\/#primaryimage\"},\"thumbnailUrl\":\"https:\/\/futbolhoy.co\/wp-content\/uploads\/2026\/04\/HGyhlopW8AAyBTZ.jpg\",\"articleSection\":[\"Destacados\"],\"inLanguage\":\"es\",\"potentialAction\":[{\"@type\":\"CommentAction\",\"name\":\"Comment\",\"target\":[\"https:\/\/futbolhoy.co\/index.php\/2026\/04\/26\/james-rodriguez-voy-a-llegar-bien-al-mundial\/#respond\"]}]},{\"@type\":\"WebPage\",\"@id\":\"https:\/\/futbolhoy.co\/index.php\/2026\/04\/26\/james-rodriguez-voy-a-llegar-bien-al-mundial\/\",\"url\":\"https:\/\/futbolhoy.co\/index.php\/2026\/04\/26\/james-rodriguez-voy-a-llegar-bien-al-mundial\/\",\"name\":\"James Rodr\u00edguez: \u201cVoy a llegar bien al Mundial\u201d -\",\"isPartOf\":{\"@id\":\"https:\/\/futbolhoy.co\/#website\"},\"primaryImageOfPage\":{\"@id\":\"https:\/\/futbolhoy.co\/index.php\/2026\/04\/26\/james-rodriguez-voy-a-llegar-bien-al-mundial\/#primaryimage\"},\"image\":{\"@id\":\"https:\/\/futbolhoy.co\/index.php\/2026\/04\/26\/james-rodriguez-voy-a-llegar-bien-al-mundial\/#primaryimage\"},\"thumbnailUrl\":\"https:\/\/futbolhoy.co\/wp-content\/uploads\/2026\/04\/HGyhlopW8AAyBTZ.jpg\",\"datePublished\":\"2026-04-26T16:01:51+00:00\",\"breadcrumb\":{\"@id\":\"https:\/\/futbolhoy.co\/index.php\/2026\/04\/26\/james-rodriguez-voy-a-llegar-bien-al-mundial\/#breadcrumb\"},\"inLanguage\":\"es\",\"potentialAction\":[{\"@type\":\"ReadAction\",\"target\":[\"https:\/\/futbolhoy.co\/index.php\/2026\/04\/26\/james-rodriguez-voy-a-llegar-bien-al-mundial\/\"]}]},{\"@type\":\"ImageObject\",\"inLanguage\":\"es\",\"@id\":\"https:\/\/futbolhoy.co\/index.php\/2026\/04\/26\/james-rodriguez-voy-a-llegar-bien-al-mundial\/#primaryimage\",\"url\":\"https:\/\/futbolhoy.co\/wp-content\/uploads\/2026\/04\/HGyhlopW8AAyBTZ.jpg\",\"contentUrl\":\"https:\/\/futbolhoy.co\/wp-content\/uploads\/2026\/04\/HGyhlopW8AAyBTZ.jpg\",\"width\":1920,\"height\":1280},{\"@type\":\"BreadcrumbList\",\"@id\":\"https:\/\/futbolhoy.co\/index.php\/2026\/04\/26\/james-rodriguez-voy-a-llegar-bien-al-mundial\/#breadcrumb\",\"itemListElement\":[{\"@type\":\"ListItem\",\"position\":1,\"name\":\"Portada\",\"item\":\"https:\/\/futbolhoy.co\/\"},{\"@type\":\"ListItem\",\"position\":2,\"name\":\"James Rodr\u00edguez: \u201cVoy a llegar bien al Mundial\u201d\"}]},{\"@type\":\"WebSite\",\"@id\":\"https:\/\/futbolhoy.co\/#website\",\"url\":\"https:\/\/futbolhoy.co\/\",\"name\":\"FutbolHoy\",\"description\":\"\",\"publisher\":{\"@id\":\"https:\/\/futbolhoy.co\/#organization\"},\"potentialAction\":[{\"@type\":\"SearchAction\",\"target\":{\"@type\":\"EntryPoint\",\"urlTemplate\":\"https:\/\/futbolhoy.co\/?s={search_term_string}\"},\"query-input\":{\"@type\":\"PropertyValueSpecification\",\"valueRequired\":true,\"valueName\":\"search_term_string\"}}],\"inLanguage\":\"es\"},{\"@type\":\"Organization\",\"@id\":\"https:\/\/futbolhoy.co\/#organization\",\"name\":\"Futbolhoy.co\",\"url\":\"https:\/\/futbolhoy.co\/\",\"logo\":{\"@type\":\"ImageObject\",\"inLanguage\":\"es\",\"@id\":\"https:\/\/futbolhoy.co\/#\/schema\/logo\/image\/\",\"url\":\"https:\/\/futbolhoy.co\/wp-content\/uploads\/2018\/08\/17426380_1906371736249227_6326180412931521141_n.jpg\",\"contentUrl\":\"https:\/\/futbolhoy.co\/wp-content\/uploads\/2018\/08\/17426380_1906371736249227_6326180412931521141_n.jpg\",\"width\":960,\"height\":960,\"caption\":\"Futbolhoy.co\"},\"image\":{\"@id\":\"https:\/\/futbolhoy.co\/#\/schema\/logo\/image\/\"},\"sameAs\":[\"https:\/\/www.facebook.com\/FutbolHoyCol\/\",\"https:\/\/x.com\/FutbolHoyCol\",\"https:\/\/www.instagram.com\/futbolhoycol\/\"]},{\"@type\":\"Person\",\"@id\":\"https:\/\/futbolhoy.co\/#\/schema\/person\/1721b69355b6623eaff15ac7b92d4cc3\",\"name\":\"contenido\",\"image\":{\"@type\":\"ImageObject\",\"inLanguage\":\"es\",\"@id\":\"https:\/\/futbolhoy.co\/#\/schema\/person\/image\/\",\"url\":\"https:\/\/secure.gravatar.com\/avatar\/4f656d3256f5134f466206e7c3941518?s=96&d=mm&r=g\",\"contentUrl\":\"https:\/\/secure.gravatar.com\/avatar\/4f656d3256f5134f466206e7c3941518?s=96&d=mm&r=g\",\"caption\":\"contenido\"}}]}<\/script>\n<!-- \/ Yoast SEO plugin. -->","yoast_head_json":{"title":"James Rodr\u00edguez: \u201cVoy a llegar bien al Mundial\u201d -","robots":{"index":"index","follow":"follow","max-snippet":"max-snippet:-1","max-image-preview":"max-image-preview:large","max-video-preview":"max-video-preview:-1"},"canonical":"https:\/\/futbolhoy.co\/index.php\/2026\/04\/26\/james-rodriguez-voy-a-llegar-bien-al-mundial\/","og_locale":"es_ES","og_type":"article","og_title":"James Rodr\u00edguez: \u201cVoy a llegar bien al Mundial\u201d -","og_description":"James Rodr\u00edguez fue la figura de Minnesota en el juego ante LAFC,\u00a0que termin\u00f3 en derrota por 0-1. Este fue el primer juego como titular del colombiano por MLS, pues ya hab\u00eda sido inicialista por la US Open Cup ante Sacramento. El \u201810\u2019 tuvo calificaciones superiores a 7.5 para varias aplicaciones de estad\u00edsticas. Tuvo dos remates [&hellip;]","og_url":"https:\/\/futbolhoy.co\/index.php\/2026\/04\/26\/james-rodriguez-voy-a-llegar-bien-al-mundial\/","article_publisher":"https:\/\/www.facebook.com\/FutbolHoyCol\/","article_published_time":"2026-04-26T16:01:51+00:00","og_image":[{"width":1920,"height":1280,"url":"https:\/\/futbolhoy.co\/wp-content\/uploads\/2026\/04\/HGyhlopW8AAyBTZ.jpg","type":"image\/jpeg"}],"author":"contenido","twitter_card":"summary_large_image","twitter_creator":"@FutbolHoyCol","twitter_site":"@FutbolHoyCol","twitter_misc":{"Escrito por":"contenido","Tiempo de lectura":"1 minuto"},"schema":{"@context":"https:\/\/schema.org","@graph":[{"@type":"Article","@id":"https:\/\/futbolhoy.co\/index.php\/2026\/04\/26\/james-rodriguez-voy-a-llegar-bien-al-mundial\/#article","isPartOf":{"@id":"https:\/\/futbolhoy.co\/index.php\/2026\/04\/26\/james-rodriguez-voy-a-llegar-bien-al-mundial\/"},"author":{"name":"contenido","@id":"https:\/\/futbolhoy.co\/#\/schema\/person\/1721b69355b6623eaff15ac7b92d4cc3"},"headline":"James Rodr\u00edguez: \u201cVoy a llegar bien al Mundial\u201d","datePublished":"2026-04-26T16:01:51+00:00","mainEntityOfPage":{"@id":"https:\/\/futbolhoy.co\/index.php\/2026\/04\/26\/james-rodriguez-voy-a-llegar-bien-al-mundial\/"},"wordCount":246,"commentCount":0,"publisher":{"@id":"https:\/\/futbolhoy.co\/#organization"},"image":{"@id":"https:\/\/futbolhoy.co\/index.php\/2026\/04\/26\/james-rodriguez-voy-a-llegar-bien-al-mundial\/#primaryimage"},"thumbnailUrl":"https:\/\/futbolhoy.co\/wp-content\/uploads\/2026\/04\/HGyhlopW8AAyBTZ.jpg","articleSection":["Destacados"],"inLanguage":"es","potentialAction":[{"@type":"CommentAction","name":"Comment","target":["https:\/\/futbolhoy.co\/index.php\/2026\/04\/26\/james-rodriguez-voy-a-llegar-bien-al-mundial\/#respond"]}]},{"@type":"WebPage","@id":"https:\/\/futbolhoy.co\/index.php\/2026\/04\/26\/james-rodriguez-voy-a-llegar-bien-al-mundial\/","url":"https:\/\/futbolhoy.co\/index.php\/2026\/04\/26\/james-rodriguez-voy-a-llegar-bien-al-mundial\/","name":"James Rodr\u00edguez: \u201cVoy a llegar bien al Mundial\u201d -","isPartOf":{"@id":"https:\/\/futbolhoy.co\/#website"},"primaryImageOfPage":{"@id":"https:\/\/futbolhoy.co\/index.php\/2026\/04\/26\/james-rodriguez-voy-a-llegar-bien-al-mundial\/#primaryimage"},"image":{"@id":"https:\/\/futbolhoy.co\/index.php\/2026\/04\/26\/james-rodriguez-voy-a-llegar-bien-al-mundial\/#primaryimage"},"thumbnailUrl":"https:\/\/futbolhoy.co\/wp-content\/uploads\/2026\/04\/HGyhlopW8AAyBTZ.jpg","datePublished":"2026-04-26T16:01:51+00:00","breadcrumb":{"@id":"https:\/\/futbolhoy.co\/index.php\/2026\/04\/26\/james-rodriguez-voy-a-llegar-bien-al-mundial\/#breadcrumb"},"inLanguage":"es","potentialAction":[{"@type":"ReadAction","target":["https:\/\/futbolhoy.co\/index.php\/2026\/04\/26\/james-rodriguez-voy-a-llegar-bien-al-mundial\/"]}]},{"@type":"ImageObject","inLanguage":"es","@id":"https:\/\/futbolhoy.co\/index.php\/2026\/04\/26\/james-rodriguez-voy-a-llegar-bien-al-mundial\/#primaryimage","url":"https:\/\/futbolhoy.co\/wp-content\/uploads\/2026\/04\/HGyhlopW8AAyBTZ.jpg","contentUrl":"https:\/\/futbolhoy.co\/wp-content\/uploads\/2026\/04\/HGyhlopW8AAyBTZ.jpg","width":1920,"height":1280},{"@type":"BreadcrumbList","@id":"https:\/\/futbolhoy.co\/index.php\/2026\/04\/26\/james-rodriguez-voy-a-llegar-bien-al-mundial\/#breadcrumb","itemListElement":[{"@type":"ListItem","position":1,"name":"Portada","item":"https:\/\/futbolhoy.co\/"},{"@type":"ListItem","position":2,"name":"James Rodr\u00edguez: \u201cVoy a llegar bien al Mundial\u201d"}]},{"@type":"WebSite","@id":"https:\/\/futbolhoy.co\/#website","url":"https:\/\/futbolhoy.co\/","name":"FutbolHoy","description":"","publisher":{"@id":"https:\/\/futbolhoy.co\/#organization"},"potentialAction":[{"@type":"SearchAction","target":{"@type":"EntryPoint","urlTemplate":"https:\/\/futbolhoy.co\/?s={search_term_string}"},"query-input":{"@type":"PropertyValueSpecification","valueRequired":true,"valueName":"search_term_string"}}],"inLanguage":"es"},{"@type":"Organization","@id":"https:\/\/futbolhoy.co\/#organization","name":"Futbolhoy.co","url":"https:\/\/futbolhoy.co\/","logo":{"@type":"ImageObject","inLanguage":"es","@id":"https:\/\/futbolhoy.co\/#\/schema\/logo\/image\/","url":"https:\/\/futbolhoy.co\/wp-content\/uploads\/2018\/08\/17426380_1906371736249227_6326180412931521141_n.jpg","contentUrl":"https:\/\/futbolhoy.co\/wp-content\/uploads\/2018\/08\/17426380_1906371736249227_6326180412931521141_n.jpg","width":960,"height":960,"caption":"Futbolhoy.co"},"image":{"@id":"https:\/\/futbolhoy.co\/#\/schema\/logo\/image\/"},"sameAs":["https:\/\/www.facebook.com\/FutbolHoyCol\/","https:\/\/x.com\/FutbolHoyCol","https:\/\/www.instagram.com\/futbolhoycol\/"]},{"@type":"Person","@id":"https:\/\/futbolhoy.co\/#\/schema\/person\/1721b69355b6623eaff15ac7b92d4cc3","name":"contenido","image":{"@type":"ImageObject","inLanguage":"es","@id":"https:\/\/futbolhoy.co\/#\/schema\/person\/image\/","url":"https:\/\/secure.gravatar.com\/avatar\/4f656d3256f5134f466206e7c3941518?s=96&d=mm&r=g","contentUrl":"https:\/\/secure.gravatar.com\/avatar\/4f656d3256f5134f466206e7c3941518?s=96&d=mm&r=g","caption":"contenido"}}]}},"publishpress_future_action":{"enabled":false,"date":"2026-05-03 15:40:16","action":"change-status","newStatus":"draft","terms":[],"taxonomy":"category","extraData":[]},"publishpress_future_workflow_manual_trigger":{"enabledWorkflows":[]},"_links":{"self":[{"href":"https:\/\/futbolhoy.co\/index.php\/wp-json\/wp\/v2\/posts\/131751","targetHints":{"allow":["GET"]}}],"collection":[{"href":"https:\/\/futbolhoy.co\/index.php\/wp-json\/wp\/v2\/posts"}],"about":[{"href":"https:\/\/futbolhoy.co\/index.php\/wp-json\/wp\/v2\/types\/post"}],"author":[{"embeddable":true,"href":"https:\/\/futbolhoy.co\/index.php\/wp-json\/wp\/v2\/users\/4"}],"replies":[{"embeddable":true,"href":"https:\/\/futbolhoy.co\/index.php\/wp-json\/wp\/v2\/comments?post=131751"}],"version-history":[{"count":1,"href":"https:\/\/futbolhoy.co\/index.php\/wp-json\/wp\/v2\/posts\/131751\/revisions"}],"predecessor-version":[{"id":131753,"href":"https:\/\/futbolhoy.co\/index.php\/wp-json\/wp\/v2\/posts\/131751\/revisions\/131753"}],"wp:featuredmedia":[{"embeddable":true,"href":"https:\/\/futbolhoy.co\/index.php\/wp-json\/wp\/v2\/media\/131752"}],"wp:attachment":[{"href":"https:\/\/futbolhoy.co\/index.php\/wp-json\/wp\/v2\/media?parent=131751"}],"wp:term":[{"taxonomy":"category","embeddable":true,"href":"https:\/\/futbolhoy.co\/index.php\/wp-json\/wp\/v2\/categories?post=131751"},{"taxonomy":"post_tag","embeddable":true,"href":"https:\/\/futbolhoy.co\/index.php\/wp-json\/wp\/v2\/tags?post=131751"}],"curies":[{"name":"wp","href":"https:\/\/api.w.org\/{rel}","templated":true}]}}