{"id":131759,"date":"2026-04-26T22:15:59","date_gmt":"2026-04-27T03:15:59","guid":{"rendered":"https:\/\/futbolhoy.co\/?p=131759"},"modified":"2026-04-26T22:15:59","modified_gmt":"2026-04-27T03:15:59","slug":"internacional-de-bogota-golea-a-chico-y-se-mete-al-grupo-de-los-ocho-en-la-liga-colombiana","status":"publish","type":"post","link":"https:\/\/futbolhoy.co\/index.php\/2026\/04\/26\/internacional-de-bogota-golea-a-chico-y-se-mete-al-grupo-de-los-ocho-en-la-liga-colombiana\/","title":{"rendered":"Internacional de Bogot\u00e1 golea a Chic\u00f3 y se mete al grupo de los ocho en la Liga Colombiana"},"content":{"rendered":"<p style=\"text-align: justify;\"><span style=\"font-family: helvetica, arial, sans-serif;\"><strong>Internacional de Bogot\u00e1<\/strong> se meti\u00f3 al grupo de los ocho, luego de <strong>golear 4-0 al Boyac\u00e1 Chic\u00f3<\/strong> en el Estadio Metropolitano de Techo y con ello depende de s\u00ed mismo para clasificar a las finales de la Liga BetPlay 2026-I.<\/span><\/p>\n<p style=\"text-align: justify;\"><span style=\"font-family: helvetica, arial, sans-serif;\">Soberbio triunfo del elenco capitalino, gracias a las anotaciones de <strong>Facundo Bon\u00e9 (8'), Ian Poveda (21') Fabricio Sanguinetti (35') y Joan Castro (85')<\/strong>. Claro est\u00e1 que no todo fue alegr\u00eda, debido a que <strong>al minuto 45 se fue expulsado Rub\u00e9n Manjarr\u00e9s<\/strong> por doble amonestaci\u00f3n (se perder\u00e1 la \u00faltima fecha del todos contra todos).<\/span><\/p>\n<p style=\"text-align: justify;\"><span style=\"font-family: helvetica, arial, sans-serif;\"><strong>Inter lleg\u00f3 a 28 puntos y se ubica en la s\u00e9ptima casilla del campeonato<\/strong>, lo cual significa que depende de s\u00ed mismo para meterse a los play-offs del primer semestre. Es preciso recordar que en la decimonovena y \u00faltima jornada del todos contra todos <strong>enfrentar\u00e1 a Santa Fe (8\u00b0) en el Estadio El Camp\u00edn<\/strong>.<\/span><\/p>\n","protected":false},"excerpt":{"rendered":"<p>Internacional de Bogot\u00e1 se meti\u00f3 al grupo de los ocho, luego de golear 4-0 al Boyac\u00e1 Chic\u00f3 en el Estadio Metropolitano de Techo y con ello depende de s\u00ed mismo para clasificar a las finales de la Liga BetPlay 2026-I. Soberbio triunfo del elenco capitalino, gracias a las anotaciones de Facundo Bon\u00e9 (8'), Ian Poveda [&hellip;]<\/p>\n","protected":false},"author":4,"featured_media":131760,"comment_status":"open","ping_status":"open","sticky":false,"template":"","format":"standard","meta":{"_acf_changed":false,"footnotes":""},"categories":[5],"tags":[],"class_list":{"0":"post-131759","1":"post","2":"type-post","3":"status-publish","4":"format-standard","5":"has-post-thumbnail","7":"category-destacados"},"acf":[],"yoast_head":"<!-- This site is optimized with the Yoast SEO plugin v26.8 - https:\/\/yoast.com\/product\/yoast-seo-wordpress\/ -->\n<title>Internacional de Bogot\u00e1 golea a Chic\u00f3 y se mete al grupo de los ocho en la Liga Colombiana -<\/title>\n<meta name=\"robots\" content=\"index, follow, max-snippet:-1, max-image-preview:large, max-video-preview:-1\" \/>\n<link rel=\"canonical\" href=\"https:\/\/futbolhoy.co\/index.php\/2026\/04\/26\/internacional-de-bogota-golea-a-chico-y-se-mete-al-grupo-de-los-ocho-en-la-liga-colombiana\/\" \/>\n<meta property=\"og:locale\" content=\"es_ES\" \/>\n<meta property=\"og:type\" content=\"article\" \/>\n<meta property=\"og:title\" content=\"Internacional de Bogot\u00e1 golea a Chic\u00f3 y se mete al grupo de los ocho en la Liga Colombiana -\" \/>\n<meta property=\"og:description\" content=\"Internacional de Bogot\u00e1 se meti\u00f3 al grupo de los ocho, luego de golear 4-0 al Boyac\u00e1 Chic\u00f3 en el Estadio Metropolitano de Techo y con ello depende de s\u00ed mismo para clasificar a las finales de la Liga BetPlay 2026-I. Soberbio triunfo del elenco capitalino, gracias a las anotaciones de Facundo Bon\u00e9 (8&#039;), Ian Poveda [&hellip;]\" \/>\n<meta property=\"og:url\" content=\"https:\/\/futbolhoy.co\/index.php\/2026\/04\/26\/internacional-de-bogota-golea-a-chico-y-se-mete-al-grupo-de-los-ocho-en-la-liga-colombiana\/\" \/>\n<meta property=\"article:publisher\" content=\"https:\/\/www.facebook.com\/FutbolHoyCol\/\" \/>\n<meta property=\"article:published_time\" content=\"2026-04-27T03:15:59+00:00\" \/>\n<meta property=\"og:image\" content=\"https:\/\/futbolhoy.co\/wp-content\/uploads\/2026\/04\/image-5-4.png\" \/>\n\t<meta property=\"og:image:width\" content=\"1080\" \/>\n\t<meta property=\"og:image:height\" content=\"522\" \/>\n\t<meta property=\"og:image:type\" content=\"image\/png\" \/>\n<meta name=\"author\" content=\"contenido\" \/>\n<meta name=\"twitter:card\" content=\"summary_large_image\" \/>\n<meta name=\"twitter:creator\" content=\"@FutbolHoyCol\" \/>\n<meta name=\"twitter:site\" content=\"@FutbolHoyCol\" \/>\n<meta name=\"twitter:label1\" content=\"Escrito por\" \/>\n\t<meta name=\"twitter:data1\" content=\"contenido\" \/>\n\t<meta name=\"twitter:label2\" content=\"Tiempo de lectura\" \/>\n\t<meta name=\"twitter:data2\" content=\"1 minuto\" \/>\n<script type=\"application\/ld+json\" class=\"yoast-schema-graph\">{\"@context\":\"https:\/\/schema.org\",\"@graph\":[{\"@type\":\"Article\",\"@id\":\"https:\/\/futbolhoy.co\/index.php\/2026\/04\/26\/internacional-de-bogota-golea-a-chico-y-se-mete-al-grupo-de-los-ocho-en-la-liga-colombiana\/#article\",\"isPartOf\":{\"@id\":\"https:\/\/futbolhoy.co\/index.php\/2026\/04\/26\/internacional-de-bogota-golea-a-chico-y-se-mete-al-grupo-de-los-ocho-en-la-liga-colombiana\/\"},\"author\":{\"name\":\"contenido\",\"@id\":\"https:\/\/futbolhoy.co\/#\/schema\/person\/1721b69355b6623eaff15ac7b92d4cc3\"},\"headline\":\"Internacional de Bogot\u00e1 golea a Chic\u00f3 y se mete al grupo de los ocho en la Liga Colombiana\",\"datePublished\":\"2026-04-27T03:15:59+00:00\",\"mainEntityOfPage\":{\"@id\":\"https:\/\/futbolhoy.co\/index.php\/2026\/04\/26\/internacional-de-bogota-golea-a-chico-y-se-mete-al-grupo-de-los-ocho-en-la-liga-colombiana\/\"},\"wordCount\":168,\"commentCount\":0,\"publisher\":{\"@id\":\"https:\/\/futbolhoy.co\/#organization\"},\"image\":{\"@id\":\"https:\/\/futbolhoy.co\/index.php\/2026\/04\/26\/internacional-de-bogota-golea-a-chico-y-se-mete-al-grupo-de-los-ocho-en-la-liga-colombiana\/#primaryimage\"},\"thumbnailUrl\":\"https:\/\/futbolhoy.co\/wp-content\/uploads\/2026\/04\/image-5-4.png\",\"articleSection\":[\"Destacados\"],\"inLanguage\":\"es\",\"potentialAction\":[{\"@type\":\"CommentAction\",\"name\":\"Comment\",\"target\":[\"https:\/\/futbolhoy.co\/index.php\/2026\/04\/26\/internacional-de-bogota-golea-a-chico-y-se-mete-al-grupo-de-los-ocho-en-la-liga-colombiana\/#respond\"]}]},{\"@type\":\"WebPage\",\"@id\":\"https:\/\/futbolhoy.co\/index.php\/2026\/04\/26\/internacional-de-bogota-golea-a-chico-y-se-mete-al-grupo-de-los-ocho-en-la-liga-colombiana\/\",\"url\":\"https:\/\/futbolhoy.co\/index.php\/2026\/04\/26\/internacional-de-bogota-golea-a-chico-y-se-mete-al-grupo-de-los-ocho-en-la-liga-colombiana\/\",\"name\":\"Internacional de Bogot\u00e1 golea a Chic\u00f3 y se mete al grupo de los ocho en la Liga Colombiana -\",\"isPartOf\":{\"@id\":\"https:\/\/futbolhoy.co\/#website\"},\"primaryImageOfPage\":{\"@id\":\"https:\/\/futbolhoy.co\/index.php\/2026\/04\/26\/internacional-de-bogota-golea-a-chico-y-se-mete-al-grupo-de-los-ocho-en-la-liga-colombiana\/#primaryimage\"},\"image\":{\"@id\":\"https:\/\/futbolhoy.co\/index.php\/2026\/04\/26\/internacional-de-bogota-golea-a-chico-y-se-mete-al-grupo-de-los-ocho-en-la-liga-colombiana\/#primaryimage\"},\"thumbnailUrl\":\"https:\/\/futbolhoy.co\/wp-content\/uploads\/2026\/04\/image-5-4.png\",\"datePublished\":\"2026-04-27T03:15:59+00:00\",\"breadcrumb\":{\"@id\":\"https:\/\/futbolhoy.co\/index.php\/2026\/04\/26\/internacional-de-bogota-golea-a-chico-y-se-mete-al-grupo-de-los-ocho-en-la-liga-colombiana\/#breadcrumb\"},\"inLanguage\":\"es\",\"potentialAction\":[{\"@type\":\"ReadAction\",\"target\":[\"https:\/\/futbolhoy.co\/index.php\/2026\/04\/26\/internacional-de-bogota-golea-a-chico-y-se-mete-al-grupo-de-los-ocho-en-la-liga-colombiana\/\"]}]},{\"@type\":\"ImageObject\",\"inLanguage\":\"es\",\"@id\":\"https:\/\/futbolhoy.co\/index.php\/2026\/04\/26\/internacional-de-bogota-golea-a-chico-y-se-mete-al-grupo-de-los-ocho-en-la-liga-colombiana\/#primaryimage\",\"url\":\"https:\/\/futbolhoy.co\/wp-content\/uploads\/2026\/04\/image-5-4.png\",\"contentUrl\":\"https:\/\/futbolhoy.co\/wp-content\/uploads\/2026\/04\/image-5-4.png\",\"width\":1080,\"height\":522},{\"@type\":\"BreadcrumbList\",\"@id\":\"https:\/\/futbolhoy.co\/index.php\/2026\/04\/26\/internacional-de-bogota-golea-a-chico-y-se-mete-al-grupo-de-los-ocho-en-la-liga-colombiana\/#breadcrumb\",\"itemListElement\":[{\"@type\":\"ListItem\",\"position\":1,\"name\":\"Portada\",\"item\":\"https:\/\/futbolhoy.co\/\"},{\"@type\":\"ListItem\",\"position\":2,\"name\":\"Internacional de Bogot\u00e1 golea a Chic\u00f3 y se mete al grupo de los ocho en la Liga Colombiana\"}]},{\"@type\":\"WebSite\",\"@id\":\"https:\/\/futbolhoy.co\/#website\",\"url\":\"https:\/\/futbolhoy.co\/\",\"name\":\"FutbolHoy\",\"description\":\"\",\"publisher\":{\"@id\":\"https:\/\/futbolhoy.co\/#organization\"},\"potentialAction\":[{\"@type\":\"SearchAction\",\"target\":{\"@type\":\"EntryPoint\",\"urlTemplate\":\"https:\/\/futbolhoy.co\/?s={search_term_string}\"},\"query-input\":{\"@type\":\"PropertyValueSpecification\",\"valueRequired\":true,\"valueName\":\"search_term_string\"}}],\"inLanguage\":\"es\"},{\"@type\":\"Organization\",\"@id\":\"https:\/\/futbolhoy.co\/#organization\",\"name\":\"Futbolhoy.co\",\"url\":\"https:\/\/futbolhoy.co\/\",\"logo\":{\"@type\":\"ImageObject\",\"inLanguage\":\"es\",\"@id\":\"https:\/\/futbolhoy.co\/#\/schema\/logo\/image\/\",\"url\":\"https:\/\/futbolhoy.co\/wp-content\/uploads\/2018\/08\/17426380_1906371736249227_6326180412931521141_n.jpg\",\"contentUrl\":\"https:\/\/futbolhoy.co\/wp-content\/uploads\/2018\/08\/17426380_1906371736249227_6326180412931521141_n.jpg\",\"width\":960,\"height\":960,\"caption\":\"Futbolhoy.co\"},\"image\":{\"@id\":\"https:\/\/futbolhoy.co\/#\/schema\/logo\/image\/\"},\"sameAs\":[\"https:\/\/www.facebook.com\/FutbolHoyCol\/\",\"https:\/\/x.com\/FutbolHoyCol\",\"https:\/\/www.instagram.com\/futbolhoycol\/\"]},{\"@type\":\"Person\",\"@id\":\"https:\/\/futbolhoy.co\/#\/schema\/person\/1721b69355b6623eaff15ac7b92d4cc3\",\"name\":\"contenido\",\"image\":{\"@type\":\"ImageObject\",\"inLanguage\":\"es\",\"@id\":\"https:\/\/futbolhoy.co\/#\/schema\/person\/image\/\",\"url\":\"https:\/\/secure.gravatar.com\/avatar\/4f656d3256f5134f466206e7c3941518?s=96&d=mm&r=g\",\"contentUrl\":\"https:\/\/secure.gravatar.com\/avatar\/4f656d3256f5134f466206e7c3941518?s=96&d=mm&r=g\",\"caption\":\"contenido\"}}]}<\/script>\n<!-- \/ Yoast SEO plugin. -->","yoast_head_json":{"title":"Internacional de Bogot\u00e1 golea a Chic\u00f3 y se mete al grupo de los ocho en la Liga Colombiana -","robots":{"index":"index","follow":"follow","max-snippet":"max-snippet:-1","max-image-preview":"max-image-preview:large","max-video-preview":"max-video-preview:-1"},"canonical":"https:\/\/futbolhoy.co\/index.php\/2026\/04\/26\/internacional-de-bogota-golea-a-chico-y-se-mete-al-grupo-de-los-ocho-en-la-liga-colombiana\/","og_locale":"es_ES","og_type":"article","og_title":"Internacional de Bogot\u00e1 golea a Chic\u00f3 y se mete al grupo de los ocho en la Liga Colombiana -","og_description":"Internacional de Bogot\u00e1 se meti\u00f3 al grupo de los ocho, luego de golear 4-0 al Boyac\u00e1 Chic\u00f3 en el Estadio Metropolitano de Techo y con ello depende de s\u00ed mismo para clasificar a las finales de la Liga BetPlay 2026-I. Soberbio triunfo del elenco capitalino, gracias a las anotaciones de Facundo Bon\u00e9 (8'), Ian Poveda [&hellip;]","og_url":"https:\/\/futbolhoy.co\/index.php\/2026\/04\/26\/internacional-de-bogota-golea-a-chico-y-se-mete-al-grupo-de-los-ocho-en-la-liga-colombiana\/","article_publisher":"https:\/\/www.facebook.com\/FutbolHoyCol\/","article_published_time":"2026-04-27T03:15:59+00:00","og_image":[{"width":1080,"height":522,"url":"https:\/\/futbolhoy.co\/wp-content\/uploads\/2026\/04\/image-5-4.png","type":"image\/png"}],"author":"contenido","twitter_card":"summary_large_image","twitter_creator":"@FutbolHoyCol","twitter_site":"@FutbolHoyCol","twitter_misc":{"Escrito por":"contenido","Tiempo de lectura":"1 minuto"},"schema":{"@context":"https:\/\/schema.org","@graph":[{"@type":"Article","@id":"https:\/\/futbolhoy.co\/index.php\/2026\/04\/26\/internacional-de-bogota-golea-a-chico-y-se-mete-al-grupo-de-los-ocho-en-la-liga-colombiana\/#article","isPartOf":{"@id":"https:\/\/futbolhoy.co\/index.php\/2026\/04\/26\/internacional-de-bogota-golea-a-chico-y-se-mete-al-grupo-de-los-ocho-en-la-liga-colombiana\/"},"author":{"name":"contenido","@id":"https:\/\/futbolhoy.co\/#\/schema\/person\/1721b69355b6623eaff15ac7b92d4cc3"},"headline":"Internacional de Bogot\u00e1 golea a Chic\u00f3 y se mete al grupo de los ocho en la Liga Colombiana","datePublished":"2026-04-27T03:15:59+00:00","mainEntityOfPage":{"@id":"https:\/\/futbolhoy.co\/index.php\/2026\/04\/26\/internacional-de-bogota-golea-a-chico-y-se-mete-al-grupo-de-los-ocho-en-la-liga-colombiana\/"},"wordCount":168,"commentCount":0,"publisher":{"@id":"https:\/\/futbolhoy.co\/#organization"},"image":{"@id":"https:\/\/futbolhoy.co\/index.php\/2026\/04\/26\/internacional-de-bogota-golea-a-chico-y-se-mete-al-grupo-de-los-ocho-en-la-liga-colombiana\/#primaryimage"},"thumbnailUrl":"https:\/\/futbolhoy.co\/wp-content\/uploads\/2026\/04\/image-5-4.png","articleSection":["Destacados"],"inLanguage":"es","potentialAction":[{"@type":"CommentAction","name":"Comment","target":["https:\/\/futbolhoy.co\/index.php\/2026\/04\/26\/internacional-de-bogota-golea-a-chico-y-se-mete-al-grupo-de-los-ocho-en-la-liga-colombiana\/#respond"]}]},{"@type":"WebPage","@id":"https:\/\/futbolhoy.co\/index.php\/2026\/04\/26\/internacional-de-bogota-golea-a-chico-y-se-mete-al-grupo-de-los-ocho-en-la-liga-colombiana\/","url":"https:\/\/futbolhoy.co\/index.php\/2026\/04\/26\/internacional-de-bogota-golea-a-chico-y-se-mete-al-grupo-de-los-ocho-en-la-liga-colombiana\/","name":"Internacional de Bogot\u00e1 golea a Chic\u00f3 y se mete al grupo de los ocho en la Liga Colombiana -","isPartOf":{"@id":"https:\/\/futbolhoy.co\/#website"},"primaryImageOfPage":{"@id":"https:\/\/futbolhoy.co\/index.php\/2026\/04\/26\/internacional-de-bogota-golea-a-chico-y-se-mete-al-grupo-de-los-ocho-en-la-liga-colombiana\/#primaryimage"},"image":{"@id":"https:\/\/futbolhoy.co\/index.php\/2026\/04\/26\/internacional-de-bogota-golea-a-chico-y-se-mete-al-grupo-de-los-ocho-en-la-liga-colombiana\/#primaryimage"},"thumbnailUrl":"https:\/\/futbolhoy.co\/wp-content\/uploads\/2026\/04\/image-5-4.png","datePublished":"2026-04-27T03:15:59+00:00","breadcrumb":{"@id":"https:\/\/futbolhoy.co\/index.php\/2026\/04\/26\/internacional-de-bogota-golea-a-chico-y-se-mete-al-grupo-de-los-ocho-en-la-liga-colombiana\/#breadcrumb"},"inLanguage":"es","potentialAction":[{"@type":"ReadAction","target":["https:\/\/futbolhoy.co\/index.php\/2026\/04\/26\/internacional-de-bogota-golea-a-chico-y-se-mete-al-grupo-de-los-ocho-en-la-liga-colombiana\/"]}]},{"@type":"ImageObject","inLanguage":"es","@id":"https:\/\/futbolhoy.co\/index.php\/2026\/04\/26\/internacional-de-bogota-golea-a-chico-y-se-mete-al-grupo-de-los-ocho-en-la-liga-colombiana\/#primaryimage","url":"https:\/\/futbolhoy.co\/wp-content\/uploads\/2026\/04\/image-5-4.png","contentUrl":"https:\/\/futbolhoy.co\/wp-content\/uploads\/2026\/04\/image-5-4.png","width":1080,"height":522},{"@type":"BreadcrumbList","@id":"https:\/\/futbolhoy.co\/index.php\/2026\/04\/26\/internacional-de-bogota-golea-a-chico-y-se-mete-al-grupo-de-los-ocho-en-la-liga-colombiana\/#breadcrumb","itemListElement":[{"@type":"ListItem","position":1,"name":"Portada","item":"https:\/\/futbolhoy.co\/"},{"@type":"ListItem","position":2,"name":"Internacional de Bogot\u00e1 golea a Chic\u00f3 y se mete al grupo de los ocho en la Liga Colombiana"}]},{"@type":"WebSite","@id":"https:\/\/futbolhoy.co\/#website","url":"https:\/\/futbolhoy.co\/","name":"FutbolHoy","description":"","publisher":{"@id":"https:\/\/futbolhoy.co\/#organization"},"potentialAction":[{"@type":"SearchAction","target":{"@type":"EntryPoint","urlTemplate":"https:\/\/futbolhoy.co\/?s={search_term_string}"},"query-input":{"@type":"PropertyValueSpecification","valueRequired":true,"valueName":"search_term_string"}}],"inLanguage":"es"},{"@type":"Organization","@id":"https:\/\/futbolhoy.co\/#organization","name":"Futbolhoy.co","url":"https:\/\/futbolhoy.co\/","logo":{"@type":"ImageObject","inLanguage":"es","@id":"https:\/\/futbolhoy.co\/#\/schema\/logo\/image\/","url":"https:\/\/futbolhoy.co\/wp-content\/uploads\/2018\/08\/17426380_1906371736249227_6326180412931521141_n.jpg","contentUrl":"https:\/\/futbolhoy.co\/wp-content\/uploads\/2018\/08\/17426380_1906371736249227_6326180412931521141_n.jpg","width":960,"height":960,"caption":"Futbolhoy.co"},"image":{"@id":"https:\/\/futbolhoy.co\/#\/schema\/logo\/image\/"},"sameAs":["https:\/\/www.facebook.com\/FutbolHoyCol\/","https:\/\/x.com\/FutbolHoyCol","https:\/\/www.instagram.com\/futbolhoycol\/"]},{"@type":"Person","@id":"https:\/\/futbolhoy.co\/#\/schema\/person\/1721b69355b6623eaff15ac7b92d4cc3","name":"contenido","image":{"@type":"ImageObject","inLanguage":"es","@id":"https:\/\/futbolhoy.co\/#\/schema\/person\/image\/","url":"https:\/\/secure.gravatar.com\/avatar\/4f656d3256f5134f466206e7c3941518?s=96&d=mm&r=g","contentUrl":"https:\/\/secure.gravatar.com\/avatar\/4f656d3256f5134f466206e7c3941518?s=96&d=mm&r=g","caption":"contenido"}}]}},"publishpress_future_action":{"enabled":false,"date":"2026-05-04 01:38:38","action":"change-status","newStatus":"draft","terms":[],"taxonomy":"category","extraData":[]},"publishpress_future_workflow_manual_trigger":{"enabledWorkflows":[]},"_links":{"self":[{"href":"https:\/\/futbolhoy.co\/index.php\/wp-json\/wp\/v2\/posts\/131759","targetHints":{"allow":["GET"]}}],"collection":[{"href":"https:\/\/futbolhoy.co\/index.php\/wp-json\/wp\/v2\/posts"}],"about":[{"href":"https:\/\/futbolhoy.co\/index.php\/wp-json\/wp\/v2\/types\/post"}],"author":[{"embeddable":true,"href":"https:\/\/futbolhoy.co\/index.php\/wp-json\/wp\/v2\/users\/4"}],"replies":[{"embeddable":true,"href":"https:\/\/futbolhoy.co\/index.php\/wp-json\/wp\/v2\/comments?post=131759"}],"version-history":[{"count":1,"href":"https:\/\/futbolhoy.co\/index.php\/wp-json\/wp\/v2\/posts\/131759\/revisions"}],"predecessor-version":[{"id":131761,"href":"https:\/\/futbolhoy.co\/index.php\/wp-json\/wp\/v2\/posts\/131759\/revisions\/131761"}],"wp:featuredmedia":[{"embeddable":true,"href":"https:\/\/futbolhoy.co\/index.php\/wp-json\/wp\/v2\/media\/131760"}],"wp:attachment":[{"href":"https:\/\/futbolhoy.co\/index.php\/wp-json\/wp\/v2\/media?parent=131759"}],"wp:term":[{"taxonomy":"category","embeddable":true,"href":"https:\/\/futbolhoy.co\/index.php\/wp-json\/wp\/v2\/categories?post=131759"},{"taxonomy":"post_tag","embeddable":true,"href":"https:\/\/futbolhoy.co\/index.php\/wp-json\/wp\/v2\/tags?post=131759"}],"curies":[{"name":"wp","href":"https:\/\/api.w.org\/{rel}","templated":true}]}}