{"id":131764,"date":"2026-04-27T09:17:27","date_gmt":"2026-04-27T14:17:27","guid":{"rendered":"https:\/\/futbolhoy.co\/?p=131764"},"modified":"2026-04-27T09:17:27","modified_gmt":"2026-04-27T14:17:27","slug":"mbappe-prende-las-alarmas-nueva-lesion-con-el-mundial-a-la-vuelta-de-la-esquina","status":"publish","type":"post","link":"https:\/\/futbolhoy.co\/index.php\/2026\/04\/27\/mbappe-prende-las-alarmas-nueva-lesion-con-el-mundial-a-la-vuelta-de-la-esquina\/","title":{"rendered":"Mbapp\u00e9 prende las alarmas: nueva lesi\u00f3n con el Mundial a la vuelta de la esquina"},"content":{"rendered":"<p style=\"text-align: justify;\"><span style=\"font-family: helvetica, arial, sans-serif;\"><strong>Kylian Mbapp\u00e9<\/strong>\u00a0sufri\u00f3 una lesi\u00f3n en el m\u00fasculo semitendinoso de la pierna izquierda y el objetivo es que est\u00e9 de vuelta para el cl\u00e1sico en el <strong>Camp Nou<\/strong> del pr\u00f3ximo 10 de mayo.<\/span><\/p>\n<p style=\"text-align: justify;\"><span style=\"font-family: helvetica, arial, sans-serif;\">El delantero fue sometido este lunes a nuevas pruebas (resonancia) para conocer con m\u00e1s precisi\u00f3n sus dolencias. Seg\u00fan el parte m\u00e9dico emitido por el club blanco <strong>\"se le ha diagnosticado una lesi\u00f3n en el m\u00fasculo semitendinoso de la pierna izquierda\",<\/strong> por lo que queda \"pendiente de evoluci\u00f3n\" y a 45 d\u00edas del Mundial.<\/span><\/p>\n<p style=\"text-align: justify;\"><span style=\"font-family: helvetica, arial, sans-serif;\">Mbapp\u00e9 pidi\u00f3 el cambio en la segunda mitad del encuentro del pasado viernes en <strong>La Cartuja<\/strong> ante el <strong>Betis<\/strong> y fue reemplazado por el canterano <strong>Gonzalo Garc\u00eda<\/strong> en el minuto 82. Se tem\u00eda por una lesi\u00f3n m\u00e1s importante, pero seg\u00fan las \u00faltimas pruebas en principio tan solo est\u00e1 garantizado que no podr\u00e1 estar a disposici\u00f3n de <strong>\u00c1lvaro Arbeloa<\/strong> el domingo ante <strong>Espanyol.<\/strong><\/span><\/p>\n<p style=\"text-align: justify;\"><span style=\"font-family: helvetica, arial, sans-serif;\">No obstante, el m\u00e1ximo artillero de la competici\u00f3n har\u00e1 todo lo que pueda para estar a disposici\u00f3n en la siguiente jornada, el 10 de mayo, en el <strong>Spotify Camp Nou<\/strong> ante el <strong>Barcelona.<\/strong><\/span><\/p>\n","protected":false},"excerpt":{"rendered":"<p>Kylian Mbapp\u00e9\u00a0sufri\u00f3 una lesi\u00f3n en el m\u00fasculo semitendinoso de la pierna izquierda y el objetivo es que est\u00e9 de vuelta para el cl\u00e1sico en el Camp Nou del pr\u00f3ximo 10 de mayo. El delantero fue sometido este lunes a nuevas pruebas (resonancia) para conocer con m\u00e1s precisi\u00f3n sus dolencias. Seg\u00fan el parte m\u00e9dico emitido por [&hellip;]<\/p>\n","protected":false},"author":4,"featured_media":131765,"comment_status":"open","ping_status":"open","sticky":false,"template":"","format":"standard","meta":{"_acf_changed":false,"footnotes":""},"categories":[5],"tags":[],"class_list":{"0":"post-131764","1":"post","2":"type-post","3":"status-publish","4":"format-standard","5":"has-post-thumbnail","7":"category-destacados"},"acf":[],"yoast_head":"<!-- This site is optimized with the Yoast SEO plugin v26.8 - https:\/\/yoast.com\/product\/yoast-seo-wordpress\/ -->\n<title>Mbapp\u00e9 prende las alarmas: nueva lesi\u00f3n con el Mundial a la vuelta de la esquina -<\/title>\n<meta name=\"robots\" content=\"index, follow, max-snippet:-1, max-image-preview:large, max-video-preview:-1\" \/>\n<link rel=\"canonical\" href=\"https:\/\/futbolhoy.co\/index.php\/2026\/04\/27\/mbappe-prende-las-alarmas-nueva-lesion-con-el-mundial-a-la-vuelta-de-la-esquina\/\" \/>\n<meta property=\"og:locale\" content=\"es_ES\" \/>\n<meta property=\"og:type\" content=\"article\" \/>\n<meta property=\"og:title\" content=\"Mbapp\u00e9 prende las alarmas: nueva lesi\u00f3n con el Mundial a la vuelta de la esquina -\" \/>\n<meta property=\"og:description\" content=\"Kylian Mbapp\u00e9\u00a0sufri\u00f3 una lesi\u00f3n en el m\u00fasculo semitendinoso de la pierna izquierda y el objetivo es que est\u00e9 de vuelta para el cl\u00e1sico en el Camp Nou del pr\u00f3ximo 10 de mayo. El delantero fue sometido este lunes a nuevas pruebas (resonancia) para conocer con m\u00e1s precisi\u00f3n sus dolencias. Seg\u00fan el parte m\u00e9dico emitido por [&hellip;]\" \/>\n<meta property=\"og:url\" content=\"https:\/\/futbolhoy.co\/index.php\/2026\/04\/27\/mbappe-prende-las-alarmas-nueva-lesion-con-el-mundial-a-la-vuelta-de-la-esquina\/\" \/>\n<meta property=\"article:publisher\" content=\"https:\/\/www.facebook.com\/FutbolHoyCol\/\" \/>\n<meta property=\"article:published_time\" content=\"2026-04-27T14:17:27+00:00\" \/>\n<meta property=\"og:image\" content=\"https:\/\/futbolhoy.co\/wp-content\/uploads\/2026\/04\/ND-LIGA-RM-RAYO-MBAPPE_1PC4687.webp\" \/>\n\t<meta property=\"og:image:width\" content=\"1440\" \/>\n\t<meta property=\"og:image:height\" content=\"810\" \/>\n\t<meta property=\"og:image:type\" content=\"image\/webp\" \/>\n<meta name=\"author\" content=\"contenido\" \/>\n<meta name=\"twitter:card\" content=\"summary_large_image\" \/>\n<meta name=\"twitter:creator\" content=\"@FutbolHoyCol\" \/>\n<meta name=\"twitter:site\" content=\"@FutbolHoyCol\" \/>\n<meta name=\"twitter:label1\" content=\"Escrito por\" \/>\n\t<meta name=\"twitter:data1\" content=\"contenido\" \/>\n\t<meta name=\"twitter:label2\" content=\"Tiempo de lectura\" \/>\n\t<meta name=\"twitter:data2\" content=\"1 minuto\" \/>\n<script type=\"application\/ld+json\" class=\"yoast-schema-graph\">{\"@context\":\"https:\/\/schema.org\",\"@graph\":[{\"@type\":\"Article\",\"@id\":\"https:\/\/futbolhoy.co\/index.php\/2026\/04\/27\/mbappe-prende-las-alarmas-nueva-lesion-con-el-mundial-a-la-vuelta-de-la-esquina\/#article\",\"isPartOf\":{\"@id\":\"https:\/\/futbolhoy.co\/index.php\/2026\/04\/27\/mbappe-prende-las-alarmas-nueva-lesion-con-el-mundial-a-la-vuelta-de-la-esquina\/\"},\"author\":{\"name\":\"contenido\",\"@id\":\"https:\/\/futbolhoy.co\/#\/schema\/person\/1721b69355b6623eaff15ac7b92d4cc3\"},\"headline\":\"Mbapp\u00e9 prende las alarmas: nueva lesi\u00f3n con el Mundial a la vuelta de la esquina\",\"datePublished\":\"2026-04-27T14:17:27+00:00\",\"mainEntityOfPage\":{\"@id\":\"https:\/\/futbolhoy.co\/index.php\/2026\/04\/27\/mbappe-prende-las-alarmas-nueva-lesion-con-el-mundial-a-la-vuelta-de-la-esquina\/\"},\"wordCount\":214,\"commentCount\":0,\"publisher\":{\"@id\":\"https:\/\/futbolhoy.co\/#organization\"},\"image\":{\"@id\":\"https:\/\/futbolhoy.co\/index.php\/2026\/04\/27\/mbappe-prende-las-alarmas-nueva-lesion-con-el-mundial-a-la-vuelta-de-la-esquina\/#primaryimage\"},\"thumbnailUrl\":\"https:\/\/futbolhoy.co\/wp-content\/uploads\/2026\/04\/ND-LIGA-RM-RAYO-MBAPPE_1PC4687.webp\",\"articleSection\":[\"Destacados\"],\"inLanguage\":\"es\",\"potentialAction\":[{\"@type\":\"CommentAction\",\"name\":\"Comment\",\"target\":[\"https:\/\/futbolhoy.co\/index.php\/2026\/04\/27\/mbappe-prende-las-alarmas-nueva-lesion-con-el-mundial-a-la-vuelta-de-la-esquina\/#respond\"]}]},{\"@type\":\"WebPage\",\"@id\":\"https:\/\/futbolhoy.co\/index.php\/2026\/04\/27\/mbappe-prende-las-alarmas-nueva-lesion-con-el-mundial-a-la-vuelta-de-la-esquina\/\",\"url\":\"https:\/\/futbolhoy.co\/index.php\/2026\/04\/27\/mbappe-prende-las-alarmas-nueva-lesion-con-el-mundial-a-la-vuelta-de-la-esquina\/\",\"name\":\"Mbapp\u00e9 prende las alarmas: nueva lesi\u00f3n con el Mundial a la vuelta de la esquina -\",\"isPartOf\":{\"@id\":\"https:\/\/futbolhoy.co\/#website\"},\"primaryImageOfPage\":{\"@id\":\"https:\/\/futbolhoy.co\/index.php\/2026\/04\/27\/mbappe-prende-las-alarmas-nueva-lesion-con-el-mundial-a-la-vuelta-de-la-esquina\/#primaryimage\"},\"image\":{\"@id\":\"https:\/\/futbolhoy.co\/index.php\/2026\/04\/27\/mbappe-prende-las-alarmas-nueva-lesion-con-el-mundial-a-la-vuelta-de-la-esquina\/#primaryimage\"},\"thumbnailUrl\":\"https:\/\/futbolhoy.co\/wp-content\/uploads\/2026\/04\/ND-LIGA-RM-RAYO-MBAPPE_1PC4687.webp\",\"datePublished\":\"2026-04-27T14:17:27+00:00\",\"breadcrumb\":{\"@id\":\"https:\/\/futbolhoy.co\/index.php\/2026\/04\/27\/mbappe-prende-las-alarmas-nueva-lesion-con-el-mundial-a-la-vuelta-de-la-esquina\/#breadcrumb\"},\"inLanguage\":\"es\",\"potentialAction\":[{\"@type\":\"ReadAction\",\"target\":[\"https:\/\/futbolhoy.co\/index.php\/2026\/04\/27\/mbappe-prende-las-alarmas-nueva-lesion-con-el-mundial-a-la-vuelta-de-la-esquina\/\"]}]},{\"@type\":\"ImageObject\",\"inLanguage\":\"es\",\"@id\":\"https:\/\/futbolhoy.co\/index.php\/2026\/04\/27\/mbappe-prende-las-alarmas-nueva-lesion-con-el-mundial-a-la-vuelta-de-la-esquina\/#primaryimage\",\"url\":\"https:\/\/futbolhoy.co\/wp-content\/uploads\/2026\/04\/ND-LIGA-RM-RAYO-MBAPPE_1PC4687.webp\",\"contentUrl\":\"https:\/\/futbolhoy.co\/wp-content\/uploads\/2026\/04\/ND-LIGA-RM-RAYO-MBAPPE_1PC4687.webp\",\"width\":1440,\"height\":810},{\"@type\":\"BreadcrumbList\",\"@id\":\"https:\/\/futbolhoy.co\/index.php\/2026\/04\/27\/mbappe-prende-las-alarmas-nueva-lesion-con-el-mundial-a-la-vuelta-de-la-esquina\/#breadcrumb\",\"itemListElement\":[{\"@type\":\"ListItem\",\"position\":1,\"name\":\"Portada\",\"item\":\"https:\/\/futbolhoy.co\/\"},{\"@type\":\"ListItem\",\"position\":2,\"name\":\"Mbapp\u00e9 prende las alarmas: nueva lesi\u00f3n con el Mundial a la vuelta de la esquina\"}]},{\"@type\":\"WebSite\",\"@id\":\"https:\/\/futbolhoy.co\/#website\",\"url\":\"https:\/\/futbolhoy.co\/\",\"name\":\"FutbolHoy\",\"description\":\"\",\"publisher\":{\"@id\":\"https:\/\/futbolhoy.co\/#organization\"},\"potentialAction\":[{\"@type\":\"SearchAction\",\"target\":{\"@type\":\"EntryPoint\",\"urlTemplate\":\"https:\/\/futbolhoy.co\/?s={search_term_string}\"},\"query-input\":{\"@type\":\"PropertyValueSpecification\",\"valueRequired\":true,\"valueName\":\"search_term_string\"}}],\"inLanguage\":\"es\"},{\"@type\":\"Organization\",\"@id\":\"https:\/\/futbolhoy.co\/#organization\",\"name\":\"Futbolhoy.co\",\"url\":\"https:\/\/futbolhoy.co\/\",\"logo\":{\"@type\":\"ImageObject\",\"inLanguage\":\"es\",\"@id\":\"https:\/\/futbolhoy.co\/#\/schema\/logo\/image\/\",\"url\":\"https:\/\/futbolhoy.co\/wp-content\/uploads\/2018\/08\/17426380_1906371736249227_6326180412931521141_n.jpg\",\"contentUrl\":\"https:\/\/futbolhoy.co\/wp-content\/uploads\/2018\/08\/17426380_1906371736249227_6326180412931521141_n.jpg\",\"width\":960,\"height\":960,\"caption\":\"Futbolhoy.co\"},\"image\":{\"@id\":\"https:\/\/futbolhoy.co\/#\/schema\/logo\/image\/\"},\"sameAs\":[\"https:\/\/www.facebook.com\/FutbolHoyCol\/\",\"https:\/\/x.com\/FutbolHoyCol\",\"https:\/\/www.instagram.com\/futbolhoycol\/\"]},{\"@type\":\"Person\",\"@id\":\"https:\/\/futbolhoy.co\/#\/schema\/person\/1721b69355b6623eaff15ac7b92d4cc3\",\"name\":\"contenido\",\"image\":{\"@type\":\"ImageObject\",\"inLanguage\":\"es\",\"@id\":\"https:\/\/futbolhoy.co\/#\/schema\/person\/image\/\",\"url\":\"https:\/\/secure.gravatar.com\/avatar\/4f656d3256f5134f466206e7c3941518?s=96&d=mm&r=g\",\"contentUrl\":\"https:\/\/secure.gravatar.com\/avatar\/4f656d3256f5134f466206e7c3941518?s=96&d=mm&r=g\",\"caption\":\"contenido\"}}]}<\/script>\n<!-- \/ Yoast SEO plugin. -->","yoast_head_json":{"title":"Mbapp\u00e9 prende las alarmas: nueva lesi\u00f3n con el Mundial a la vuelta de la esquina -","robots":{"index":"index","follow":"follow","max-snippet":"max-snippet:-1","max-image-preview":"max-image-preview:large","max-video-preview":"max-video-preview:-1"},"canonical":"https:\/\/futbolhoy.co\/index.php\/2026\/04\/27\/mbappe-prende-las-alarmas-nueva-lesion-con-el-mundial-a-la-vuelta-de-la-esquina\/","og_locale":"es_ES","og_type":"article","og_title":"Mbapp\u00e9 prende las alarmas: nueva lesi\u00f3n con el Mundial a la vuelta de la esquina -","og_description":"Kylian Mbapp\u00e9\u00a0sufri\u00f3 una lesi\u00f3n en el m\u00fasculo semitendinoso de la pierna izquierda y el objetivo es que est\u00e9 de vuelta para el cl\u00e1sico en el Camp Nou del pr\u00f3ximo 10 de mayo. El delantero fue sometido este lunes a nuevas pruebas (resonancia) para conocer con m\u00e1s precisi\u00f3n sus dolencias. Seg\u00fan el parte m\u00e9dico emitido por [&hellip;]","og_url":"https:\/\/futbolhoy.co\/index.php\/2026\/04\/27\/mbappe-prende-las-alarmas-nueva-lesion-con-el-mundial-a-la-vuelta-de-la-esquina\/","article_publisher":"https:\/\/www.facebook.com\/FutbolHoyCol\/","article_published_time":"2026-04-27T14:17:27+00:00","og_image":[{"width":1440,"height":810,"url":"https:\/\/futbolhoy.co\/wp-content\/uploads\/2026\/04\/ND-LIGA-RM-RAYO-MBAPPE_1PC4687.webp","type":"image\/webp"}],"author":"contenido","twitter_card":"summary_large_image","twitter_creator":"@FutbolHoyCol","twitter_site":"@FutbolHoyCol","twitter_misc":{"Escrito por":"contenido","Tiempo de lectura":"1 minuto"},"schema":{"@context":"https:\/\/schema.org","@graph":[{"@type":"Article","@id":"https:\/\/futbolhoy.co\/index.php\/2026\/04\/27\/mbappe-prende-las-alarmas-nueva-lesion-con-el-mundial-a-la-vuelta-de-la-esquina\/#article","isPartOf":{"@id":"https:\/\/futbolhoy.co\/index.php\/2026\/04\/27\/mbappe-prende-las-alarmas-nueva-lesion-con-el-mundial-a-la-vuelta-de-la-esquina\/"},"author":{"name":"contenido","@id":"https:\/\/futbolhoy.co\/#\/schema\/person\/1721b69355b6623eaff15ac7b92d4cc3"},"headline":"Mbapp\u00e9 prende las alarmas: nueva lesi\u00f3n con el Mundial a la vuelta de la esquina","datePublished":"2026-04-27T14:17:27+00:00","mainEntityOfPage":{"@id":"https:\/\/futbolhoy.co\/index.php\/2026\/04\/27\/mbappe-prende-las-alarmas-nueva-lesion-con-el-mundial-a-la-vuelta-de-la-esquina\/"},"wordCount":214,"commentCount":0,"publisher":{"@id":"https:\/\/futbolhoy.co\/#organization"},"image":{"@id":"https:\/\/futbolhoy.co\/index.php\/2026\/04\/27\/mbappe-prende-las-alarmas-nueva-lesion-con-el-mundial-a-la-vuelta-de-la-esquina\/#primaryimage"},"thumbnailUrl":"https:\/\/futbolhoy.co\/wp-content\/uploads\/2026\/04\/ND-LIGA-RM-RAYO-MBAPPE_1PC4687.webp","articleSection":["Destacados"],"inLanguage":"es","potentialAction":[{"@type":"CommentAction","name":"Comment","target":["https:\/\/futbolhoy.co\/index.php\/2026\/04\/27\/mbappe-prende-las-alarmas-nueva-lesion-con-el-mundial-a-la-vuelta-de-la-esquina\/#respond"]}]},{"@type":"WebPage","@id":"https:\/\/futbolhoy.co\/index.php\/2026\/04\/27\/mbappe-prende-las-alarmas-nueva-lesion-con-el-mundial-a-la-vuelta-de-la-esquina\/","url":"https:\/\/futbolhoy.co\/index.php\/2026\/04\/27\/mbappe-prende-las-alarmas-nueva-lesion-con-el-mundial-a-la-vuelta-de-la-esquina\/","name":"Mbapp\u00e9 prende las alarmas: nueva lesi\u00f3n con el Mundial a la vuelta de la esquina -","isPartOf":{"@id":"https:\/\/futbolhoy.co\/#website"},"primaryImageOfPage":{"@id":"https:\/\/futbolhoy.co\/index.php\/2026\/04\/27\/mbappe-prende-las-alarmas-nueva-lesion-con-el-mundial-a-la-vuelta-de-la-esquina\/#primaryimage"},"image":{"@id":"https:\/\/futbolhoy.co\/index.php\/2026\/04\/27\/mbappe-prende-las-alarmas-nueva-lesion-con-el-mundial-a-la-vuelta-de-la-esquina\/#primaryimage"},"thumbnailUrl":"https:\/\/futbolhoy.co\/wp-content\/uploads\/2026\/04\/ND-LIGA-RM-RAYO-MBAPPE_1PC4687.webp","datePublished":"2026-04-27T14:17:27+00:00","breadcrumb":{"@id":"https:\/\/futbolhoy.co\/index.php\/2026\/04\/27\/mbappe-prende-las-alarmas-nueva-lesion-con-el-mundial-a-la-vuelta-de-la-esquina\/#breadcrumb"},"inLanguage":"es","potentialAction":[{"@type":"ReadAction","target":["https:\/\/futbolhoy.co\/index.php\/2026\/04\/27\/mbappe-prende-las-alarmas-nueva-lesion-con-el-mundial-a-la-vuelta-de-la-esquina\/"]}]},{"@type":"ImageObject","inLanguage":"es","@id":"https:\/\/futbolhoy.co\/index.php\/2026\/04\/27\/mbappe-prende-las-alarmas-nueva-lesion-con-el-mundial-a-la-vuelta-de-la-esquina\/#primaryimage","url":"https:\/\/futbolhoy.co\/wp-content\/uploads\/2026\/04\/ND-LIGA-RM-RAYO-MBAPPE_1PC4687.webp","contentUrl":"https:\/\/futbolhoy.co\/wp-content\/uploads\/2026\/04\/ND-LIGA-RM-RAYO-MBAPPE_1PC4687.webp","width":1440,"height":810},{"@type":"BreadcrumbList","@id":"https:\/\/futbolhoy.co\/index.php\/2026\/04\/27\/mbappe-prende-las-alarmas-nueva-lesion-con-el-mundial-a-la-vuelta-de-la-esquina\/#breadcrumb","itemListElement":[{"@type":"ListItem","position":1,"name":"Portada","item":"https:\/\/futbolhoy.co\/"},{"@type":"ListItem","position":2,"name":"Mbapp\u00e9 prende las alarmas: nueva lesi\u00f3n con el Mundial a la vuelta de la esquina"}]},{"@type":"WebSite","@id":"https:\/\/futbolhoy.co\/#website","url":"https:\/\/futbolhoy.co\/","name":"FutbolHoy","description":"","publisher":{"@id":"https:\/\/futbolhoy.co\/#organization"},"potentialAction":[{"@type":"SearchAction","target":{"@type":"EntryPoint","urlTemplate":"https:\/\/futbolhoy.co\/?s={search_term_string}"},"query-input":{"@type":"PropertyValueSpecification","valueRequired":true,"valueName":"search_term_string"}}],"inLanguage":"es"},{"@type":"Organization","@id":"https:\/\/futbolhoy.co\/#organization","name":"Futbolhoy.co","url":"https:\/\/futbolhoy.co\/","logo":{"@type":"ImageObject","inLanguage":"es","@id":"https:\/\/futbolhoy.co\/#\/schema\/logo\/image\/","url":"https:\/\/futbolhoy.co\/wp-content\/uploads\/2018\/08\/17426380_1906371736249227_6326180412931521141_n.jpg","contentUrl":"https:\/\/futbolhoy.co\/wp-content\/uploads\/2018\/08\/17426380_1906371736249227_6326180412931521141_n.jpg","width":960,"height":960,"caption":"Futbolhoy.co"},"image":{"@id":"https:\/\/futbolhoy.co\/#\/schema\/logo\/image\/"},"sameAs":["https:\/\/www.facebook.com\/FutbolHoyCol\/","https:\/\/x.com\/FutbolHoyCol","https:\/\/www.instagram.com\/futbolhoycol\/"]},{"@type":"Person","@id":"https:\/\/futbolhoy.co\/#\/schema\/person\/1721b69355b6623eaff15ac7b92d4cc3","name":"contenido","image":{"@type":"ImageObject","inLanguage":"es","@id":"https:\/\/futbolhoy.co\/#\/schema\/person\/image\/","url":"https:\/\/secure.gravatar.com\/avatar\/4f656d3256f5134f466206e7c3941518?s=96&d=mm&r=g","contentUrl":"https:\/\/secure.gravatar.com\/avatar\/4f656d3256f5134f466206e7c3941518?s=96&d=mm&r=g","caption":"contenido"}}]}},"publishpress_future_action":{"enabled":false,"date":"2026-05-04 14:18:00","action":"change-status","newStatus":"draft","terms":[],"taxonomy":"category","extraData":[]},"publishpress_future_workflow_manual_trigger":{"enabledWorkflows":[]},"_links":{"self":[{"href":"https:\/\/futbolhoy.co\/index.php\/wp-json\/wp\/v2\/posts\/131764","targetHints":{"allow":["GET"]}}],"collection":[{"href":"https:\/\/futbolhoy.co\/index.php\/wp-json\/wp\/v2\/posts"}],"about":[{"href":"https:\/\/futbolhoy.co\/index.php\/wp-json\/wp\/v2\/types\/post"}],"author":[{"embeddable":true,"href":"https:\/\/futbolhoy.co\/index.php\/wp-json\/wp\/v2\/users\/4"}],"replies":[{"embeddable":true,"href":"https:\/\/futbolhoy.co\/index.php\/wp-json\/wp\/v2\/comments?post=131764"}],"version-history":[{"count":1,"href":"https:\/\/futbolhoy.co\/index.php\/wp-json\/wp\/v2\/posts\/131764\/revisions"}],"predecessor-version":[{"id":131766,"href":"https:\/\/futbolhoy.co\/index.php\/wp-json\/wp\/v2\/posts\/131764\/revisions\/131766"}],"wp:featuredmedia":[{"embeddable":true,"href":"https:\/\/futbolhoy.co\/index.php\/wp-json\/wp\/v2\/media\/131765"}],"wp:attachment":[{"href":"https:\/\/futbolhoy.co\/index.php\/wp-json\/wp\/v2\/media?parent=131764"}],"wp:term":[{"taxonomy":"category","embeddable":true,"href":"https:\/\/futbolhoy.co\/index.php\/wp-json\/wp\/v2\/categories?post=131764"},{"taxonomy":"post_tag","embeddable":true,"href":"https:\/\/futbolhoy.co\/index.php\/wp-json\/wp\/v2\/tags?post=131764"}],"curies":[{"name":"wp","href":"https:\/\/api.w.org\/{rel}","templated":true}]}}