{"id":131859,"date":"2026-04-30T00:19:27","date_gmt":"2026-04-30T05:19:27","guid":{"rendered":"https:\/\/futbolhoy.co\/?p=131859"},"modified":"2026-04-30T00:19:27","modified_gmt":"2026-04-30T05:19:27","slug":"santa-fe-cayo-con-platense-y-puso-en-serias-dudas-su-continuidad-en-la-libertadores","status":"publish","type":"post","link":"https:\/\/futbolhoy.co\/index.php\/2026\/04\/30\/santa-fe-cayo-con-platense-y-puso-en-serias-dudas-su-continuidad-en-la-libertadores\/","title":{"rendered":"Santa Fe cay\u00f3 con Platense y puso en serias dudas su continuidad en la Libertadores"},"content":{"rendered":"<p style=\"text-align: justify;\"><span style=\"font-family: helvetica, arial, sans-serif;\"><strong>Platense logr\u00f3 el primer triunfo de su historia como local en Copa Libertadores<\/strong> al vencer este jueves por <strong>2-1 al Independiente Santa Fe<\/strong>, en la tercera jornada del Grupo E. En un juego disputado en un colmado estadio Ciudad De Vicente L\u00f3pez, el cuadro argentino se impuso con los <strong>goles de Tom\u00e1s Nasif (m.57) y Mateo Mend\u00eda<\/strong> <strong>(m.63)<\/strong>, mientras <strong>Franco Fag\u00fandez (m.93)<\/strong> descont\u00f3 para el club colombiano.<\/span><\/p>\n<p><span style=\"font-family: helvetica, arial, sans-serif;\">Tras esta victoria y la conseguida como visitante en la jornada anterior, en Montevideo ante Pe\u00f1arol, el <em>Calamar<\/em> escal\u00f3 a la <strong>cima de la clasificaci\u00f3n con 6 puntos junto con Corinthians<\/strong>, que este jueves recibir\u00e1 al Carbonero uruguayo, que cierra la tabla con <strong>un punto junto a Independiente Santa Fe<\/strong>.<\/span><\/p>\n<p><span style=\"font-family: helvetica, arial, sans-serif;\">En el minuto 17 lleg\u00f3 una jugada que podr\u00eda haber condicionado el partido porque <strong>Iv\u00e1n G\u00f3mez fue expulsado por un golpe en el rostro de Hugo Rodallega<\/strong>, pero luego de la revisi\u00f3n del <strong>VAR<\/strong> se cambi\u00f3 por tarjeta amarilla.<\/span><\/p>\n<p><span style=\"font-family: helvetica, arial, sans-serif;\">En el segundo tiempo, <strong>Platense abri\u00f3 el marcador en el 57 con un cabezazo cruzado de Tom\u00e1s Nasif<\/strong> tras un centro de Guido Mainero. Y apenas seis minutos despu\u00e9s <strong>Mateo Mend\u00eda repiti\u00f3 la f\u00f3rmula tras otro gran envi\u00f3 de Mainero<\/strong> para darle tranquilidad al local.<\/span><\/p>\n<p><span style=\"font-family: helvetica, arial, sans-serif;\">El <strong>t\u00e9cnico Pablo Repetto<\/strong> rot\u00f3 el banquillo del Cardenal y con m\u00e1s empuje que f\u00fatbol fue en busca del empate que lleg\u00f3 en el minuto 94 cuando <strong>Franco Fag\u00fandez capitaliz\u00f3 un rebote en el \u00e1rea<\/strong> y logr\u00f3 batir a Mat\u00edas Borgogno.<\/span><\/p>\n<p><span style=\"font-family: helvetica, arial, sans-serif;\">En la pr\u00f3xima semana, por la cuarta fecha del Grupo E, Platense recibir\u00e1 a Pe\u00f1arol en Buenos Aires, mientras Santa Fe ser\u00e1 anfitri\u00f3n de Corinthians.<\/span><\/p>\n","protected":false},"excerpt":{"rendered":"<p>Platense logr\u00f3 el primer triunfo de su historia como local en Copa Libertadores al vencer este jueves por 2-1 al Independiente Santa Fe, en la tercera jornada del Grupo E. En un juego disputado en un colmado estadio Ciudad De Vicente L\u00f3pez, el cuadro argentino se impuso con los goles de Tom\u00e1s Nasif (m.57) y [&hellip;]<\/p>\n","protected":false},"author":4,"featured_media":131860,"comment_status":"open","ping_status":"closed","sticky":false,"template":"","format":"standard","meta":{"_acf_changed":false,"footnotes":""},"categories":[5],"tags":[],"class_list":{"0":"post-131859","1":"post","2":"type-post","3":"status-publish","4":"format-standard","5":"has-post-thumbnail","7":"category-destacados"},"acf":[],"_links":{"self":[{"href":"https:\/\/futbolhoy.co\/index.php\/wp-json\/wp\/v2\/posts\/131859","targetHints":{"allow":["GET"]}}],"collection":[{"href":"https:\/\/futbolhoy.co\/index.php\/wp-json\/wp\/v2\/posts"}],"about":[{"href":"https:\/\/futbolhoy.co\/index.php\/wp-json\/wp\/v2\/types\/post"}],"author":[{"embeddable":true,"href":"https:\/\/futbolhoy.co\/index.php\/wp-json\/wp\/v2\/users\/4"}],"replies":[{"embeddable":true,"href":"https:\/\/futbolhoy.co\/index.php\/wp-json\/wp\/v2\/comments?post=131859"}],"version-history":[{"count":1,"href":"https:\/\/futbolhoy.co\/index.php\/wp-json\/wp\/v2\/posts\/131859\/revisions"}],"predecessor-version":[{"id":131861,"href":"https:\/\/futbolhoy.co\/index.php\/wp-json\/wp\/v2\/posts\/131859\/revisions\/131861"}],"wp:featuredmedia":[{"embeddable":true,"href":"https:\/\/futbolhoy.co\/index.php\/wp-json\/wp\/v2\/media\/131860"}],"wp:attachment":[{"href":"https:\/\/futbolhoy.co\/index.php\/wp-json\/wp\/v2\/media?parent=131859"}],"wp:term":[{"taxonomy":"category","embeddable":true,"href":"https:\/\/futbolhoy.co\/index.php\/wp-json\/wp\/v2\/categories?post=131859"},{"taxonomy":"post_tag","embeddable":true,"href":"https:\/\/futbolhoy.co\/index.php\/wp-json\/wp\/v2\/tags?post=131859"}],"curies":[{"name":"wp","href":"https:\/\/api.w.org\/{rel}","templated":true}]}}