{"id":131871,"date":"2026-04-30T11:57:28","date_gmt":"2026-04-30T16:57:28","guid":{"rendered":"https:\/\/futbolhoy.co\/?p=131871"},"modified":"2026-04-30T11:57:28","modified_gmt":"2026-04-30T16:57:28","slug":"luis-diaz-en-el-equipo-ideal-de-la-champions-league-2","status":"publish","type":"post","link":"https:\/\/futbolhoy.co\/index.php\/2026\/04\/30\/luis-diaz-en-el-equipo-ideal-de-la-champions-league-2\/","title":{"rendered":"Luis D\u00edaz, en el equipo ideal de la Champions League"},"content":{"rendered":"<p style=\"text-align: justify;\"><span style=\"font-family: helvetica, arial, sans-serif;\"><strong>Luis D\u00edaz<\/strong> fue elegido por la <strong>Champions League<\/strong> en el XI ideal de las semifinales, luego de su gran actuaci\u00f3n en las semifinales ida de la competici\u00f3n en la que <strong>Bayern<\/strong> cay\u00f3 por 5-4 ante <strong>PSG<\/strong> en uno de los mejores partidos de los \u00faltimos tiempos.<\/span><\/p>\n<p style=\"text-align: justify;\"><span style=\"font-family: helvetica, arial, sans-serif;\">El colombiano aport\u00f3 con un golazo tras pase de <strong>Harry Kane,<\/strong> adem\u00e1s de generar el penal del primer gol y la falta del tiro libre que deriv\u00f3 en la anotaci\u00f3n de <strong>Upamecano.<\/strong><\/span><\/p>\n<p style=\"text-align: justify;\"><span style=\"font-family: helvetica, arial, sans-serif;\">La gran novedad del XI ideal es la ausencia de Kane y la presencia de <strong>Antoine Griezmann,<\/strong> mientras que en el arco hizo presencia <strong>David Raya<\/strong> del <strong>Arsenal.<\/strong><\/span><\/p>\n<p style=\"text-align: justify;\"><span style=\"font-family: helvetica, arial, sans-serif;\">Los partidos de vuelta de las semifinales tendr\u00e1 lugar la pr\u00f3xima semana. El martes 5 de mayo, Arsenal recibir\u00e1 al Atl\u00e9tico de Madrid (1-1), mientras que el mi\u00e9rcoles 6 de mayo <strong>Bayern<\/strong> ir\u00e1 por la remontada ante el PSG en suelo alem\u00e1n (5-4).<\/span><\/p>\n<blockquote class=\"twitter-tweet\" data-media-max-width=\"560\">\n<p dir=\"ltr\" lang=\"en\">Introducing the Team of the Week \ud83c\udf1f<a href=\"https:\/\/twitter.com\/cryptocom?ref_src=twsrc%5Etfw\">@cryptocom<\/a> | <a href=\"https:\/\/twitter.com\/hashtag\/UCLTOTW?src=hash&amp;ref_src=twsrc%5Etfw\">#UCLTOTW<\/a> <a href=\"https:\/\/t.co\/IQmME9Oilj\">pic.twitter.com\/IQmME9Oilj<\/a><\/p>\n<p>\u2014 UEFA Champions League (@ChampionsLeague) <a href=\"https:\/\/twitter.com\/ChampionsLeague\/status\/2049866363888709723?ref_src=twsrc%5Etfw\">April 30, 2026<\/a><\/p><\/blockquote>\n<p><script async src=\"https:\/\/platform.twitter.com\/widgets.js\" charset=\"utf-8\"><\/script><\/p>\n","protected":false},"excerpt":{"rendered":"<p>Luis D\u00edaz fue elegido por la Champions League en el XI ideal de las semifinales, luego de su gran actuaci\u00f3n en las semifinales ida de la competici\u00f3n en la que Bayern cay\u00f3 por 5-4 ante PSG en uno de los mejores partidos de los \u00faltimos tiempos. El colombiano aport\u00f3 con un golazo tras pase de [&hellip;]<\/p>\n","protected":false},"author":4,"featured_media":131872,"comment_status":"open","ping_status":"closed","sticky":false,"template":"","format":"standard","meta":{"_acf_changed":false,"footnotes":""},"categories":[5],"tags":[],"class_list":{"0":"post-131871","1":"post","2":"type-post","3":"status-publish","4":"format-standard","5":"has-post-thumbnail","7":"category-destacados"},"acf":[],"_links":{"self":[{"href":"https:\/\/futbolhoy.co\/index.php\/wp-json\/wp\/v2\/posts\/131871","targetHints":{"allow":["GET"]}}],"collection":[{"href":"https:\/\/futbolhoy.co\/index.php\/wp-json\/wp\/v2\/posts"}],"about":[{"href":"https:\/\/futbolhoy.co\/index.php\/wp-json\/wp\/v2\/types\/post"}],"author":[{"embeddable":true,"href":"https:\/\/futbolhoy.co\/index.php\/wp-json\/wp\/v2\/users\/4"}],"replies":[{"embeddable":true,"href":"https:\/\/futbolhoy.co\/index.php\/wp-json\/wp\/v2\/comments?post=131871"}],"version-history":[{"count":1,"href":"https:\/\/futbolhoy.co\/index.php\/wp-json\/wp\/v2\/posts\/131871\/revisions"}],"predecessor-version":[{"id":131873,"href":"https:\/\/futbolhoy.co\/index.php\/wp-json\/wp\/v2\/posts\/131871\/revisions\/131873"}],"wp:featuredmedia":[{"embeddable":true,"href":"https:\/\/futbolhoy.co\/index.php\/wp-json\/wp\/v2\/media\/131872"}],"wp:attachment":[{"href":"https:\/\/futbolhoy.co\/index.php\/wp-json\/wp\/v2\/media?parent=131871"}],"wp:term":[{"taxonomy":"category","embeddable":true,"href":"https:\/\/futbolhoy.co\/index.php\/wp-json\/wp\/v2\/categories?post=131871"},{"taxonomy":"post_tag","embeddable":true,"href":"https:\/\/futbolhoy.co\/index.php\/wp-json\/wp\/v2\/tags?post=131871"}],"curies":[{"name":"wp","href":"https:\/\/api.w.org\/{rel}","templated":true}]}}