{"id":131877,"date":"2026-04-30T22:56:34","date_gmt":"2026-05-01T03:56:34","guid":{"rendered":"https:\/\/futbolhoy.co\/?p=131877"},"modified":"2026-04-30T22:56:34","modified_gmt":"2026-05-01T03:56:34","slug":"medellin-vence-agonicamente-a-cusco-y-sigue-con-vida-en-la-libertadores","status":"publish","type":"post","link":"https:\/\/futbolhoy.co\/index.php\/2026\/04\/30\/medellin-vence-agonicamente-a-cusco-y-sigue-con-vida-en-la-libertadores\/","title":{"rendered":"Medell\u00edn vence ag\u00f3nicamente a Cusco y sigue con vida en la Libertadores"},"content":{"rendered":"<p style=\"text-align: justify;\"><span style=\"font-family: helvetica, arial, sans-serif;\">\u00a1Ag\u00f3nica victoria del<strong> Independiente Medell\u00edn en la Copa Libertadores 2026<\/strong>! Durante la tercera jornada del Grupo A, el cuadro antioque\u00f1o <strong>derrot\u00f3 por la m\u00ednima diferencia (1-0) al Cusco de Per\u00fa<\/strong> en el Atanasio Girardot, resultado que le permite seguir con vida en el certamen continental.<\/span><\/p>\n<p style=\"text-align: justify;\"><span style=\"font-family: helvetica, arial, sans-serif;\">A pesar de ser un floj\u00edsimo encuentro del equipo colombiano, tanto que un momento del encuentro la hinchada carg\u00f3 en contra de sus jugadores, la victoria se qued\u00f3 en casa gracias al<strong> solitario tanto de Francisco Fydriszewski<\/strong>. Fue un brillante desborde por izquierda de <strong>Jhon Monta\u00f1o<\/strong> para el posterior centro rasante, que el delantero extranjero solo tuvo que empujar.<\/span><\/p>\n<p style=\"text-align: justify;\"><span style=\"font-family: helvetica, arial, sans-serif;\">Con esta victoria, <strong>el DIM se mantiene en la tercera casilla del Grupo A con 4 puntos<\/strong>, uno por debajo de Estudiantes (5) y tres respecto al l\u00edder Flamengo (7). Justamente, en la cuarta jornada de la Copa,<strong> el <em>Poderoso<\/em> recibir\u00e1 al cuadro brasile\u00f1o<\/strong>, en donde juega Jorge Carrascal.<\/span><\/p>\n","protected":false},"excerpt":{"rendered":"<p>\u00a1Ag\u00f3nica victoria del Independiente Medell\u00edn en la Copa Libertadores 2026! Durante la tercera jornada del Grupo A, el cuadro antioque\u00f1o derrot\u00f3 por la m\u00ednima diferencia (1-0) al Cusco de Per\u00fa en el Atanasio Girardot, resultado que le permite seguir con vida en el certamen continental. A pesar de ser un floj\u00edsimo encuentro del equipo colombiano, [&hellip;]<\/p>\n","protected":false},"author":4,"featured_media":131878,"comment_status":"open","ping_status":"closed","sticky":false,"template":"","format":"standard","meta":{"_acf_changed":false,"footnotes":""},"categories":[5],"tags":[],"class_list":{"0":"post-131877","1":"post","2":"type-post","3":"status-publish","4":"format-standard","5":"has-post-thumbnail","7":"category-destacados"},"acf":[],"_links":{"self":[{"href":"https:\/\/futbolhoy.co\/index.php\/wp-json\/wp\/v2\/posts\/131877","targetHints":{"allow":["GET"]}}],"collection":[{"href":"https:\/\/futbolhoy.co\/index.php\/wp-json\/wp\/v2\/posts"}],"about":[{"href":"https:\/\/futbolhoy.co\/index.php\/wp-json\/wp\/v2\/types\/post"}],"author":[{"embeddable":true,"href":"https:\/\/futbolhoy.co\/index.php\/wp-json\/wp\/v2\/users\/4"}],"replies":[{"embeddable":true,"href":"https:\/\/futbolhoy.co\/index.php\/wp-json\/wp\/v2\/comments?post=131877"}],"version-history":[{"count":1,"href":"https:\/\/futbolhoy.co\/index.php\/wp-json\/wp\/v2\/posts\/131877\/revisions"}],"predecessor-version":[{"id":131880,"href":"https:\/\/futbolhoy.co\/index.php\/wp-json\/wp\/v2\/posts\/131877\/revisions\/131880"}],"wp:featuredmedia":[{"embeddable":true,"href":"https:\/\/futbolhoy.co\/index.php\/wp-json\/wp\/v2\/media\/131878"}],"wp:attachment":[{"href":"https:\/\/futbolhoy.co\/index.php\/wp-json\/wp\/v2\/media?parent=131877"}],"wp:term":[{"taxonomy":"category","embeddable":true,"href":"https:\/\/futbolhoy.co\/index.php\/wp-json\/wp\/v2\/categories?post=131877"},{"taxonomy":"post_tag","embeddable":true,"href":"https:\/\/futbolhoy.co\/index.php\/wp-json\/wp\/v2\/tags?post=131877"}],"curies":[{"name":"wp","href":"https:\/\/api.w.org\/{rel}","templated":true}]}}