{"id":131889,"date":"2026-05-01T20:30:41","date_gmt":"2026-05-02T01:30:41","guid":{"rendered":"https:\/\/futbolhoy.co\/?p=131889"},"modified":"2026-05-01T20:34:50","modified_gmt":"2026-05-02T01:34:50","slug":"once-caldas-se-hace-fuerte-en-manizales-y-vence-al-lider-atletico-nacional","status":"publish","type":"post","link":"https:\/\/futbolhoy.co\/index.php\/2026\/05\/01\/once-caldas-se-hace-fuerte-en-manizales-y-vence-al-lider-atletico-nacional\/","title":{"rendered":"Once Caldas se hace fuerte en Manizales y vence al l\u00edder Atl\u00e9tico Nacional"},"content":{"rendered":"<p style=\"text-align: justify;\"><span style=\"font-family: helvetica, arial, sans-serif;\">El <strong>Once Caldas<\/strong> dio un golpe de autoridad tras vencer 1-0 al <strong>Atl\u00e9tico Nacional<\/strong> en un duelo cerrado y disputado de principio a fin. La noche tuvo un ingrediente especial: el partido n\u00famero 900 como profesional de <strong>Dayro Moreno.<\/strong><\/span><\/p>\n<p style=\"text-align: justify;\"><span style=\"font-family: helvetica, arial, sans-serif;\">Desde el arranque, el juego mostr\u00f3 intensidad. Al minuto 1, <strong>Sim\u00f3n Garc\u00eda<\/strong> avis\u00f3 con un cabezazo que pas\u00f3 muy cerca, anticipando lo que ser\u00eda un duelo de ida y vuelta. Ambos equipos apostaron por el ataque, pero los arqueros fueron protagonistas: \u201c<strong>Chipi Chipi\u201d Castillo <\/strong>salv\u00f3 varias opciones claras para Nacional, mientras que <strong>Joan Parra<\/strong> sostuvo el arco en cero para los visitantes.<\/span><\/p>\n<p style=\"text-align: justify;\"><span style=\"font-family: helvetica, arial, sans-serif;\">El partido tuvo momentos clave. Al 18\u2019, <strong>Cuesta<\/strong> evit\u00f3 sobre la l\u00ednea lo que parec\u00eda el gol de Nacional. M\u00e1s adelante, al 26\u2019, <strong>Milton Casco<\/strong> marcaba, pero la acci\u00f3n fue invalidada por fuera de juego.<\/span><\/p>\n<p style=\"text-align: justify;\"><span style=\"font-family: helvetica, arial, sans-serif;\">El golpe definitivo lleg\u00f3 al inicio del segundo tiempo. Al 46\u2019, una jugada r\u00e1pida desde mitad de cancha termin\u00f3 con asistencia de <strong>Jefry Zapata<\/strong> y una definici\u00f3n espectacular de <strong>Luis Francisco S\u00e1nchez<\/strong> al \u00e1ngulo para el 1-0.<\/span><\/p>\n<p style=\"text-align: justify;\"><span style=\"font-family: helvetica, arial, sans-serif;\">Aunque Dayro Moreno alcanz\u00f3 a marcar al 50\u2019, su gol fue anulado por fuera de lugar. Nacional insisti\u00f3, especialmente con <strong>Alfredo Morelos,<\/strong> pero sin precisi\u00f3n.<\/span><\/p>\n<p style=\"text-align: justify;\"><span style=\"font-family: helvetica, arial, sans-serif;\">Con este resultado, Nacional sigue l\u00edder con 40 puntos, mientras Once Caldas es tercero con 33, ambos ya clasificados a los play-offs.<\/span><\/p>\n","protected":false},"excerpt":{"rendered":"<p>El Once Caldas dio un golpe de autoridad tras vencer 1-0 al Atl\u00e9tico Nacional en un duelo cerrado y disputado de principio a fin. La noche tuvo un ingrediente especial: el partido n\u00famero 900 como profesional de Dayro Moreno. Desde el arranque, el juego mostr\u00f3 intensidad. Al minuto 1, Sim\u00f3n Garc\u00eda avis\u00f3 con un cabezazo [&hellip;]<\/p>\n","protected":false},"author":4,"featured_media":131890,"comment_status":"open","ping_status":"closed","sticky":false,"template":"","format":"standard","meta":{"_acf_changed":false,"footnotes":""},"categories":[5],"tags":[],"class_list":{"0":"post-131889","1":"post","2":"type-post","3":"status-publish","4":"format-standard","5":"has-post-thumbnail","7":"category-destacados"},"acf":[],"_links":{"self":[{"href":"https:\/\/futbolhoy.co\/index.php\/wp-json\/wp\/v2\/posts\/131889","targetHints":{"allow":["GET"]}}],"collection":[{"href":"https:\/\/futbolhoy.co\/index.php\/wp-json\/wp\/v2\/posts"}],"about":[{"href":"https:\/\/futbolhoy.co\/index.php\/wp-json\/wp\/v2\/types\/post"}],"author":[{"embeddable":true,"href":"https:\/\/futbolhoy.co\/index.php\/wp-json\/wp\/v2\/users\/4"}],"replies":[{"embeddable":true,"href":"https:\/\/futbolhoy.co\/index.php\/wp-json\/wp\/v2\/comments?post=131889"}],"version-history":[{"count":4,"href":"https:\/\/futbolhoy.co\/index.php\/wp-json\/wp\/v2\/posts\/131889\/revisions"}],"predecessor-version":[{"id":131894,"href":"https:\/\/futbolhoy.co\/index.php\/wp-json\/wp\/v2\/posts\/131889\/revisions\/131894"}],"wp:featuredmedia":[{"embeddable":true,"href":"https:\/\/futbolhoy.co\/index.php\/wp-json\/wp\/v2\/media\/131890"}],"wp:attachment":[{"href":"https:\/\/futbolhoy.co\/index.php\/wp-json\/wp\/v2\/media?parent=131889"}],"wp:term":[{"taxonomy":"category","embeddable":true,"href":"https:\/\/futbolhoy.co\/index.php\/wp-json\/wp\/v2\/categories?post=131889"},{"taxonomy":"post_tag","embeddable":true,"href":"https:\/\/futbolhoy.co\/index.php\/wp-json\/wp\/v2\/tags?post=131889"}],"curies":[{"name":"wp","href":"https:\/\/api.w.org\/{rel}","templated":true}]}}