{"id":13283,"date":"2018-02-11T14:26:05","date_gmt":"2018-02-11T19:26:05","guid":{"rendered":"http:\/\/futbolhoy.co\/?p=13283"},"modified":"2018-02-11T14:26:05","modified_gmt":"2018-02-11T19:26:05","slug":"rueda-se-reunio-con-vidal-en-gira-por-europa","status":"publish","type":"post","link":"https:\/\/futbolhoy.co\/index.php\/2018\/02\/11\/rueda-se-reunio-con-vidal-en-gira-por-europa\/","title":{"rendered":"Rueda se reuni\u00f3 con Vidal en gira por Europa"},"content":{"rendered":"<p style=\"font-weight: 400; text-align: justify;\">El volante <strong>Arturo Vidal<\/strong> consider\u00f3 productiva la reuni\u00f3n que sostuvo en las \u00faltimas horas con el nuevo seleccionador de Chile, el colombiano<strong> Reinaldo Rueda<\/strong>.<\/p>\n<p style=\"font-weight: 400; text-align: justify;\">\u201cRealmente me dej\u00f3 muy contento. Se nota que es un entrenador que conoce mucho el f\u00fatbol, ha estudiado incre\u00edblemente\u201d, asegur\u00f3 Vidal a la prensa alemana, versi\u00f3n que retom\u00f3 el diario \u2018La Tercera\u2019, de Santiago.<\/p>\n<p style=\"font-weight: 400; text-align: justify;\">\u201cQueremos seguir ganando cosas importantes con la selecci\u00f3n, esperemos que lo que viene sea mucho mejor que lo que vivimos a\u00f1os anteriores\u201d, agreg\u00f3.<\/p>\n<p style=\"font-weight: 400; text-align: justify;\">Rueda sigue de gira por Europa donde se ha reunido con varios de los futbolistas que eventualmente podr\u00eda convocar para los amistosos de marzo, ante Suecia y Dinamarca.<\/p>\n","protected":false},"excerpt":{"rendered":"<p>El volante Arturo Vidal consider\u00f3 productiva la reuni\u00f3n que sostuvo en las \u00faltimas horas con el nuevo seleccionador de Chile, el colombiano Reinaldo Rueda. \u201cRealmente me dej\u00f3 muy contento. Se nota que es un entrenador que conoce mucho el f\u00fatbol, ha estudiado incre\u00edblemente\u201d, asegur\u00f3 Vidal a la prensa alemana, versi\u00f3n que retom\u00f3 el diario \u2018La [&hellip;]<\/p>\n","protected":false},"author":5,"featured_media":13287,"comment_status":"open","ping_status":"closed","sticky":false,"template":"","format":"standard","meta":{"_acf_changed":false,"footnotes":""},"categories":[152],"tags":[96,288],"class_list":{"0":"post-13283","1":"post","2":"type-post","3":"status-publish","4":"format-standard","5":"has-post-thumbnail","7":"category-mundo-futbol","8":"tag-reinaldo-rueda","9":"tag-seleccion-chile"},"acf":[],"_links":{"self":[{"href":"https:\/\/futbolhoy.co\/index.php\/wp-json\/wp\/v2\/posts\/13283","targetHints":{"allow":["GET"]}}],"collection":[{"href":"https:\/\/futbolhoy.co\/index.php\/wp-json\/wp\/v2\/posts"}],"about":[{"href":"https:\/\/futbolhoy.co\/index.php\/wp-json\/wp\/v2\/types\/post"}],"author":[{"embeddable":true,"href":"https:\/\/futbolhoy.co\/index.php\/wp-json\/wp\/v2\/users\/5"}],"replies":[{"embeddable":true,"href":"https:\/\/futbolhoy.co\/index.php\/wp-json\/wp\/v2\/comments?post=13283"}],"version-history":[{"count":1,"href":"https:\/\/futbolhoy.co\/index.php\/wp-json\/wp\/v2\/posts\/13283\/revisions"}],"predecessor-version":[{"id":13288,"href":"https:\/\/futbolhoy.co\/index.php\/wp-json\/wp\/v2\/posts\/13283\/revisions\/13288"}],"wp:featuredmedia":[{"embeddable":true,"href":"https:\/\/futbolhoy.co\/index.php\/wp-json\/wp\/v2\/media\/13287"}],"wp:attachment":[{"href":"https:\/\/futbolhoy.co\/index.php\/wp-json\/wp\/v2\/media?parent=13283"}],"wp:term":[{"taxonomy":"category","embeddable":true,"href":"https:\/\/futbolhoy.co\/index.php\/wp-json\/wp\/v2\/categories?post=13283"},{"taxonomy":"post_tag","embeddable":true,"href":"https:\/\/futbolhoy.co\/index.php\/wp-json\/wp\/v2\/tags?post=13283"}],"curies":[{"name":"wp","href":"https:\/\/api.w.org\/{rel}","templated":true}]}}