{"id":13306,"date":"2018-02-12T17:15:09","date_gmt":"2018-02-12T22:15:09","guid":{"rendered":"http:\/\/futbolhoy.co\/?p=13306"},"modified":"2018-02-12T17:15:09","modified_gmt":"2018-02-12T22:15:09","slug":"america-regresara-esta-semana-a-torneos-internacionales","status":"publish","type":"post","link":"https:\/\/futbolhoy.co\/index.php\/2018\/02\/12\/america-regresara-esta-semana-a-torneos-internacionales\/","title":{"rendered":"Am\u00e9rica regresar\u00e1 esta semana a torneos internacionales"},"content":{"rendered":"<p style=\"font-weight: 400; text-align: justify;\">Am\u00e9rica dispuso un plantel de 19 jugadores que viaja en dos grupos a Argentina, donde el jueves enfrentar\u00e1 a Defensa y Justicia por la primera ronda de la Copa Suramericana.<\/p>\n<p style=\"font-weight: 400; text-align: justify;\">En el plantel citado, se destaca la presencia de Pablo Armero y Cristi\u00e1n D\u00e1jome, entre otros.<\/p>\n<p style=\"font-weight: 400; text-align: justify;\">Una parte del equipo viaja v\u00eda Panam\u00e1 y el otro por Lima, debido a inconvenientes para logara cupos.<\/p>\n<p style=\"font-weight: 400; text-align: justify;\">El equipo escarlata har\u00e1 un trabajo de recuperaci\u00f3n en la tarde del martes, en el campo de River Plate, y en las horas de la ma\u00f1ana del mi\u00e9rcoles realizar\u00e1n un trabajo t\u00e1ctico, previo al reconocimiento nocturno del estadio de Defensa y Justicia.<\/p>\n<p style=\"font-weight: 400; text-align: justify;\">La n\u00f3mina citada est\u00e1 integrada por:<\/p>\n<p style=\"font-weight: 400; text-align: justify;\">Carlos Bejarano, Jhon Meneses, Diego Herner, Anderson Zapata, Danilo Arboleda, Iv\u00e1n V\u00e9lez, Pablo Armero, Juan Camilo \u00c1ngulo, Elkin Blanco, Yonny Mosquera, Avimiled Rivas, Danilo Bottinelli, Kevin Ram\u00edrez, Yamilson Rivera, F\u00e9lix Micolta, Carmelo Valencia, Cristian D\u00e1jome, Cristian Mart\u00ednez, Borja y Juan Asprilla.,<\/p>\n<p style=\"font-weight: 400; text-align: justify;\">\n","protected":false},"excerpt":{"rendered":"<p>Am\u00e9rica dispuso un plantel de 19 jugadores que viaja en dos grupos a Argentina, donde el jueves enfrentar\u00e1 a Defensa y Justicia por la primera ronda de la Copa Suramericana. En el plantel citado, se destaca la presencia de Pablo Armero y Cristi\u00e1n D\u00e1jome, entre otros. Una parte del equipo viaja v\u00eda Panam\u00e1 y el [&hellip;]<\/p>\n","protected":false},"author":5,"featured_media":13304,"comment_status":"open","ping_status":"closed","sticky":false,"template":"","format":"standard","meta":{"_acf_changed":false,"footnotes":""},"categories":[5,7],"tags":[162,91],"class_list":{"0":"post-13306","1":"post","2":"type-post","3":"status-publish","4":"format-standard","5":"has-post-thumbnail","7":"category-destacados","8":"category-liga-betplay","9":"tag-america-de-cali","10":"tag-copa-sudamericana"},"acf":[],"_links":{"self":[{"href":"https:\/\/futbolhoy.co\/index.php\/wp-json\/wp\/v2\/posts\/13306","targetHints":{"allow":["GET"]}}],"collection":[{"href":"https:\/\/futbolhoy.co\/index.php\/wp-json\/wp\/v2\/posts"}],"about":[{"href":"https:\/\/futbolhoy.co\/index.php\/wp-json\/wp\/v2\/types\/post"}],"author":[{"embeddable":true,"href":"https:\/\/futbolhoy.co\/index.php\/wp-json\/wp\/v2\/users\/5"}],"replies":[{"embeddable":true,"href":"https:\/\/futbolhoy.co\/index.php\/wp-json\/wp\/v2\/comments?post=13306"}],"version-history":[{"count":1,"href":"https:\/\/futbolhoy.co\/index.php\/wp-json\/wp\/v2\/posts\/13306\/revisions"}],"predecessor-version":[{"id":13307,"href":"https:\/\/futbolhoy.co\/index.php\/wp-json\/wp\/v2\/posts\/13306\/revisions\/13307"}],"wp:featuredmedia":[{"embeddable":true,"href":"https:\/\/futbolhoy.co\/index.php\/wp-json\/wp\/v2\/media\/13304"}],"wp:attachment":[{"href":"https:\/\/futbolhoy.co\/index.php\/wp-json\/wp\/v2\/media?parent=13306"}],"wp:term":[{"taxonomy":"category","embeddable":true,"href":"https:\/\/futbolhoy.co\/index.php\/wp-json\/wp\/v2\/categories?post=13306"},{"taxonomy":"post_tag","embeddable":true,"href":"https:\/\/futbolhoy.co\/index.php\/wp-json\/wp\/v2\/tags?post=13306"}],"curies":[{"name":"wp","href":"https:\/\/api.w.org\/{rel}","templated":true}]}}