{"id":134534,"date":"2026-08-28T16:48:40","date_gmt":"2026-08-28T21:48:40","guid":{"rendered":"https:\/\/futbolhoy.co\/?p=134534"},"modified":"2026-08-29T21:13:31","modified_gmt":"2026-08-30T02:13:31","slug":"video-gol-de-luis-diaz-en-el-estreno-del-bayern-por-bundesliga","status":"publish","type":"post","link":"https:\/\/futbolhoy.co\/index.php\/2026\/08\/28\/video-gol-de-luis-diaz-en-el-estreno-del-bayern-por-bundesliga\/","title":{"rendered":"Video: gol de Luis D\u00edaz en el estreno del Bayern por Bundesliga"},"content":{"rendered":"<p><strong>Bayern M\u00fanich<\/strong> se estren\u00f3 con goleada por 5-1 en la defensa del t\u00edtulo de la <strong>Bundesliga.<\/strong> En calidad de local, el cuadro b\u00e1varo aplast\u00f3 al <strong>Stuttgart.<\/strong><\/p>\n<p>El primer gol de la noche lo marc\u00f3 <strong>Dayot Upamecano<\/strong> al minuto 21&#8242;. Empezando el segundo tiempo, <strong>Josha Vagnoman<\/strong> empat\u00f3 para la visita al 52&#8242;.<br \/>\n<strong>Michael Olise<\/strong> (55&#8242;), Vagnoman (autogol al 57&#8242;), <strong>Pavlovic<\/strong> (82&#8242;) marcaron los 4 restantes.<\/p>\n<p>Al 90+2&#8242;, <strong>Lucho<\/strong> tuvo su encuentro con las redes, luego de haber fallado dos ocasiones previas, una en la etapa inicial y otra al complemento.<\/p>\n<p><strong>Saibari<\/strong> asisti\u00f3 al guajiro, quien volvi\u00f3 a quedar mano a mano con el arquero, pero esta vez supo cruzar el bal\u00f3n para marcar el 5-1 final.<\/p>\n<blockquote class=\"twitter-tweet\" data-media-max-width=\"560\">\n<p dir=\"ltr\" lang=\"es\">\u00a1\u00a1FALTABA EL TUYO LUCHO!! \u00a1\u00a1LA TERCERA FUE LA VENCIDA!! Luis D\u00edaz cruz\u00f3 la pelota, le gan\u00f3 el mano a mano a Bredlow y marc\u00f3 el 5-1 del Bayern Munich sobre el final del partido vs. Stuttgart.<\/p>\n<p>\ud83d\udcfa Mir\u00e1 la <a href=\"https:\/\/x.com\/hashtag\/Bundesliga?src=hash&amp;ref_src=twsrc%5Etfw\">#Bundesliga<\/a> por <a href=\"https:\/\/x.com\/hashtag\/DisneyPlus?src=hash&amp;ref_src=twsrc%5Etfw\">#DisneyPlus<\/a> Plan Premium <a href=\"https:\/\/t.co\/F55FmEp3HA\">pic.twitter.com\/F55FmEp3HA<\/a><\/p>\n<p>\u2014 SportsCenter (@SC_ESPN) <a href=\"https:\/\/x.com\/SC_ESPN\/status\/2093434747829543354?ref_src=twsrc%5Etfw\">August 28, 2026<\/a><\/p><\/blockquote>\n<p><script async src=\"https:\/\/platform.x.com\/widgets.js\" charset=\"utf-8\"><\/script><\/p>\n<p>Este fue el partido 53 de D\u00edaz en el conjunto alem\u00e1n, en el que ya ha convertido 27 goles y ha dado 19 asistencias.<\/p>\n","protected":false},"excerpt":{"rendered":"<p>Bayern M\u00fanich se estren\u00f3 con goleada por 5-1 en la defensa del t\u00edtulo de la Bundesliga. En calidad de local, el cuadro b\u00e1varo aplast\u00f3 al Stuttgart. El primer gol de la noche lo marc\u00f3 Dayot Upamecano al minuto 21&#8242;. Empezando el segundo tiempo, Josha Vagnoman empat\u00f3 para la visita al 52&#8242;. Michael Olise (55&#8242;), Vagnoman [&hellip;]<\/p>\n","protected":false},"author":16,"featured_media":134535,"comment_status":"closed","ping_status":"closed","sticky":false,"template":"","format":"standard","meta":{"_acf_changed":false,"footnotes":""},"categories":[418],"tags":[],"class_list":["post-134534","post","type-post","status-publish","format-standard","has-post-thumbnail","category-colombia"],"acf":[],"yoast_head":"<!-- This site is optimized with the Yoast SEO plugin v28.3 - https:\/\/yoast.com\/product\/yoast-seo-wordpress\/ -->\n<title>Video: gol de Luis D\u00edaz en el estreno del Bayern por Bundesliga -<\/title>\n<meta name=\"robots\" content=\"index, follow, max-snippet:-1, max-image-preview:large, max-video-preview:-1\" \/>\n<link rel=\"canonical\" href=\"https:\/\/futbolhoy.co\/index.php\/2026\/08\/28\/video-gol-de-luis-diaz-en-el-estreno-del-bayern-por-bundesliga\/\" \/>\n<meta property=\"og:locale\" content=\"es_ES\" \/>\n<meta property=\"og:type\" content=\"article\" \/>\n<meta property=\"og:title\" content=\"Video: gol de Luis D\u00edaz en el estreno del Bayern por Bundesliga -\" \/>\n<meta property=\"og:description\" content=\"Bayern M\u00fanich se estren\u00f3 con goleada por 5-1 en la defensa del t\u00edtulo de la Bundesliga. En calidad de local, el cuadro b\u00e1varo aplast\u00f3 al Stuttgart. El primer gol de la noche lo marc\u00f3 Dayot Upamecano al minuto 21&#8242;. Empezando el segundo tiempo, Josha Vagnoman empat\u00f3 para la visita al 52&#8242;. Michael Olise (55&#8242;), Vagnoman [&hellip;]\" \/>\n<meta property=\"og:url\" content=\"https:\/\/futbolhoy.co\/index.php\/2026\/08\/28\/video-gol-de-luis-diaz-en-el-estreno-del-bayern-por-bundesliga\/\" \/>\n<meta property=\"article:publisher\" content=\"https:\/\/www.facebook.com\/FutbolHoyCol\/\" \/>\n<meta property=\"article:published_time\" content=\"2026-08-28T21:48:40+00:00\" \/>\n<meta property=\"article:modified_time\" content=\"2026-08-30T02:13:31+00:00\" \/>\n<meta property=\"og:image\" content=\"https:\/\/futbolhoy.co\/wp-content\/uploads\/2026\/08\/Lucho-1024x761.png\" \/>\n\t<meta property=\"og:image:width\" content=\"1024\" \/>\n\t<meta property=\"og:image:height\" content=\"761\" \/>\n\t<meta property=\"og:image:type\" content=\"image\/png\" \/>\n<meta name=\"author\" content=\"Cristian Pinzon\" \/>\n<meta name=\"twitter:card\" content=\"summary_large_image\" \/>\n<meta name=\"twitter:creator\" content=\"@FutbolHoyCol\" \/>\n<meta name=\"twitter:site\" content=\"@FutbolHoyCol\" \/>\n<meta name=\"twitter:label1\" content=\"Escrito por\" \/>\n\t<meta name=\"twitter:data1\" content=\"Cristian Pinzon\" \/>\n\t<meta name=\"twitter:label2\" content=\"Tiempo de lectura\" \/>\n\t<meta name=\"twitter:data2\" content=\"1 minuto\" \/>\n<script type=\"application\/ld+json\" class=\"yoast-schema-graph\">{\"@context\":\"https:\\\/\\\/schema.org\",\"@graph\":[{\"@type\":\"Article\",\"@id\":\"https:\\\/\\\/futbolhoy.co\\\/index.php\\\/2026\\\/08\\\/28\\\/video-gol-de-luis-diaz-en-el-estreno-del-bayern-por-bundesliga\\\/#article\",\"isPartOf\":{\"@id\":\"https:\\\/\\\/futbolhoy.co\\\/index.php\\\/2026\\\/08\\\/28\\\/video-gol-de-luis-diaz-en-el-estreno-del-bayern-por-bundesliga\\\/\"},\"author\":{\"name\":\"Cristian Pinzon\",\"@id\":\"https:\\\/\\\/futbolhoy.co\\\/#\\\/schema\\\/person\\\/3631d0513b65c6249db5b1cff87011f0\"},\"headline\":\"Video: gol de Luis D\u00edaz en el estreno del Bayern por Bundesliga\",\"datePublished\":\"2026-08-28T21:48:40+00:00\",\"dateModified\":\"2026-08-30T02:13:31+00:00\",\"mainEntityOfPage\":{\"@id\":\"https:\\\/\\\/futbolhoy.co\\\/index.php\\\/2026\\\/08\\\/28\\\/video-gol-de-luis-diaz-en-el-estreno-del-bayern-por-bundesliga\\\/\"},\"wordCount\":202,\"image\":{\"@id\":\"https:\\\/\\\/futbolhoy.co\\\/index.php\\\/2026\\\/08\\\/28\\\/video-gol-de-luis-diaz-en-el-estreno-del-bayern-por-bundesliga\\\/#primaryimage\"},\"thumbnailUrl\":\"https:\\\/\\\/futbolhoy.co\\\/wp-content\\\/uploads\\\/2026\\\/08\\\/Lucho.png\",\"articleSection\":[\"Colombia\"],\"inLanguage\":\"es\"},{\"@type\":\"WebPage\",\"@id\":\"https:\\\/\\\/futbolhoy.co\\\/index.php\\\/2026\\\/08\\\/28\\\/video-gol-de-luis-diaz-en-el-estreno-del-bayern-por-bundesliga\\\/\",\"url\":\"https:\\\/\\\/futbolhoy.co\\\/index.php\\\/2026\\\/08\\\/28\\\/video-gol-de-luis-diaz-en-el-estreno-del-bayern-por-bundesliga\\\/\",\"name\":\"Video: gol de Luis D\u00edaz en el estreno del Bayern por Bundesliga -\",\"isPartOf\":{\"@id\":\"https:\\\/\\\/futbolhoy.co\\\/#website\"},\"primaryImageOfPage\":{\"@id\":\"https:\\\/\\\/futbolhoy.co\\\/index.php\\\/2026\\\/08\\\/28\\\/video-gol-de-luis-diaz-en-el-estreno-del-bayern-por-bundesliga\\\/#primaryimage\"},\"image\":{\"@id\":\"https:\\\/\\\/futbolhoy.co\\\/index.php\\\/2026\\\/08\\\/28\\\/video-gol-de-luis-diaz-en-el-estreno-del-bayern-por-bundesliga\\\/#primaryimage\"},\"thumbnailUrl\":\"https:\\\/\\\/futbolhoy.co\\\/wp-content\\\/uploads\\\/2026\\\/08\\\/Lucho.png\",\"datePublished\":\"2026-08-28T21:48:40+00:00\",\"dateModified\":\"2026-08-30T02:13:31+00:00\",\"author\":{\"@id\":\"https:\\\/\\\/futbolhoy.co\\\/#\\\/schema\\\/person\\\/3631d0513b65c6249db5b1cff87011f0\"},\"breadcrumb\":{\"@id\":\"https:\\\/\\\/futbolhoy.co\\\/index.php\\\/2026\\\/08\\\/28\\\/video-gol-de-luis-diaz-en-el-estreno-del-bayern-por-bundesliga\\\/#breadcrumb\"},\"inLanguage\":\"es\",\"potentialAction\":[{\"@type\":\"ReadAction\",\"target\":[\"https:\\\/\\\/futbolhoy.co\\\/index.php\\\/2026\\\/08\\\/28\\\/video-gol-de-luis-diaz-en-el-estreno-del-bayern-por-bundesliga\\\/\"]}]},{\"@type\":\"ImageObject\",\"inLanguage\":\"es\",\"@id\":\"https:\\\/\\\/futbolhoy.co\\\/index.php\\\/2026\\\/08\\\/28\\\/video-gol-de-luis-diaz-en-el-estreno-del-bayern-por-bundesliga\\\/#primaryimage\",\"url\":\"https:\\\/\\\/futbolhoy.co\\\/wp-content\\\/uploads\\\/2026\\\/08\\\/Lucho.png\",\"contentUrl\":\"https:\\\/\\\/futbolhoy.co\\\/wp-content\\\/uploads\\\/2026\\\/08\\\/Lucho.png\",\"width\":1163,\"height\":864},{\"@type\":\"BreadcrumbList\",\"@id\":\"https:\\\/\\\/futbolhoy.co\\\/index.php\\\/2026\\\/08\\\/28\\\/video-gol-de-luis-diaz-en-el-estreno-del-bayern-por-bundesliga\\\/#breadcrumb\",\"itemListElement\":[{\"@type\":\"ListItem\",\"position\":1,\"name\":\"Portada\",\"item\":\"https:\\\/\\\/futbolhoy.co\\\/\"},{\"@type\":\"ListItem\",\"position\":2,\"name\":\"Video: gol de Luis D\u00edaz en el estreno del Bayern por Bundesliga\"}]},{\"@type\":\"WebSite\",\"@id\":\"https:\\\/\\\/futbolhoy.co\\\/#website\",\"url\":\"https:\\\/\\\/futbolhoy.co\\\/\",\"name\":\"FutbolHoy\",\"description\":\"\",\"potentialAction\":[{\"@type\":\"SearchAction\",\"target\":{\"@type\":\"EntryPoint\",\"urlTemplate\":\"https:\\\/\\\/futbolhoy.co\\\/?s={search_term_string}\"},\"query-input\":{\"@type\":\"PropertyValueSpecification\",\"valueRequired\":true,\"valueName\":\"search_term_string\"}}],\"inLanguage\":\"es\"},{\"@type\":\"Person\",\"@id\":\"https:\\\/\\\/futbolhoy.co\\\/#\\\/schema\\\/person\\\/3631d0513b65c6249db5b1cff87011f0\",\"name\":\"Cristian Pinzon\",\"image\":{\"@type\":\"ImageObject\",\"inLanguage\":\"es\",\"@id\":\"https:\\\/\\\/secure.gravatar.com\\\/avatar\\\/9ec15fa010fd99c9e11e37948e85beef0a90c7daa64afd7860f1539c39ba9f90?s=96&d=mm&r=g\",\"url\":\"https:\\\/\\\/secure.gravatar.com\\\/avatar\\\/9ec15fa010fd99c9e11e37948e85beef0a90c7daa64afd7860f1539c39ba9f90?s=96&d=mm&r=g\",\"contentUrl\":\"https:\\\/\\\/secure.gravatar.com\\\/avatar\\\/9ec15fa010fd99c9e11e37948e85beef0a90c7daa64afd7860f1539c39ba9f90?s=96&d=mm&r=g\",\"caption\":\"Cristian Pinzon\"}}]}<\/script>\n<!-- \/ Yoast SEO plugin. -->","yoast_head_json":{"title":"Video: gol de Luis D\u00edaz en el estreno del Bayern por Bundesliga -","robots":{"index":"index","follow":"follow","max-snippet":"max-snippet:-1","max-image-preview":"max-image-preview:large","max-video-preview":"max-video-preview:-1"},"canonical":"https:\/\/futbolhoy.co\/index.php\/2026\/08\/28\/video-gol-de-luis-diaz-en-el-estreno-del-bayern-por-bundesliga\/","og_locale":"es_ES","og_type":"article","og_title":"Video: gol de Luis D\u00edaz en el estreno del Bayern por Bundesliga -","og_description":"Bayern M\u00fanich se estren\u00f3 con goleada por 5-1 en la defensa del t\u00edtulo de la Bundesliga. En calidad de local, el cuadro b\u00e1varo aplast\u00f3 al Stuttgart. El primer gol de la noche lo marc\u00f3 Dayot Upamecano al minuto 21&#8242;. Empezando el segundo tiempo, Josha Vagnoman empat\u00f3 para la visita al 52&#8242;. Michael Olise (55&#8242;), Vagnoman [&hellip;]","og_url":"https:\/\/futbolhoy.co\/index.php\/2026\/08\/28\/video-gol-de-luis-diaz-en-el-estreno-del-bayern-por-bundesliga\/","article_publisher":"https:\/\/www.facebook.com\/FutbolHoyCol\/","article_published_time":"2026-08-28T21:48:40+00:00","article_modified_time":"2026-08-30T02:13:31+00:00","og_image":[{"width":1024,"height":761,"url":"https:\/\/futbolhoy.co\/wp-content\/uploads\/2026\/08\/Lucho-1024x761.png","type":"image\/png"}],"author":"Cristian Pinzon","twitter_card":"summary_large_image","twitter_creator":"@FutbolHoyCol","twitter_site":"@FutbolHoyCol","twitter_misc":{"Escrito por":"Cristian Pinzon","Tiempo de lectura":"1 minuto"},"schema":{"@context":"https:\/\/schema.org","@graph":[{"@type":"Article","@id":"https:\/\/futbolhoy.co\/index.php\/2026\/08\/28\/video-gol-de-luis-diaz-en-el-estreno-del-bayern-por-bundesliga\/#article","isPartOf":{"@id":"https:\/\/futbolhoy.co\/index.php\/2026\/08\/28\/video-gol-de-luis-diaz-en-el-estreno-del-bayern-por-bundesliga\/"},"author":{"name":"Cristian Pinzon","@id":"https:\/\/futbolhoy.co\/#\/schema\/person\/3631d0513b65c6249db5b1cff87011f0"},"headline":"Video: gol de Luis D\u00edaz en el estreno del Bayern por Bundesliga","datePublished":"2026-08-28T21:48:40+00:00","dateModified":"2026-08-30T02:13:31+00:00","mainEntityOfPage":{"@id":"https:\/\/futbolhoy.co\/index.php\/2026\/08\/28\/video-gol-de-luis-diaz-en-el-estreno-del-bayern-por-bundesliga\/"},"wordCount":202,"image":{"@id":"https:\/\/futbolhoy.co\/index.php\/2026\/08\/28\/video-gol-de-luis-diaz-en-el-estreno-del-bayern-por-bundesliga\/#primaryimage"},"thumbnailUrl":"https:\/\/futbolhoy.co\/wp-content\/uploads\/2026\/08\/Lucho.png","articleSection":["Colombia"],"inLanguage":"es"},{"@type":"WebPage","@id":"https:\/\/futbolhoy.co\/index.php\/2026\/08\/28\/video-gol-de-luis-diaz-en-el-estreno-del-bayern-por-bundesliga\/","url":"https:\/\/futbolhoy.co\/index.php\/2026\/08\/28\/video-gol-de-luis-diaz-en-el-estreno-del-bayern-por-bundesliga\/","name":"Video: gol de Luis D\u00edaz en el estreno del Bayern por Bundesliga -","isPartOf":{"@id":"https:\/\/futbolhoy.co\/#website"},"primaryImageOfPage":{"@id":"https:\/\/futbolhoy.co\/index.php\/2026\/08\/28\/video-gol-de-luis-diaz-en-el-estreno-del-bayern-por-bundesliga\/#primaryimage"},"image":{"@id":"https:\/\/futbolhoy.co\/index.php\/2026\/08\/28\/video-gol-de-luis-diaz-en-el-estreno-del-bayern-por-bundesliga\/#primaryimage"},"thumbnailUrl":"https:\/\/futbolhoy.co\/wp-content\/uploads\/2026\/08\/Lucho.png","datePublished":"2026-08-28T21:48:40+00:00","dateModified":"2026-08-30T02:13:31+00:00","author":{"@id":"https:\/\/futbolhoy.co\/#\/schema\/person\/3631d0513b65c6249db5b1cff87011f0"},"breadcrumb":{"@id":"https:\/\/futbolhoy.co\/index.php\/2026\/08\/28\/video-gol-de-luis-diaz-en-el-estreno-del-bayern-por-bundesliga\/#breadcrumb"},"inLanguage":"es","potentialAction":[{"@type":"ReadAction","target":["https:\/\/futbolhoy.co\/index.php\/2026\/08\/28\/video-gol-de-luis-diaz-en-el-estreno-del-bayern-por-bundesliga\/"]}]},{"@type":"ImageObject","inLanguage":"es","@id":"https:\/\/futbolhoy.co\/index.php\/2026\/08\/28\/video-gol-de-luis-diaz-en-el-estreno-del-bayern-por-bundesliga\/#primaryimage","url":"https:\/\/futbolhoy.co\/wp-content\/uploads\/2026\/08\/Lucho.png","contentUrl":"https:\/\/futbolhoy.co\/wp-content\/uploads\/2026\/08\/Lucho.png","width":1163,"height":864},{"@type":"BreadcrumbList","@id":"https:\/\/futbolhoy.co\/index.php\/2026\/08\/28\/video-gol-de-luis-diaz-en-el-estreno-del-bayern-por-bundesliga\/#breadcrumb","itemListElement":[{"@type":"ListItem","position":1,"name":"Portada","item":"https:\/\/futbolhoy.co\/"},{"@type":"ListItem","position":2,"name":"Video: gol de Luis D\u00edaz en el estreno del Bayern por Bundesliga"}]},{"@type":"WebSite","@id":"https:\/\/futbolhoy.co\/#website","url":"https:\/\/futbolhoy.co\/","name":"FutbolHoy","description":"","potentialAction":[{"@type":"SearchAction","target":{"@type":"EntryPoint","urlTemplate":"https:\/\/futbolhoy.co\/?s={search_term_string}"},"query-input":{"@type":"PropertyValueSpecification","valueRequired":true,"valueName":"search_term_string"}}],"inLanguage":"es"},{"@type":"Person","@id":"https:\/\/futbolhoy.co\/#\/schema\/person\/3631d0513b65c6249db5b1cff87011f0","name":"Cristian Pinzon","image":{"@type":"ImageObject","inLanguage":"es","@id":"https:\/\/secure.gravatar.com\/avatar\/9ec15fa010fd99c9e11e37948e85beef0a90c7daa64afd7860f1539c39ba9f90?s=96&d=mm&r=g","url":"https:\/\/secure.gravatar.com\/avatar\/9ec15fa010fd99c9e11e37948e85beef0a90c7daa64afd7860f1539c39ba9f90?s=96&d=mm&r=g","contentUrl":"https:\/\/secure.gravatar.com\/avatar\/9ec15fa010fd99c9e11e37948e85beef0a90c7daa64afd7860f1539c39ba9f90?s=96&d=mm&r=g","caption":"Cristian Pinzon"}}]}},"_links":{"self":[{"href":"https:\/\/futbolhoy.co\/index.php\/wp-json\/wp\/v2\/posts\/134534","targetHints":{"allow":["GET"]}}],"collection":[{"href":"https:\/\/futbolhoy.co\/index.php\/wp-json\/wp\/v2\/posts"}],"about":[{"href":"https:\/\/futbolhoy.co\/index.php\/wp-json\/wp\/v2\/types\/post"}],"author":[{"embeddable":true,"href":"https:\/\/futbolhoy.co\/index.php\/wp-json\/wp\/v2\/users\/16"}],"replies":[{"embeddable":true,"href":"https:\/\/futbolhoy.co\/index.php\/wp-json\/wp\/v2\/comments?post=134534"}],"version-history":[{"count":2,"href":"https:\/\/futbolhoy.co\/index.php\/wp-json\/wp\/v2\/posts\/134534\/revisions"}],"predecessor-version":[{"id":134572,"href":"https:\/\/futbolhoy.co\/index.php\/wp-json\/wp\/v2\/posts\/134534\/revisions\/134572"}],"wp:featuredmedia":[{"embeddable":true,"href":"https:\/\/futbolhoy.co\/index.php\/wp-json\/wp\/v2\/media\/134535"}],"wp:attachment":[{"href":"https:\/\/futbolhoy.co\/index.php\/wp-json\/wp\/v2\/media?parent=134534"}],"wp:term":[{"taxonomy":"category","embeddable":true,"href":"https:\/\/futbolhoy.co\/index.php\/wp-json\/wp\/v2\/categories?post=134534"},{"taxonomy":"post_tag","embeddable":true,"href":"https:\/\/futbolhoy.co\/index.php\/wp-json\/wp\/v2\/tags?post=134534"}],"curies":[{"name":"wp","href":"https:\/\/api.w.org\/{rel}","templated":true}]}}