{"id":134552,"date":"2026-08-29T10:57:40","date_gmt":"2026-08-29T15:57:40","guid":{"rendered":"https:\/\/futbolhoy.co\/?p=134552"},"modified":"2026-08-30T11:33:43","modified_gmt":"2026-08-30T16:33:43","slug":"mourinho-fue-contundente-y-pidio-el-balon-de-oro-para-mbappe-esto-dijo","status":"publish","type":"post","link":"https:\/\/futbolhoy.co\/index.php\/2026\/08\/29\/mourinho-fue-contundente-y-pidio-el-balon-de-oro-para-mbappe-esto-dijo\/","title":{"rendered":"Mourinho fue contundente y pidi\u00f3 el Bal\u00f3n de Oro para Mbapp\u00e9: esto dijo"},"content":{"rendered":"<p style=\"text-align: justify;\"><span style=\"font-family: helvetica, arial, sans-serif;\"><strong>Jos\u00e9 Mourinho<\/strong>, entrenador del <strong>Real Madrid<\/strong>, defendi\u00f3 que \u00e9l entiende el <strong>Bal\u00f3n de Oro,<\/strong> que premia al mejor jugador de la<\/span> temporada, como a un futbolista que \u201cecha de menos\u201d cuando se retira y no por los t\u00edtulos colectivos, a la vez que asegur\u00f3 que, para \u00e9l, el merecedor de este premio es su futbolista <strong>Kylian Mbapp\u00e9.<\/strong><\/p>\n<p style=\"text-align: justify;\">\u201cEs una cosa individualmente muy bonita. Jugadores de nivel Bal\u00f3n de Oro tenemos tres o cuatro nosotros. El Bal\u00f3n de Oro tiene que ser uno de esos jugadores que, cuando dejan de jugar, <strong>echamos de menos por la eternidad<\/strong>. Yo echo de menos a (Diego) Maradona, Ronaldo Nazario, Ronaldinho, Cristiano Ronaldo, Leo Messi, (Zinedine) Zidane&#8230;\u201d, se\u00f1al\u00f3 en la rueda de prensa, previa al encuentro liguero del domingo frente al M\u00e1laga.<\/p>\n<p style=\"text-align: justify;\">\u201c<strong>No puedes dar el Bal\u00f3n de Oro a un jugador porque gane la Champions o el Mundial.<\/strong> Si quieres premiar estos t\u00edtulos, premia a los entrenadores. El Bal\u00f3n de Oro la duda es Luis Enrique o Luis de la Fuente. Jugador es otro\u201d, a\u00f1adi\u00f3.<\/p>\n<p style=\"text-align: justify;\">Adem\u00e1s, record\u00f3, sin nombrarlo directamente, que<strong> fue Mbapp\u00e9 quien \u201chizo historia\u201d<\/strong> este verano al convertirse en el jugador con m\u00e1s goles en la historia de los Mundiales; algo que ha se\u00f1alado en anteriores rueda de prensa.<\/p>\n<p style=\"text-align: justify;\">\u201cOtra cosa es ser el mejor jugador del mundo, y no tiene que ser del Par\u00eds Saint-Germain o de la selecci\u00f3n espa\u00f1ola. <strong>Los mejores ya sabemos qui\u00e9nes son y d\u00f3nde est\u00e1n, aqu\u00ed.<\/strong> Y sabemos qui\u00e9n ha hecho historia este verano -en referencia a que Mbapp\u00e9 se convirti\u00f3 en el m\u00e1ximo goleador de la historia de los mundiales-. Luego, el Bal\u00f3n de Oro tiene pol\u00edtica y cuando entra la pol\u00edtica no me gusta tanto\u201d, complet\u00f3.<\/p>\n<blockquote class=\"twitter-tweet\">\n<p dir=\"ltr\" lang=\"es\">\ud83d\udd25 \u00abNo le puedes dar el Bal\u00f3n de Oro a un jugador por ganar la Champions o el Mundial\u00bb.<\/p>\n<p>\ud83d\udc49 \u00abSabemos qui\u00e9nes son los mejores y sabemos d\u00f3nde est\u00e1n: aqu\u00ed\u00bb.<\/p>\n<p>\ud83d\udc40 Mourinho, sin pelos en la lengua en la rueda de prensa previa al partido ante el M\u00e1laga. <a href=\"https:\/\/t.co\/40s28imBnj\">pic.twitter.com\/40s28imBnj<\/a><\/p>\n<p>\u2014 El Chiringuito TV (@elchiringuitotv) <a href=\"https:\/\/x.com\/elchiringuitotv\/status\/2093646872158085562?ref_src=twsrc%5Etfw\">August 29, 2026<\/a><\/p><\/blockquote>\n<p style=\"text-align: justify;\"><script async src=\"https:\/\/platform.x.com\/widgets.js\" charset=\"utf-8\"><\/script><span style=\"font-family: helvetica, arial, sans-serif;\">La ceremonia del Bal\u00f3n de Oro, que entrega France Football, se celebrar\u00e1 <strong>el lunes 26 de octubre<\/strong> en The London Palladium, en <strong class=\"rQesXe MPyX\" data-sfc-cp=\"\" data-sfc-root=\"ep\" data-copy-service-computed-style=\"font-family: &quot;Google Sans&quot;, Arial, sans-serif; font-size: 16px; font-weight: 700; margin: 0px; text-decoration: none; border-bottom: 0px rgb(10, 10, 10);\">Londres, Inglaterra<!--TgQPHd|||[]--><\/strong>. La edici\u00f3n 70\u00b0 de esta gala ser\u00e1 la primera fuera de Francia.<\/span><\/p>\n","protected":false},"excerpt":{"rendered":"<p>Jos\u00e9 Mourinho, entrenador del Real Madrid, defendi\u00f3 que \u00e9l entiende el Bal\u00f3n de Oro, que premia al mejor jugador de la temporada, como a un futbolista que \u201cecha de menos\u201d cuando se retira y no por los t\u00edtulos colectivos, a la vez que asegur\u00f3 que, para \u00e9l, el merecedor de este premio es su futbolista [&hellip;]<\/p>\n","protected":false},"author":17,"featured_media":134553,"comment_status":"closed","ping_status":"closed","sticky":false,"template":"","format":"standard","meta":{"_acf_changed":false,"footnotes":""},"categories":[152],"tags":[],"class_list":["post-134552","post","type-post","status-publish","format-standard","has-post-thumbnail","category-mundo-futbol"],"acf":[],"yoast_head":"<!-- This site is optimized with the Yoast SEO plugin v28.3 - https:\/\/yoast.com\/product\/yoast-seo-wordpress\/ -->\n<title>Mourinho fue contundente y pidi\u00f3 el Bal\u00f3n de Oro para Mbapp\u00e9: esto dijo -<\/title>\n<meta name=\"robots\" content=\"index, follow, max-snippet:-1, max-image-preview:large, max-video-preview:-1\" \/>\n<link rel=\"canonical\" href=\"https:\/\/futbolhoy.co\/index.php\/2026\/08\/29\/mourinho-fue-contundente-y-pidio-el-balon-de-oro-para-mbappe-esto-dijo\/\" \/>\n<meta property=\"og:locale\" content=\"es_ES\" \/>\n<meta property=\"og:type\" content=\"article\" \/>\n<meta property=\"og:title\" content=\"Mourinho fue contundente y pidi\u00f3 el Bal\u00f3n de Oro para Mbapp\u00e9: esto dijo -\" \/>\n<meta property=\"og:description\" content=\"Jos\u00e9 Mourinho, entrenador del Real Madrid, defendi\u00f3 que \u00e9l entiende el Bal\u00f3n de Oro, que premia al mejor jugador de la temporada, como a un futbolista que \u201cecha de menos\u201d cuando se retira y no por los t\u00edtulos colectivos, a la vez que asegur\u00f3 que, para \u00e9l, el merecedor de este premio es su futbolista [&hellip;]\" \/>\n<meta property=\"og:url\" content=\"https:\/\/futbolhoy.co\/index.php\/2026\/08\/29\/mourinho-fue-contundente-y-pidio-el-balon-de-oro-para-mbappe-esto-dijo\/\" \/>\n<meta property=\"article:publisher\" content=\"https:\/\/www.facebook.com\/FutbolHoyCol\/\" \/>\n<meta property=\"article:published_time\" content=\"2026-08-29T15:57:40+00:00\" \/>\n<meta property=\"article:modified_time\" content=\"2026-08-30T16:33:43+00:00\" \/>\n<meta property=\"og:image\" content=\"https:\/\/futbolhoy.co\/wp-content\/uploads\/2026\/08\/HQrPPwAXQAA8ZB2.jpg\" \/>\n\t<meta property=\"og:image:width\" content=\"1078\" \/>\n\t<meta property=\"og:image:height\" content=\"750\" \/>\n\t<meta property=\"og:image:type\" content=\"image\/jpeg\" \/>\n<meta name=\"author\" content=\"David Santiago Mu\u00f1oz Camargo\" \/>\n<meta name=\"twitter:card\" content=\"summary_large_image\" \/>\n<meta name=\"twitter:creator\" content=\"@FutbolHoyCol\" \/>\n<meta name=\"twitter:site\" content=\"@FutbolHoyCol\" \/>\n<meta name=\"twitter:label1\" content=\"Escrito por\" \/>\n\t<meta name=\"twitter:data1\" content=\"David Santiago Mu\u00f1oz Camargo\" \/>\n\t<meta name=\"twitter:label2\" content=\"Tiempo de lectura\" \/>\n\t<meta name=\"twitter:data2\" content=\"2 minutos\" \/>\n<script type=\"application\/ld+json\" class=\"yoast-schema-graph\">{\"@context\":\"https:\\\/\\\/schema.org\",\"@graph\":[{\"@type\":\"Article\",\"@id\":\"https:\\\/\\\/futbolhoy.co\\\/index.php\\\/2026\\\/08\\\/29\\\/mourinho-fue-contundente-y-pidio-el-balon-de-oro-para-mbappe-esto-dijo\\\/#article\",\"isPartOf\":{\"@id\":\"https:\\\/\\\/futbolhoy.co\\\/index.php\\\/2026\\\/08\\\/29\\\/mourinho-fue-contundente-y-pidio-el-balon-de-oro-para-mbappe-esto-dijo\\\/\"},\"author\":{\"name\":\"David Santiago Mu\u00f1oz Camargo\",\"@id\":\"https:\\\/\\\/futbolhoy.co\\\/#\\\/schema\\\/person\\\/9c4cd8a1e5edd266e2b8371fed02ea54\"},\"headline\":\"Mourinho fue contundente y pidi\u00f3 el Bal\u00f3n de Oro para Mbapp\u00e9: esto dijo\",\"datePublished\":\"2026-08-29T15:57:40+00:00\",\"dateModified\":\"2026-08-30T16:33:43+00:00\",\"mainEntityOfPage\":{\"@id\":\"https:\\\/\\\/futbolhoy.co\\\/index.php\\\/2026\\\/08\\\/29\\\/mourinho-fue-contundente-y-pidio-el-balon-de-oro-para-mbappe-esto-dijo\\\/\"},\"wordCount\":415,\"image\":{\"@id\":\"https:\\\/\\\/futbolhoy.co\\\/index.php\\\/2026\\\/08\\\/29\\\/mourinho-fue-contundente-y-pidio-el-balon-de-oro-para-mbappe-esto-dijo\\\/#primaryimage\"},\"thumbnailUrl\":\"https:\\\/\\\/futbolhoy.co\\\/wp-content\\\/uploads\\\/2026\\\/08\\\/HQrPPwAXQAA8ZB2.jpg\",\"articleSection\":[\"Mundo Futbol\"],\"inLanguage\":\"es\"},{\"@type\":\"WebPage\",\"@id\":\"https:\\\/\\\/futbolhoy.co\\\/index.php\\\/2026\\\/08\\\/29\\\/mourinho-fue-contundente-y-pidio-el-balon-de-oro-para-mbappe-esto-dijo\\\/\",\"url\":\"https:\\\/\\\/futbolhoy.co\\\/index.php\\\/2026\\\/08\\\/29\\\/mourinho-fue-contundente-y-pidio-el-balon-de-oro-para-mbappe-esto-dijo\\\/\",\"name\":\"Mourinho fue contundente y pidi\u00f3 el Bal\u00f3n de Oro para Mbapp\u00e9: esto dijo -\",\"isPartOf\":{\"@id\":\"https:\\\/\\\/futbolhoy.co\\\/#website\"},\"primaryImageOfPage\":{\"@id\":\"https:\\\/\\\/futbolhoy.co\\\/index.php\\\/2026\\\/08\\\/29\\\/mourinho-fue-contundente-y-pidio-el-balon-de-oro-para-mbappe-esto-dijo\\\/#primaryimage\"},\"image\":{\"@id\":\"https:\\\/\\\/futbolhoy.co\\\/index.php\\\/2026\\\/08\\\/29\\\/mourinho-fue-contundente-y-pidio-el-balon-de-oro-para-mbappe-esto-dijo\\\/#primaryimage\"},\"thumbnailUrl\":\"https:\\\/\\\/futbolhoy.co\\\/wp-content\\\/uploads\\\/2026\\\/08\\\/HQrPPwAXQAA8ZB2.jpg\",\"datePublished\":\"2026-08-29T15:57:40+00:00\",\"dateModified\":\"2026-08-30T16:33:43+00:00\",\"author\":{\"@id\":\"https:\\\/\\\/futbolhoy.co\\\/#\\\/schema\\\/person\\\/9c4cd8a1e5edd266e2b8371fed02ea54\"},\"breadcrumb\":{\"@id\":\"https:\\\/\\\/futbolhoy.co\\\/index.php\\\/2026\\\/08\\\/29\\\/mourinho-fue-contundente-y-pidio-el-balon-de-oro-para-mbappe-esto-dijo\\\/#breadcrumb\"},\"inLanguage\":\"es\",\"potentialAction\":[{\"@type\":\"ReadAction\",\"target\":[\"https:\\\/\\\/futbolhoy.co\\\/index.php\\\/2026\\\/08\\\/29\\\/mourinho-fue-contundente-y-pidio-el-balon-de-oro-para-mbappe-esto-dijo\\\/\"]}]},{\"@type\":\"ImageObject\",\"inLanguage\":\"es\",\"@id\":\"https:\\\/\\\/futbolhoy.co\\\/index.php\\\/2026\\\/08\\\/29\\\/mourinho-fue-contundente-y-pidio-el-balon-de-oro-para-mbappe-esto-dijo\\\/#primaryimage\",\"url\":\"https:\\\/\\\/futbolhoy.co\\\/wp-content\\\/uploads\\\/2026\\\/08\\\/HQrPPwAXQAA8ZB2.jpg\",\"contentUrl\":\"https:\\\/\\\/futbolhoy.co\\\/wp-content\\\/uploads\\\/2026\\\/08\\\/HQrPPwAXQAA8ZB2.jpg\",\"width\":1078,\"height\":750},{\"@type\":\"BreadcrumbList\",\"@id\":\"https:\\\/\\\/futbolhoy.co\\\/index.php\\\/2026\\\/08\\\/29\\\/mourinho-fue-contundente-y-pidio-el-balon-de-oro-para-mbappe-esto-dijo\\\/#breadcrumb\",\"itemListElement\":[{\"@type\":\"ListItem\",\"position\":1,\"name\":\"Portada\",\"item\":\"https:\\\/\\\/futbolhoy.co\\\/\"},{\"@type\":\"ListItem\",\"position\":2,\"name\":\"Mourinho fue contundente y pidi\u00f3 el Bal\u00f3n de Oro para Mbapp\u00e9: esto dijo\"}]},{\"@type\":\"WebSite\",\"@id\":\"https:\\\/\\\/futbolhoy.co\\\/#website\",\"url\":\"https:\\\/\\\/futbolhoy.co\\\/\",\"name\":\"FutbolHoy\",\"description\":\"\",\"potentialAction\":[{\"@type\":\"SearchAction\",\"target\":{\"@type\":\"EntryPoint\",\"urlTemplate\":\"https:\\\/\\\/futbolhoy.co\\\/?s={search_term_string}\"},\"query-input\":{\"@type\":\"PropertyValueSpecification\",\"valueRequired\":true,\"valueName\":\"search_term_string\"}}],\"inLanguage\":\"es\"},{\"@type\":\"Person\",\"@id\":\"https:\\\/\\\/futbolhoy.co\\\/#\\\/schema\\\/person\\\/9c4cd8a1e5edd266e2b8371fed02ea54\",\"name\":\"David Santiago Mu\u00f1oz Camargo\",\"image\":{\"@type\":\"ImageObject\",\"inLanguage\":\"es\",\"@id\":\"https:\\\/\\\/secure.gravatar.com\\\/avatar\\\/d259e022a90965a4d22b3d1dcef2c57c07862a6da0716d8835409335a106cb2a?s=96&d=mm&r=g\",\"url\":\"https:\\\/\\\/secure.gravatar.com\\\/avatar\\\/d259e022a90965a4d22b3d1dcef2c57c07862a6da0716d8835409335a106cb2a?s=96&d=mm&r=g\",\"contentUrl\":\"https:\\\/\\\/secure.gravatar.com\\\/avatar\\\/d259e022a90965a4d22b3d1dcef2c57c07862a6da0716d8835409335a106cb2a?s=96&d=mm&r=g\",\"caption\":\"David Santiago Mu\u00f1oz Camargo\"}}]}<\/script>\n<!-- \/ Yoast SEO plugin. -->","yoast_head_json":{"title":"Mourinho fue contundente y pidi\u00f3 el Bal\u00f3n de Oro para Mbapp\u00e9: esto dijo -","robots":{"index":"index","follow":"follow","max-snippet":"max-snippet:-1","max-image-preview":"max-image-preview:large","max-video-preview":"max-video-preview:-1"},"canonical":"https:\/\/futbolhoy.co\/index.php\/2026\/08\/29\/mourinho-fue-contundente-y-pidio-el-balon-de-oro-para-mbappe-esto-dijo\/","og_locale":"es_ES","og_type":"article","og_title":"Mourinho fue contundente y pidi\u00f3 el Bal\u00f3n de Oro para Mbapp\u00e9: esto dijo -","og_description":"Jos\u00e9 Mourinho, entrenador del Real Madrid, defendi\u00f3 que \u00e9l entiende el Bal\u00f3n de Oro, que premia al mejor jugador de la temporada, como a un futbolista que \u201cecha de menos\u201d cuando se retira y no por los t\u00edtulos colectivos, a la vez que asegur\u00f3 que, para \u00e9l, el merecedor de este premio es su futbolista [&hellip;]","og_url":"https:\/\/futbolhoy.co\/index.php\/2026\/08\/29\/mourinho-fue-contundente-y-pidio-el-balon-de-oro-para-mbappe-esto-dijo\/","article_publisher":"https:\/\/www.facebook.com\/FutbolHoyCol\/","article_published_time":"2026-08-29T15:57:40+00:00","article_modified_time":"2026-08-30T16:33:43+00:00","og_image":[{"width":1078,"height":750,"url":"https:\/\/futbolhoy.co\/wp-content\/uploads\/2026\/08\/HQrPPwAXQAA8ZB2.jpg","type":"image\/jpeg"}],"author":"David Santiago Mu\u00f1oz Camargo","twitter_card":"summary_large_image","twitter_creator":"@FutbolHoyCol","twitter_site":"@FutbolHoyCol","twitter_misc":{"Escrito por":"David Santiago Mu\u00f1oz Camargo","Tiempo de lectura":"2 minutos"},"schema":{"@context":"https:\/\/schema.org","@graph":[{"@type":"Article","@id":"https:\/\/futbolhoy.co\/index.php\/2026\/08\/29\/mourinho-fue-contundente-y-pidio-el-balon-de-oro-para-mbappe-esto-dijo\/#article","isPartOf":{"@id":"https:\/\/futbolhoy.co\/index.php\/2026\/08\/29\/mourinho-fue-contundente-y-pidio-el-balon-de-oro-para-mbappe-esto-dijo\/"},"author":{"name":"David Santiago Mu\u00f1oz Camargo","@id":"https:\/\/futbolhoy.co\/#\/schema\/person\/9c4cd8a1e5edd266e2b8371fed02ea54"},"headline":"Mourinho fue contundente y pidi\u00f3 el Bal\u00f3n de Oro para Mbapp\u00e9: esto dijo","datePublished":"2026-08-29T15:57:40+00:00","dateModified":"2026-08-30T16:33:43+00:00","mainEntityOfPage":{"@id":"https:\/\/futbolhoy.co\/index.php\/2026\/08\/29\/mourinho-fue-contundente-y-pidio-el-balon-de-oro-para-mbappe-esto-dijo\/"},"wordCount":415,"image":{"@id":"https:\/\/futbolhoy.co\/index.php\/2026\/08\/29\/mourinho-fue-contundente-y-pidio-el-balon-de-oro-para-mbappe-esto-dijo\/#primaryimage"},"thumbnailUrl":"https:\/\/futbolhoy.co\/wp-content\/uploads\/2026\/08\/HQrPPwAXQAA8ZB2.jpg","articleSection":["Mundo Futbol"],"inLanguage":"es"},{"@type":"WebPage","@id":"https:\/\/futbolhoy.co\/index.php\/2026\/08\/29\/mourinho-fue-contundente-y-pidio-el-balon-de-oro-para-mbappe-esto-dijo\/","url":"https:\/\/futbolhoy.co\/index.php\/2026\/08\/29\/mourinho-fue-contundente-y-pidio-el-balon-de-oro-para-mbappe-esto-dijo\/","name":"Mourinho fue contundente y pidi\u00f3 el Bal\u00f3n de Oro para Mbapp\u00e9: esto dijo -","isPartOf":{"@id":"https:\/\/futbolhoy.co\/#website"},"primaryImageOfPage":{"@id":"https:\/\/futbolhoy.co\/index.php\/2026\/08\/29\/mourinho-fue-contundente-y-pidio-el-balon-de-oro-para-mbappe-esto-dijo\/#primaryimage"},"image":{"@id":"https:\/\/futbolhoy.co\/index.php\/2026\/08\/29\/mourinho-fue-contundente-y-pidio-el-balon-de-oro-para-mbappe-esto-dijo\/#primaryimage"},"thumbnailUrl":"https:\/\/futbolhoy.co\/wp-content\/uploads\/2026\/08\/HQrPPwAXQAA8ZB2.jpg","datePublished":"2026-08-29T15:57:40+00:00","dateModified":"2026-08-30T16:33:43+00:00","author":{"@id":"https:\/\/futbolhoy.co\/#\/schema\/person\/9c4cd8a1e5edd266e2b8371fed02ea54"},"breadcrumb":{"@id":"https:\/\/futbolhoy.co\/index.php\/2026\/08\/29\/mourinho-fue-contundente-y-pidio-el-balon-de-oro-para-mbappe-esto-dijo\/#breadcrumb"},"inLanguage":"es","potentialAction":[{"@type":"ReadAction","target":["https:\/\/futbolhoy.co\/index.php\/2026\/08\/29\/mourinho-fue-contundente-y-pidio-el-balon-de-oro-para-mbappe-esto-dijo\/"]}]},{"@type":"ImageObject","inLanguage":"es","@id":"https:\/\/futbolhoy.co\/index.php\/2026\/08\/29\/mourinho-fue-contundente-y-pidio-el-balon-de-oro-para-mbappe-esto-dijo\/#primaryimage","url":"https:\/\/futbolhoy.co\/wp-content\/uploads\/2026\/08\/HQrPPwAXQAA8ZB2.jpg","contentUrl":"https:\/\/futbolhoy.co\/wp-content\/uploads\/2026\/08\/HQrPPwAXQAA8ZB2.jpg","width":1078,"height":750},{"@type":"BreadcrumbList","@id":"https:\/\/futbolhoy.co\/index.php\/2026\/08\/29\/mourinho-fue-contundente-y-pidio-el-balon-de-oro-para-mbappe-esto-dijo\/#breadcrumb","itemListElement":[{"@type":"ListItem","position":1,"name":"Portada","item":"https:\/\/futbolhoy.co\/"},{"@type":"ListItem","position":2,"name":"Mourinho fue contundente y pidi\u00f3 el Bal\u00f3n de Oro para Mbapp\u00e9: esto dijo"}]},{"@type":"WebSite","@id":"https:\/\/futbolhoy.co\/#website","url":"https:\/\/futbolhoy.co\/","name":"FutbolHoy","description":"","potentialAction":[{"@type":"SearchAction","target":{"@type":"EntryPoint","urlTemplate":"https:\/\/futbolhoy.co\/?s={search_term_string}"},"query-input":{"@type":"PropertyValueSpecification","valueRequired":true,"valueName":"search_term_string"}}],"inLanguage":"es"},{"@type":"Person","@id":"https:\/\/futbolhoy.co\/#\/schema\/person\/9c4cd8a1e5edd266e2b8371fed02ea54","name":"David Santiago Mu\u00f1oz Camargo","image":{"@type":"ImageObject","inLanguage":"es","@id":"https:\/\/secure.gravatar.com\/avatar\/d259e022a90965a4d22b3d1dcef2c57c07862a6da0716d8835409335a106cb2a?s=96&d=mm&r=g","url":"https:\/\/secure.gravatar.com\/avatar\/d259e022a90965a4d22b3d1dcef2c57c07862a6da0716d8835409335a106cb2a?s=96&d=mm&r=g","contentUrl":"https:\/\/secure.gravatar.com\/avatar\/d259e022a90965a4d22b3d1dcef2c57c07862a6da0716d8835409335a106cb2a?s=96&d=mm&r=g","caption":"David Santiago Mu\u00f1oz Camargo"}}]}},"_links":{"self":[{"href":"https:\/\/futbolhoy.co\/index.php\/wp-json\/wp\/v2\/posts\/134552","targetHints":{"allow":["GET"]}}],"collection":[{"href":"https:\/\/futbolhoy.co\/index.php\/wp-json\/wp\/v2\/posts"}],"about":[{"href":"https:\/\/futbolhoy.co\/index.php\/wp-json\/wp\/v2\/types\/post"}],"author":[{"embeddable":true,"href":"https:\/\/futbolhoy.co\/index.php\/wp-json\/wp\/v2\/users\/17"}],"replies":[{"embeddable":true,"href":"https:\/\/futbolhoy.co\/index.php\/wp-json\/wp\/v2\/comments?post=134552"}],"version-history":[{"count":2,"href":"https:\/\/futbolhoy.co\/index.php\/wp-json\/wp\/v2\/posts\/134552\/revisions"}],"predecessor-version":[{"id":134555,"href":"https:\/\/futbolhoy.co\/index.php\/wp-json\/wp\/v2\/posts\/134552\/revisions\/134555"}],"wp:featuredmedia":[{"embeddable":true,"href":"https:\/\/futbolhoy.co\/index.php\/wp-json\/wp\/v2\/media\/134553"}],"wp:attachment":[{"href":"https:\/\/futbolhoy.co\/index.php\/wp-json\/wp\/v2\/media?parent=134552"}],"wp:term":[{"taxonomy":"category","embeddable":true,"href":"https:\/\/futbolhoy.co\/index.php\/wp-json\/wp\/v2\/categories?post=134552"},{"taxonomy":"post_tag","embeddable":true,"href":"https:\/\/futbolhoy.co\/index.php\/wp-json\/wp\/v2\/tags?post=134552"}],"curies":[{"name":"wp","href":"https:\/\/api.w.org\/{rel}","templated":true}]}}