{"id":134583,"date":"2026-08-30T11:37:58","date_gmt":"2026-08-30T16:37:58","guid":{"rendered":"https:\/\/futbolhoy.co\/?p=134583"},"modified":"2026-08-31T10:24:13","modified_gmt":"2026-08-31T15:24:13","slug":"alfredo-arias-y-un-desplante-en-rueda-de-prensa-del-junior","status":"publish","type":"post","link":"https:\/\/futbolhoy.co\/index.php\/2026\/08\/30\/alfredo-arias-y-un-desplante-en-rueda-de-prensa-del-junior\/","title":{"rendered":"Alfredo Arias y un desplante en rueda de prensa del Junior"},"content":{"rendered":"<p style=\"text-align: justify;\"><span style=\"font-family: helvetica, arial, sans-serif;\">El t\u00e9cnico del <strong>Junior<\/strong> de <strong>Barranquilla, Alfredo Arias,<\/strong> est\u00e1 siendo blanco de cr\u00edticas por el nivel que est\u00e1 teniendo el equipo, pues empataron 1-1 con <strong>Santa Fe<\/strong> y acumularon 7 partidos sin poder ganar.<\/span><\/p>\n<p style=\"text-align: justify;\"><span style=\"font-family: helvetica, arial, sans-serif;\">Tras el encuentro en el <strong>Romelio Mart\u00ednez,<\/strong> el entrenador uruguayo acudi\u00f3 a la rueda de prensa en compa\u00f1\u00eda de <strong>Fabi\u00e1n \u00c1ngel<\/strong> y cuando le preguntaron por su continuidad, luego de responder, se molest\u00f3 y se fue de la sala.<\/span><\/p>\n<p style=\"text-align: justify;\"><span style=\"font-family: helvetica, arial, sans-serif;\">\u201cTengo contrato, tengo trabajo. Agradezco que me trajeron, creo he hecho un trabajo serio, he sido honesto, he sido digno. <strong>En un a\u00f1o ganamos dos t\u00edtulos y yo estuve ah\u00ed<\/strong>.\u00a0Aunque no quieran mirarlo y taparlo. Cuando llegu\u00e9 hab\u00eda 10 t\u00edtulos y en un a\u00f1o gan\u00e9 dos t\u00edtulos\u201d, dijo al respecto.<\/span><\/p>\n<p style=\"text-align: justify;\"><span style=\"font-family: helvetica, arial, sans-serif;\">\u201cMi trabajo no es sacarme ni ponerme, es entrenar a un equipo y tratar de hacerlo ganar. El semestre pasado y el anterior estuvimos en problemas, yo vine ac\u00e1 tambi\u00e9n, y dije que todav\u00eda hab\u00eda que tener lugar. Yo hago un trabajo digno, honesto, soy t\u00e9cnico, entreno todos los d\u00edas, trabajo\u201d, se\u00f1al\u00f3.<\/span><\/p>\n<p style=\"text-align: justify;\"><span style=\"font-family: helvetica, arial, sans-serif;\">Por su parte, agreg\u00f3 que entiende el enojo de la afici\u00f3n, pero dej\u00f3 claro que conf\u00eda en darle vuelta a la situaci\u00f3n.<\/span><\/p>\n<p style=\"text-align: justify;\"><span style=\"font-family: helvetica, arial, sans-serif;\">\u201cEsto es ganar. El enojo que tiene la ciudad, el hincha, la cr\u00edtica que se recibe, es por no ganar. Esforzarse se esfuerza el equipo. Es parte de este juego y del rol del hincha enojarse, pero el equipo quiere ganar, se esfuerza y el d\u00eda de <strong>Millonarios<\/strong> hizo los m\u00e9ritos, hoy tambi\u00e9n. La hinchada tiene el rol del hincha, que quiere ganar y la confianza la recuperamos ganando. Ac\u00e1 hay que venir a ganar. <\/span><\/p>\n<p style=\"text-align: justify;\"><span style=\"font-family: helvetica, arial, sans-serif;\">Lo logramos dos semestre, estamos ahora en los primeros cinco semestre y no hemos podido<strong>. Tengo confianza y fe, tengo fuerza.<\/strong> No hay otra que seguir entrenando e intent\u00e1ndolo\u201d.<\/span><\/p>\n<blockquote class=\"twitter-tweet\" data-media-max-width=\"560\">\n<p dir=\"ltr\" lang=\"es\">\ud83d\udc40 A Alfredo Arias le consultaron por el argumento para mantener su puesto y esto respondi\u00f3:<\/p>\n<p>\u201cCuando yo llegu\u00e9 hab\u00edan 10 t\u00edtulos en 101 a\u00f1os\u201d.<\/p>\n<p>\ud83d\udc4b\ud83c\udffc El DT se levant\u00f3 y dej\u00f3 a Fabi\u00e1n \u00c1ngel en la rueda de prensa, la cara del jugador lo dijo todo. <a href=\"https:\/\/t.co\/LyQprsmZvs\">pic.twitter.com\/LyQprsmZvs<\/a><\/p>\n<p>\u2014 Toque Sports (@ToqueSports) <a href=\"https:\/\/x.com\/ToqueSports\/status\/2093892368671842751?ref_src=twsrc%5Etfw\">August 30, 2026<\/a><\/p><\/blockquote>\n<p><script async src=\"https:\/\/platform.x.com\/widgets.js\" charset=\"utf-8\"><\/script><\/p>\n","protected":false},"excerpt":{"rendered":"<p>El t\u00e9cnico del Junior de Barranquilla, Alfredo Arias, est\u00e1 siendo blanco de cr\u00edticas por el nivel que est\u00e1 teniendo el equipo, pues empataron 1-1 con Santa Fe y acumularon 7 partidos sin poder ganar. Tras el encuentro en el Romelio Mart\u00ednez, el entrenador uruguayo acudi\u00f3 a la rueda de prensa en compa\u00f1\u00eda de Fabi\u00e1n \u00c1ngel [&hellip;]<\/p>\n","protected":false},"author":16,"featured_media":134584,"comment_status":"closed","ping_status":"closed","sticky":false,"template":"","format":"standard","meta":{"_acf_changed":false,"footnotes":""},"categories":[7],"tags":[],"class_list":["post-134583","post","type-post","status-publish","format-standard","has-post-thumbnail","category-liga-betplay"],"acf":[],"yoast_head":"<!-- This site is optimized with the Yoast SEO plugin v28.3 - https:\/\/yoast.com\/product\/yoast-seo-wordpress\/ -->\n<title>Alfredo Arias y un desplante en rueda de prensa del Junior -<\/title>\n<meta name=\"robots\" content=\"index, follow, max-snippet:-1, max-image-preview:large, max-video-preview:-1\" \/>\n<link rel=\"canonical\" href=\"https:\/\/futbolhoy.co\/index.php\/2026\/08\/30\/alfredo-arias-y-un-desplante-en-rueda-de-prensa-del-junior\/\" \/>\n<meta property=\"og:locale\" content=\"es_ES\" \/>\n<meta property=\"og:type\" content=\"article\" \/>\n<meta property=\"og:title\" content=\"Alfredo Arias y un desplante en rueda de prensa del Junior -\" \/>\n<meta property=\"og:description\" content=\"El t\u00e9cnico del Junior de Barranquilla, Alfredo Arias, est\u00e1 siendo blanco de cr\u00edticas por el nivel que est\u00e1 teniendo el equipo, pues empataron 1-1 con Santa Fe y acumularon 7 partidos sin poder ganar. Tras el encuentro en el Romelio Mart\u00ednez, el entrenador uruguayo acudi\u00f3 a la rueda de prensa en compa\u00f1\u00eda de Fabi\u00e1n \u00c1ngel [&hellip;]\" \/>\n<meta property=\"og:url\" content=\"https:\/\/futbolhoy.co\/index.php\/2026\/08\/30\/alfredo-arias-y-un-desplante-en-rueda-de-prensa-del-junior\/\" \/>\n<meta property=\"article:publisher\" content=\"https:\/\/www.facebook.com\/FutbolHoyCol\/\" \/>\n<meta property=\"article:published_time\" content=\"2026-08-30T16:37:58+00:00\" \/>\n<meta property=\"article:modified_time\" content=\"2026-08-31T15:24:13+00:00\" \/>\n<meta property=\"og:image\" content=\"https:\/\/futbolhoy.co\/wp-content\/uploads\/2026\/08\/WhatsApp-Image-2026-08-30-at-8.22.12-AM.jpeg\" \/>\n\t<meta property=\"og:image:width\" content=\"1095\" \/>\n\t<meta property=\"og:image:height\" content=\"743\" \/>\n\t<meta property=\"og:image:type\" content=\"image\/jpeg\" \/>\n<meta name=\"author\" content=\"Cristian Pinzon\" \/>\n<meta name=\"twitter:card\" content=\"summary_large_image\" \/>\n<meta name=\"twitter:creator\" content=\"@FutbolHoyCol\" \/>\n<meta name=\"twitter:site\" content=\"@FutbolHoyCol\" \/>\n<meta name=\"twitter:label1\" content=\"Escrito por\" \/>\n\t<meta name=\"twitter:data1\" content=\"Cristian Pinzon\" \/>\n\t<meta name=\"twitter:label2\" content=\"Tiempo de lectura\" \/>\n\t<meta name=\"twitter:data2\" content=\"2 minutos\" \/>\n<script type=\"application\/ld+json\" class=\"yoast-schema-graph\">{\"@context\":\"https:\\\/\\\/schema.org\",\"@graph\":[{\"@type\":\"Article\",\"@id\":\"https:\\\/\\\/futbolhoy.co\\\/index.php\\\/2026\\\/08\\\/30\\\/alfredo-arias-y-un-desplante-en-rueda-de-prensa-del-junior\\\/#article\",\"isPartOf\":{\"@id\":\"https:\\\/\\\/futbolhoy.co\\\/index.php\\\/2026\\\/08\\\/30\\\/alfredo-arias-y-un-desplante-en-rueda-de-prensa-del-junior\\\/\"},\"author\":{\"name\":\"Cristian Pinzon\",\"@id\":\"https:\\\/\\\/futbolhoy.co\\\/#\\\/schema\\\/person\\\/3631d0513b65c6249db5b1cff87011f0\"},\"headline\":\"Alfredo Arias y un desplante en rueda de prensa del Junior\",\"datePublished\":\"2026-08-30T16:37:58+00:00\",\"dateModified\":\"2026-08-31T15:24:13+00:00\",\"mainEntityOfPage\":{\"@id\":\"https:\\\/\\\/futbolhoy.co\\\/index.php\\\/2026\\\/08\\\/30\\\/alfredo-arias-y-un-desplante-en-rueda-de-prensa-del-junior\\\/\"},\"wordCount\":391,\"image\":{\"@id\":\"https:\\\/\\\/futbolhoy.co\\\/index.php\\\/2026\\\/08\\\/30\\\/alfredo-arias-y-un-desplante-en-rueda-de-prensa-del-junior\\\/#primaryimage\"},\"thumbnailUrl\":\"https:\\\/\\\/futbolhoy.co\\\/wp-content\\\/uploads\\\/2026\\\/08\\\/WhatsApp-Image-2026-08-30-at-8.22.12-AM.jpeg\",\"articleSection\":[\"Liga BetPlay\"],\"inLanguage\":\"es\"},{\"@type\":\"WebPage\",\"@id\":\"https:\\\/\\\/futbolhoy.co\\\/index.php\\\/2026\\\/08\\\/30\\\/alfredo-arias-y-un-desplante-en-rueda-de-prensa-del-junior\\\/\",\"url\":\"https:\\\/\\\/futbolhoy.co\\\/index.php\\\/2026\\\/08\\\/30\\\/alfredo-arias-y-un-desplante-en-rueda-de-prensa-del-junior\\\/\",\"name\":\"Alfredo Arias y un desplante en rueda de prensa del Junior -\",\"isPartOf\":{\"@id\":\"https:\\\/\\\/futbolhoy.co\\\/#website\"},\"primaryImageOfPage\":{\"@id\":\"https:\\\/\\\/futbolhoy.co\\\/index.php\\\/2026\\\/08\\\/30\\\/alfredo-arias-y-un-desplante-en-rueda-de-prensa-del-junior\\\/#primaryimage\"},\"image\":{\"@id\":\"https:\\\/\\\/futbolhoy.co\\\/index.php\\\/2026\\\/08\\\/30\\\/alfredo-arias-y-un-desplante-en-rueda-de-prensa-del-junior\\\/#primaryimage\"},\"thumbnailUrl\":\"https:\\\/\\\/futbolhoy.co\\\/wp-content\\\/uploads\\\/2026\\\/08\\\/WhatsApp-Image-2026-08-30-at-8.22.12-AM.jpeg\",\"datePublished\":\"2026-08-30T16:37:58+00:00\",\"dateModified\":\"2026-08-31T15:24:13+00:00\",\"author\":{\"@id\":\"https:\\\/\\\/futbolhoy.co\\\/#\\\/schema\\\/person\\\/3631d0513b65c6249db5b1cff87011f0\"},\"breadcrumb\":{\"@id\":\"https:\\\/\\\/futbolhoy.co\\\/index.php\\\/2026\\\/08\\\/30\\\/alfredo-arias-y-un-desplante-en-rueda-de-prensa-del-junior\\\/#breadcrumb\"},\"inLanguage\":\"es\",\"potentialAction\":[{\"@type\":\"ReadAction\",\"target\":[\"https:\\\/\\\/futbolhoy.co\\\/index.php\\\/2026\\\/08\\\/30\\\/alfredo-arias-y-un-desplante-en-rueda-de-prensa-del-junior\\\/\"]}]},{\"@type\":\"ImageObject\",\"inLanguage\":\"es\",\"@id\":\"https:\\\/\\\/futbolhoy.co\\\/index.php\\\/2026\\\/08\\\/30\\\/alfredo-arias-y-un-desplante-en-rueda-de-prensa-del-junior\\\/#primaryimage\",\"url\":\"https:\\\/\\\/futbolhoy.co\\\/wp-content\\\/uploads\\\/2026\\\/08\\\/WhatsApp-Image-2026-08-30-at-8.22.12-AM.jpeg\",\"contentUrl\":\"https:\\\/\\\/futbolhoy.co\\\/wp-content\\\/uploads\\\/2026\\\/08\\\/WhatsApp-Image-2026-08-30-at-8.22.12-AM.jpeg\",\"width\":1095,\"height\":743},{\"@type\":\"BreadcrumbList\",\"@id\":\"https:\\\/\\\/futbolhoy.co\\\/index.php\\\/2026\\\/08\\\/30\\\/alfredo-arias-y-un-desplante-en-rueda-de-prensa-del-junior\\\/#breadcrumb\",\"itemListElement\":[{\"@type\":\"ListItem\",\"position\":1,\"name\":\"Portada\",\"item\":\"https:\\\/\\\/futbolhoy.co\\\/\"},{\"@type\":\"ListItem\",\"position\":2,\"name\":\"Alfredo Arias y un desplante en rueda de prensa del Junior\"}]},{\"@type\":\"WebSite\",\"@id\":\"https:\\\/\\\/futbolhoy.co\\\/#website\",\"url\":\"https:\\\/\\\/futbolhoy.co\\\/\",\"name\":\"FutbolHoy\",\"description\":\"\",\"potentialAction\":[{\"@type\":\"SearchAction\",\"target\":{\"@type\":\"EntryPoint\",\"urlTemplate\":\"https:\\\/\\\/futbolhoy.co\\\/?s={search_term_string}\"},\"query-input\":{\"@type\":\"PropertyValueSpecification\",\"valueRequired\":true,\"valueName\":\"search_term_string\"}}],\"inLanguage\":\"es\"},{\"@type\":\"Person\",\"@id\":\"https:\\\/\\\/futbolhoy.co\\\/#\\\/schema\\\/person\\\/3631d0513b65c6249db5b1cff87011f0\",\"name\":\"Cristian Pinzon\",\"image\":{\"@type\":\"ImageObject\",\"inLanguage\":\"es\",\"@id\":\"https:\\\/\\\/secure.gravatar.com\\\/avatar\\\/9ec15fa010fd99c9e11e37948e85beef0a90c7daa64afd7860f1539c39ba9f90?s=96&d=mm&r=g\",\"url\":\"https:\\\/\\\/secure.gravatar.com\\\/avatar\\\/9ec15fa010fd99c9e11e37948e85beef0a90c7daa64afd7860f1539c39ba9f90?s=96&d=mm&r=g\",\"contentUrl\":\"https:\\\/\\\/secure.gravatar.com\\\/avatar\\\/9ec15fa010fd99c9e11e37948e85beef0a90c7daa64afd7860f1539c39ba9f90?s=96&d=mm&r=g\",\"caption\":\"Cristian Pinzon\"}}]}<\/script>\n<!-- \/ Yoast SEO plugin. -->","yoast_head_json":{"title":"Alfredo Arias y un desplante en rueda de prensa del Junior -","robots":{"index":"index","follow":"follow","max-snippet":"max-snippet:-1","max-image-preview":"max-image-preview:large","max-video-preview":"max-video-preview:-1"},"canonical":"https:\/\/futbolhoy.co\/index.php\/2026\/08\/30\/alfredo-arias-y-un-desplante-en-rueda-de-prensa-del-junior\/","og_locale":"es_ES","og_type":"article","og_title":"Alfredo Arias y un desplante en rueda de prensa del Junior -","og_description":"El t\u00e9cnico del Junior de Barranquilla, Alfredo Arias, est\u00e1 siendo blanco de cr\u00edticas por el nivel que est\u00e1 teniendo el equipo, pues empataron 1-1 con Santa Fe y acumularon 7 partidos sin poder ganar. Tras el encuentro en el Romelio Mart\u00ednez, el entrenador uruguayo acudi\u00f3 a la rueda de prensa en compa\u00f1\u00eda de Fabi\u00e1n \u00c1ngel [&hellip;]","og_url":"https:\/\/futbolhoy.co\/index.php\/2026\/08\/30\/alfredo-arias-y-un-desplante-en-rueda-de-prensa-del-junior\/","article_publisher":"https:\/\/www.facebook.com\/FutbolHoyCol\/","article_published_time":"2026-08-30T16:37:58+00:00","article_modified_time":"2026-08-31T15:24:13+00:00","og_image":[{"width":1095,"height":743,"url":"https:\/\/futbolhoy.co\/wp-content\/uploads\/2026\/08\/WhatsApp-Image-2026-08-30-at-8.22.12-AM.jpeg","type":"image\/jpeg"}],"author":"Cristian Pinzon","twitter_card":"summary_large_image","twitter_creator":"@FutbolHoyCol","twitter_site":"@FutbolHoyCol","twitter_misc":{"Escrito por":"Cristian Pinzon","Tiempo de lectura":"2 minutos"},"schema":{"@context":"https:\/\/schema.org","@graph":[{"@type":"Article","@id":"https:\/\/futbolhoy.co\/index.php\/2026\/08\/30\/alfredo-arias-y-un-desplante-en-rueda-de-prensa-del-junior\/#article","isPartOf":{"@id":"https:\/\/futbolhoy.co\/index.php\/2026\/08\/30\/alfredo-arias-y-un-desplante-en-rueda-de-prensa-del-junior\/"},"author":{"name":"Cristian Pinzon","@id":"https:\/\/futbolhoy.co\/#\/schema\/person\/3631d0513b65c6249db5b1cff87011f0"},"headline":"Alfredo Arias y un desplante en rueda de prensa del Junior","datePublished":"2026-08-30T16:37:58+00:00","dateModified":"2026-08-31T15:24:13+00:00","mainEntityOfPage":{"@id":"https:\/\/futbolhoy.co\/index.php\/2026\/08\/30\/alfredo-arias-y-un-desplante-en-rueda-de-prensa-del-junior\/"},"wordCount":391,"image":{"@id":"https:\/\/futbolhoy.co\/index.php\/2026\/08\/30\/alfredo-arias-y-un-desplante-en-rueda-de-prensa-del-junior\/#primaryimage"},"thumbnailUrl":"https:\/\/futbolhoy.co\/wp-content\/uploads\/2026\/08\/WhatsApp-Image-2026-08-30-at-8.22.12-AM.jpeg","articleSection":["Liga BetPlay"],"inLanguage":"es"},{"@type":"WebPage","@id":"https:\/\/futbolhoy.co\/index.php\/2026\/08\/30\/alfredo-arias-y-un-desplante-en-rueda-de-prensa-del-junior\/","url":"https:\/\/futbolhoy.co\/index.php\/2026\/08\/30\/alfredo-arias-y-un-desplante-en-rueda-de-prensa-del-junior\/","name":"Alfredo Arias y un desplante en rueda de prensa del Junior -","isPartOf":{"@id":"https:\/\/futbolhoy.co\/#website"},"primaryImageOfPage":{"@id":"https:\/\/futbolhoy.co\/index.php\/2026\/08\/30\/alfredo-arias-y-un-desplante-en-rueda-de-prensa-del-junior\/#primaryimage"},"image":{"@id":"https:\/\/futbolhoy.co\/index.php\/2026\/08\/30\/alfredo-arias-y-un-desplante-en-rueda-de-prensa-del-junior\/#primaryimage"},"thumbnailUrl":"https:\/\/futbolhoy.co\/wp-content\/uploads\/2026\/08\/WhatsApp-Image-2026-08-30-at-8.22.12-AM.jpeg","datePublished":"2026-08-30T16:37:58+00:00","dateModified":"2026-08-31T15:24:13+00:00","author":{"@id":"https:\/\/futbolhoy.co\/#\/schema\/person\/3631d0513b65c6249db5b1cff87011f0"},"breadcrumb":{"@id":"https:\/\/futbolhoy.co\/index.php\/2026\/08\/30\/alfredo-arias-y-un-desplante-en-rueda-de-prensa-del-junior\/#breadcrumb"},"inLanguage":"es","potentialAction":[{"@type":"ReadAction","target":["https:\/\/futbolhoy.co\/index.php\/2026\/08\/30\/alfredo-arias-y-un-desplante-en-rueda-de-prensa-del-junior\/"]}]},{"@type":"ImageObject","inLanguage":"es","@id":"https:\/\/futbolhoy.co\/index.php\/2026\/08\/30\/alfredo-arias-y-un-desplante-en-rueda-de-prensa-del-junior\/#primaryimage","url":"https:\/\/futbolhoy.co\/wp-content\/uploads\/2026\/08\/WhatsApp-Image-2026-08-30-at-8.22.12-AM.jpeg","contentUrl":"https:\/\/futbolhoy.co\/wp-content\/uploads\/2026\/08\/WhatsApp-Image-2026-08-30-at-8.22.12-AM.jpeg","width":1095,"height":743},{"@type":"BreadcrumbList","@id":"https:\/\/futbolhoy.co\/index.php\/2026\/08\/30\/alfredo-arias-y-un-desplante-en-rueda-de-prensa-del-junior\/#breadcrumb","itemListElement":[{"@type":"ListItem","position":1,"name":"Portada","item":"https:\/\/futbolhoy.co\/"},{"@type":"ListItem","position":2,"name":"Alfredo Arias y un desplante en rueda de prensa del Junior"}]},{"@type":"WebSite","@id":"https:\/\/futbolhoy.co\/#website","url":"https:\/\/futbolhoy.co\/","name":"FutbolHoy","description":"","potentialAction":[{"@type":"SearchAction","target":{"@type":"EntryPoint","urlTemplate":"https:\/\/futbolhoy.co\/?s={search_term_string}"},"query-input":{"@type":"PropertyValueSpecification","valueRequired":true,"valueName":"search_term_string"}}],"inLanguage":"es"},{"@type":"Person","@id":"https:\/\/futbolhoy.co\/#\/schema\/person\/3631d0513b65c6249db5b1cff87011f0","name":"Cristian Pinzon","image":{"@type":"ImageObject","inLanguage":"es","@id":"https:\/\/secure.gravatar.com\/avatar\/9ec15fa010fd99c9e11e37948e85beef0a90c7daa64afd7860f1539c39ba9f90?s=96&d=mm&r=g","url":"https:\/\/secure.gravatar.com\/avatar\/9ec15fa010fd99c9e11e37948e85beef0a90c7daa64afd7860f1539c39ba9f90?s=96&d=mm&r=g","contentUrl":"https:\/\/secure.gravatar.com\/avatar\/9ec15fa010fd99c9e11e37948e85beef0a90c7daa64afd7860f1539c39ba9f90?s=96&d=mm&r=g","caption":"Cristian Pinzon"}}]}},"_links":{"self":[{"href":"https:\/\/futbolhoy.co\/index.php\/wp-json\/wp\/v2\/posts\/134583","targetHints":{"allow":["GET"]}}],"collection":[{"href":"https:\/\/futbolhoy.co\/index.php\/wp-json\/wp\/v2\/posts"}],"about":[{"href":"https:\/\/futbolhoy.co\/index.php\/wp-json\/wp\/v2\/types\/post"}],"author":[{"embeddable":true,"href":"https:\/\/futbolhoy.co\/index.php\/wp-json\/wp\/v2\/users\/16"}],"replies":[{"embeddable":true,"href":"https:\/\/futbolhoy.co\/index.php\/wp-json\/wp\/v2\/comments?post=134583"}],"version-history":[{"count":3,"href":"https:\/\/futbolhoy.co\/index.php\/wp-json\/wp\/v2\/posts\/134583\/revisions"}],"predecessor-version":[{"id":134614,"href":"https:\/\/futbolhoy.co\/index.php\/wp-json\/wp\/v2\/posts\/134583\/revisions\/134614"}],"wp:featuredmedia":[{"embeddable":true,"href":"https:\/\/futbolhoy.co\/index.php\/wp-json\/wp\/v2\/media\/134584"}],"wp:attachment":[{"href":"https:\/\/futbolhoy.co\/index.php\/wp-json\/wp\/v2\/media?parent=134583"}],"wp:term":[{"taxonomy":"category","embeddable":true,"href":"https:\/\/futbolhoy.co\/index.php\/wp-json\/wp\/v2\/categories?post=134583"},{"taxonomy":"post_tag","embeddable":true,"href":"https:\/\/futbolhoy.co\/index.php\/wp-json\/wp\/v2\/tags?post=134583"}],"curies":[{"name":"wp","href":"https:\/\/api.w.org\/{rel}","templated":true}]}}