{"id":134595,"date":"2026-08-30T22:45:12","date_gmt":"2026-08-31T03:45:12","guid":{"rendered":"https:\/\/futbolhoy.co\/?p=134595"},"modified":"2026-08-30T22:45:12","modified_gmt":"2026-08-31T03:45:12","slug":"cali-y-bucaramanga-empatan-agonicamente-en-un-duelo-que-termino-en-gresca","status":"publish","type":"post","link":"https:\/\/futbolhoy.co\/index.php\/2026\/08\/30\/cali-y-bucaramanga-empatan-agonicamente-en-un-duelo-que-termino-en-gresca\/","title":{"rendered":"Cali y Bucaramanga empatan ag\u00f3nicamente en un duelo que termin\u00f3 en gresca"},"content":{"rendered":"<p style=\"text-align: justify;\"><span style=\"font-family: helvetica, arial, sans-serif;\">La jornada dominicial del f\u00fatbol colombiano concluy\u00f3 en el Estadio de Palmaseca con el <strong>ag\u00f3nico empate a un tanto (1-1) entre Deportivo Cali y Atl\u00e9tico Bucaramanga<\/strong>. Aunque hubo varias emociones a lo largo del encuentro, inclu\u00edda una pena m\u00e1xima desperdiciada en el local, los focos terminaron apuntando al amago de invasi\u00f3n y la gresca que hubo al final entre miembros de ambos equipos.<\/span><\/p>\n<p style=\"text-align: justify;\"><span style=\"font-family: helvetica, arial, sans-serif;\">En materia deportiva, la apertura del marcador pudo llegar en la primera parte, cuando fue sancionada, tras revisi\u00f3n en el <strong>VAR<\/strong>, una pena m\u00e1xima por infracci\u00f3n dentro del \u00e1rea contra el <strong>&#8216;Titi&#8217; Rodr\u00edguez<\/strong>. El mismo delantero se hizo cargo de la ejecuci\u00f3n y pate\u00f3 al centro, pero <strong>Christopher Fiermar\u00edn<\/strong> salv\u00f3 con los pies.<\/span><\/p>\n<p style=\"text-align: justify;\"><span style=\"font-family: helvetica, arial, sans-serif;\">El que no fall\u00f3 fue <strong>Jos\u00e9 Garc\u00eda<\/strong> sobre los 72 minutos, cuando aprovech\u00f3 un centro pasado desde sector derecho para cabecear a quemarropa y con ello darle la ventaja a los santandereanos. Bajo este panorama, y con un ambiente hostil por la violencia de los hinchas en las tribunas y el amago de invasi\u00f3n de campo, lleg\u00f3 el empate del Cali con otra pena m\u00e1xima, esta vez por<strong> mano de Kevin Londo\u00f1o<\/strong>. Ahora el turno fue para<strong> Leyser Chaverra<\/strong>, que no perdon\u00f3.<\/span><\/p>\n<p style=\"text-align: justify;\"><span style=\"font-family: helvetica, arial, sans-serif;\">Hasta ah\u00ed hubo f\u00fatbol&#8230; Tras esto, el entrenador <strong>Pablo Peirano<\/strong> entr\u00f3 al campo para reclamar una acci\u00f3n al juez central y el entrenador uruguayo termin\u00f3 manote\u00e1ndose con dos jugadores del Cali, lo cual gener\u00f3 una batalla campal entre jugadores y miembros del cuerpo t\u00e9cnico. Rojas se mostraron y el partido concluy\u00f3 en medio del caos y la violencia&#8230;<\/span><\/p>\n","protected":false},"excerpt":{"rendered":"<p>La jornada dominicial del f\u00fatbol colombiano concluy\u00f3 en el Estadio de Palmaseca con el ag\u00f3nico empate a un tanto (1-1) entre Deportivo Cali y Atl\u00e9tico Bucaramanga. Aunque hubo varias emociones a lo largo del encuentro, inclu\u00edda una pena m\u00e1xima desperdiciada en el local, los focos terminaron apuntando al amago de invasi\u00f3n y la gresca que [&hellip;]<\/p>\n","protected":false},"author":18,"featured_media":134596,"comment_status":"closed","ping_status":"closed","sticky":false,"template":"","format":"standard","meta":{"_acf_changed":false,"footnotes":""},"categories":[5],"tags":[],"class_list":["post-134595","post","type-post","status-publish","format-standard","has-post-thumbnail","category-destacados"],"acf":[],"yoast_head":"<!-- This site is optimized with the Yoast SEO plugin v28.3 - https:\/\/yoast.com\/product\/yoast-seo-wordpress\/ -->\n<title>Cali y Bucaramanga empatan ag\u00f3nicamente en un duelo que termin\u00f3 en gresca -<\/title>\n<meta name=\"robots\" content=\"index, follow, max-snippet:-1, max-image-preview:large, max-video-preview:-1\" \/>\n<link rel=\"canonical\" href=\"https:\/\/futbolhoy.co\/index.php\/2026\/08\/30\/cali-y-bucaramanga-empatan-agonicamente-en-un-duelo-que-termino-en-gresca\/\" \/>\n<meta property=\"og:locale\" content=\"es_ES\" \/>\n<meta property=\"og:type\" content=\"article\" \/>\n<meta property=\"og:title\" content=\"Cali y Bucaramanga empatan ag\u00f3nicamente en un duelo que termin\u00f3 en gresca -\" \/>\n<meta property=\"og:description\" content=\"La jornada dominicial del f\u00fatbol colombiano concluy\u00f3 en el Estadio de Palmaseca con el ag\u00f3nico empate a un tanto (1-1) entre Deportivo Cali y Atl\u00e9tico Bucaramanga. Aunque hubo varias emociones a lo largo del encuentro, inclu\u00edda una pena m\u00e1xima desperdiciada en el local, los focos terminaron apuntando al amago de invasi\u00f3n y la gresca que [&hellip;]\" \/>\n<meta property=\"og:url\" content=\"https:\/\/futbolhoy.co\/index.php\/2026\/08\/30\/cali-y-bucaramanga-empatan-agonicamente-en-un-duelo-que-termino-en-gresca\/\" \/>\n<meta property=\"article:publisher\" content=\"https:\/\/www.facebook.com\/FutbolHoyCol\/\" \/>\n<meta property=\"article:published_time\" content=\"2026-08-31T03:45:12+00:00\" \/>\n<meta property=\"og:image\" content=\"https:\/\/futbolhoy.co\/wp-content\/uploads\/2026\/08\/image-11.png\" \/>\n\t<meta property=\"og:image:width\" content=\"1079\" \/>\n\t<meta property=\"og:image:height\" content=\"699\" \/>\n\t<meta property=\"og:image:type\" content=\"image\/png\" \/>\n<meta name=\"author\" content=\"Christian Felipe Amezquita Ortiz\" \/>\n<meta name=\"twitter:card\" content=\"summary_large_image\" \/>\n<meta name=\"twitter:creator\" content=\"@FutbolHoyCol\" \/>\n<meta name=\"twitter:site\" content=\"@FutbolHoyCol\" \/>\n<meta name=\"twitter:label1\" content=\"Escrito por\" \/>\n\t<meta name=\"twitter:data1\" content=\"Christian Felipe Amezquita Ortiz\" \/>\n\t<meta name=\"twitter:label2\" content=\"Tiempo de lectura\" \/>\n\t<meta name=\"twitter:data2\" content=\"1 minuto\" \/>\n<script type=\"application\/ld+json\" class=\"yoast-schema-graph\">{\"@context\":\"https:\\\/\\\/schema.org\",\"@graph\":[{\"@type\":\"Article\",\"@id\":\"https:\\\/\\\/futbolhoy.co\\\/index.php\\\/2026\\\/08\\\/30\\\/cali-y-bucaramanga-empatan-agonicamente-en-un-duelo-que-termino-en-gresca\\\/#article\",\"isPartOf\":{\"@id\":\"https:\\\/\\\/futbolhoy.co\\\/index.php\\\/2026\\\/08\\\/30\\\/cali-y-bucaramanga-empatan-agonicamente-en-un-duelo-que-termino-en-gresca\\\/\"},\"author\":{\"name\":\"Christian Felipe Amezquita Ortiz\",\"@id\":\"https:\\\/\\\/futbolhoy.co\\\/#\\\/schema\\\/person\\\/fd6655d9c96e8d0be987c569dbef4401\"},\"headline\":\"Cali y Bucaramanga empatan ag\u00f3nicamente en un duelo que termin\u00f3 en gresca\",\"datePublished\":\"2026-08-31T03:45:12+00:00\",\"mainEntityOfPage\":{\"@id\":\"https:\\\/\\\/futbolhoy.co\\\/index.php\\\/2026\\\/08\\\/30\\\/cali-y-bucaramanga-empatan-agonicamente-en-un-duelo-que-termino-en-gresca\\\/\"},\"wordCount\":288,\"image\":{\"@id\":\"https:\\\/\\\/futbolhoy.co\\\/index.php\\\/2026\\\/08\\\/30\\\/cali-y-bucaramanga-empatan-agonicamente-en-un-duelo-que-termino-en-gresca\\\/#primaryimage\"},\"thumbnailUrl\":\"https:\\\/\\\/futbolhoy.co\\\/wp-content\\\/uploads\\\/2026\\\/08\\\/image-11.png\",\"articleSection\":[\"Destacados\"],\"inLanguage\":\"es\"},{\"@type\":\"WebPage\",\"@id\":\"https:\\\/\\\/futbolhoy.co\\\/index.php\\\/2026\\\/08\\\/30\\\/cali-y-bucaramanga-empatan-agonicamente-en-un-duelo-que-termino-en-gresca\\\/\",\"url\":\"https:\\\/\\\/futbolhoy.co\\\/index.php\\\/2026\\\/08\\\/30\\\/cali-y-bucaramanga-empatan-agonicamente-en-un-duelo-que-termino-en-gresca\\\/\",\"name\":\"Cali y Bucaramanga empatan ag\u00f3nicamente en un duelo que termin\u00f3 en gresca -\",\"isPartOf\":{\"@id\":\"https:\\\/\\\/futbolhoy.co\\\/#website\"},\"primaryImageOfPage\":{\"@id\":\"https:\\\/\\\/futbolhoy.co\\\/index.php\\\/2026\\\/08\\\/30\\\/cali-y-bucaramanga-empatan-agonicamente-en-un-duelo-que-termino-en-gresca\\\/#primaryimage\"},\"image\":{\"@id\":\"https:\\\/\\\/futbolhoy.co\\\/index.php\\\/2026\\\/08\\\/30\\\/cali-y-bucaramanga-empatan-agonicamente-en-un-duelo-que-termino-en-gresca\\\/#primaryimage\"},\"thumbnailUrl\":\"https:\\\/\\\/futbolhoy.co\\\/wp-content\\\/uploads\\\/2026\\\/08\\\/image-11.png\",\"datePublished\":\"2026-08-31T03:45:12+00:00\",\"author\":{\"@id\":\"https:\\\/\\\/futbolhoy.co\\\/#\\\/schema\\\/person\\\/fd6655d9c96e8d0be987c569dbef4401\"},\"breadcrumb\":{\"@id\":\"https:\\\/\\\/futbolhoy.co\\\/index.php\\\/2026\\\/08\\\/30\\\/cali-y-bucaramanga-empatan-agonicamente-en-un-duelo-que-termino-en-gresca\\\/#breadcrumb\"},\"inLanguage\":\"es\",\"potentialAction\":[{\"@type\":\"ReadAction\",\"target\":[\"https:\\\/\\\/futbolhoy.co\\\/index.php\\\/2026\\\/08\\\/30\\\/cali-y-bucaramanga-empatan-agonicamente-en-un-duelo-que-termino-en-gresca\\\/\"]}]},{\"@type\":\"ImageObject\",\"inLanguage\":\"es\",\"@id\":\"https:\\\/\\\/futbolhoy.co\\\/index.php\\\/2026\\\/08\\\/30\\\/cali-y-bucaramanga-empatan-agonicamente-en-un-duelo-que-termino-en-gresca\\\/#primaryimage\",\"url\":\"https:\\\/\\\/futbolhoy.co\\\/wp-content\\\/uploads\\\/2026\\\/08\\\/image-11.png\",\"contentUrl\":\"https:\\\/\\\/futbolhoy.co\\\/wp-content\\\/uploads\\\/2026\\\/08\\\/image-11.png\",\"width\":1079,\"height\":699},{\"@type\":\"BreadcrumbList\",\"@id\":\"https:\\\/\\\/futbolhoy.co\\\/index.php\\\/2026\\\/08\\\/30\\\/cali-y-bucaramanga-empatan-agonicamente-en-un-duelo-que-termino-en-gresca\\\/#breadcrumb\",\"itemListElement\":[{\"@type\":\"ListItem\",\"position\":1,\"name\":\"Portada\",\"item\":\"https:\\\/\\\/futbolhoy.co\\\/\"},{\"@type\":\"ListItem\",\"position\":2,\"name\":\"Cali y Bucaramanga empatan ag\u00f3nicamente en un duelo que termin\u00f3 en gresca\"}]},{\"@type\":\"WebSite\",\"@id\":\"https:\\\/\\\/futbolhoy.co\\\/#website\",\"url\":\"https:\\\/\\\/futbolhoy.co\\\/\",\"name\":\"FutbolHoy\",\"description\":\"\",\"potentialAction\":[{\"@type\":\"SearchAction\",\"target\":{\"@type\":\"EntryPoint\",\"urlTemplate\":\"https:\\\/\\\/futbolhoy.co\\\/?s={search_term_string}\"},\"query-input\":{\"@type\":\"PropertyValueSpecification\",\"valueRequired\":true,\"valueName\":\"search_term_string\"}}],\"inLanguage\":\"es\"},{\"@type\":\"Person\",\"@id\":\"https:\\\/\\\/futbolhoy.co\\\/#\\\/schema\\\/person\\\/fd6655d9c96e8d0be987c569dbef4401\",\"name\":\"Christian Felipe Amezquita Ortiz\",\"image\":{\"@type\":\"ImageObject\",\"inLanguage\":\"es\",\"@id\":\"https:\\\/\\\/secure.gravatar.com\\\/avatar\\\/6a1b9e57b97fa86c2c4e887dcc49d71ff8b05649dac810809466547eb33825f4?s=96&d=mm&r=g\",\"url\":\"https:\\\/\\\/secure.gravatar.com\\\/avatar\\\/6a1b9e57b97fa86c2c4e887dcc49d71ff8b05649dac810809466547eb33825f4?s=96&d=mm&r=g\",\"contentUrl\":\"https:\\\/\\\/secure.gravatar.com\\\/avatar\\\/6a1b9e57b97fa86c2c4e887dcc49d71ff8b05649dac810809466547eb33825f4?s=96&d=mm&r=g\",\"caption\":\"Christian Felipe Amezquita Ortiz\"}}]}<\/script>\n<!-- \/ Yoast SEO plugin. -->","yoast_head_json":{"title":"Cali y Bucaramanga empatan ag\u00f3nicamente en un duelo que termin\u00f3 en gresca -","robots":{"index":"index","follow":"follow","max-snippet":"max-snippet:-1","max-image-preview":"max-image-preview:large","max-video-preview":"max-video-preview:-1"},"canonical":"https:\/\/futbolhoy.co\/index.php\/2026\/08\/30\/cali-y-bucaramanga-empatan-agonicamente-en-un-duelo-que-termino-en-gresca\/","og_locale":"es_ES","og_type":"article","og_title":"Cali y Bucaramanga empatan ag\u00f3nicamente en un duelo que termin\u00f3 en gresca -","og_description":"La jornada dominicial del f\u00fatbol colombiano concluy\u00f3 en el Estadio de Palmaseca con el ag\u00f3nico empate a un tanto (1-1) entre Deportivo Cali y Atl\u00e9tico Bucaramanga. Aunque hubo varias emociones a lo largo del encuentro, inclu\u00edda una pena m\u00e1xima desperdiciada en el local, los focos terminaron apuntando al amago de invasi\u00f3n y la gresca que [&hellip;]","og_url":"https:\/\/futbolhoy.co\/index.php\/2026\/08\/30\/cali-y-bucaramanga-empatan-agonicamente-en-un-duelo-que-termino-en-gresca\/","article_publisher":"https:\/\/www.facebook.com\/FutbolHoyCol\/","article_published_time":"2026-08-31T03:45:12+00:00","og_image":[{"width":1079,"height":699,"url":"https:\/\/futbolhoy.co\/wp-content\/uploads\/2026\/08\/image-11.png","type":"image\/png"}],"author":"Christian Felipe Amezquita Ortiz","twitter_card":"summary_large_image","twitter_creator":"@FutbolHoyCol","twitter_site":"@FutbolHoyCol","twitter_misc":{"Escrito por":"Christian Felipe Amezquita Ortiz","Tiempo de lectura":"1 minuto"},"schema":{"@context":"https:\/\/schema.org","@graph":[{"@type":"Article","@id":"https:\/\/futbolhoy.co\/index.php\/2026\/08\/30\/cali-y-bucaramanga-empatan-agonicamente-en-un-duelo-que-termino-en-gresca\/#article","isPartOf":{"@id":"https:\/\/futbolhoy.co\/index.php\/2026\/08\/30\/cali-y-bucaramanga-empatan-agonicamente-en-un-duelo-que-termino-en-gresca\/"},"author":{"name":"Christian Felipe Amezquita Ortiz","@id":"https:\/\/futbolhoy.co\/#\/schema\/person\/fd6655d9c96e8d0be987c569dbef4401"},"headline":"Cali y Bucaramanga empatan ag\u00f3nicamente en un duelo que termin\u00f3 en gresca","datePublished":"2026-08-31T03:45:12+00:00","mainEntityOfPage":{"@id":"https:\/\/futbolhoy.co\/index.php\/2026\/08\/30\/cali-y-bucaramanga-empatan-agonicamente-en-un-duelo-que-termino-en-gresca\/"},"wordCount":288,"image":{"@id":"https:\/\/futbolhoy.co\/index.php\/2026\/08\/30\/cali-y-bucaramanga-empatan-agonicamente-en-un-duelo-que-termino-en-gresca\/#primaryimage"},"thumbnailUrl":"https:\/\/futbolhoy.co\/wp-content\/uploads\/2026\/08\/image-11.png","articleSection":["Destacados"],"inLanguage":"es"},{"@type":"WebPage","@id":"https:\/\/futbolhoy.co\/index.php\/2026\/08\/30\/cali-y-bucaramanga-empatan-agonicamente-en-un-duelo-que-termino-en-gresca\/","url":"https:\/\/futbolhoy.co\/index.php\/2026\/08\/30\/cali-y-bucaramanga-empatan-agonicamente-en-un-duelo-que-termino-en-gresca\/","name":"Cali y Bucaramanga empatan ag\u00f3nicamente en un duelo que termin\u00f3 en gresca -","isPartOf":{"@id":"https:\/\/futbolhoy.co\/#website"},"primaryImageOfPage":{"@id":"https:\/\/futbolhoy.co\/index.php\/2026\/08\/30\/cali-y-bucaramanga-empatan-agonicamente-en-un-duelo-que-termino-en-gresca\/#primaryimage"},"image":{"@id":"https:\/\/futbolhoy.co\/index.php\/2026\/08\/30\/cali-y-bucaramanga-empatan-agonicamente-en-un-duelo-que-termino-en-gresca\/#primaryimage"},"thumbnailUrl":"https:\/\/futbolhoy.co\/wp-content\/uploads\/2026\/08\/image-11.png","datePublished":"2026-08-31T03:45:12+00:00","author":{"@id":"https:\/\/futbolhoy.co\/#\/schema\/person\/fd6655d9c96e8d0be987c569dbef4401"},"breadcrumb":{"@id":"https:\/\/futbolhoy.co\/index.php\/2026\/08\/30\/cali-y-bucaramanga-empatan-agonicamente-en-un-duelo-que-termino-en-gresca\/#breadcrumb"},"inLanguage":"es","potentialAction":[{"@type":"ReadAction","target":["https:\/\/futbolhoy.co\/index.php\/2026\/08\/30\/cali-y-bucaramanga-empatan-agonicamente-en-un-duelo-que-termino-en-gresca\/"]}]},{"@type":"ImageObject","inLanguage":"es","@id":"https:\/\/futbolhoy.co\/index.php\/2026\/08\/30\/cali-y-bucaramanga-empatan-agonicamente-en-un-duelo-que-termino-en-gresca\/#primaryimage","url":"https:\/\/futbolhoy.co\/wp-content\/uploads\/2026\/08\/image-11.png","contentUrl":"https:\/\/futbolhoy.co\/wp-content\/uploads\/2026\/08\/image-11.png","width":1079,"height":699},{"@type":"BreadcrumbList","@id":"https:\/\/futbolhoy.co\/index.php\/2026\/08\/30\/cali-y-bucaramanga-empatan-agonicamente-en-un-duelo-que-termino-en-gresca\/#breadcrumb","itemListElement":[{"@type":"ListItem","position":1,"name":"Portada","item":"https:\/\/futbolhoy.co\/"},{"@type":"ListItem","position":2,"name":"Cali y Bucaramanga empatan ag\u00f3nicamente en un duelo que termin\u00f3 en gresca"}]},{"@type":"WebSite","@id":"https:\/\/futbolhoy.co\/#website","url":"https:\/\/futbolhoy.co\/","name":"FutbolHoy","description":"","potentialAction":[{"@type":"SearchAction","target":{"@type":"EntryPoint","urlTemplate":"https:\/\/futbolhoy.co\/?s={search_term_string}"},"query-input":{"@type":"PropertyValueSpecification","valueRequired":true,"valueName":"search_term_string"}}],"inLanguage":"es"},{"@type":"Person","@id":"https:\/\/futbolhoy.co\/#\/schema\/person\/fd6655d9c96e8d0be987c569dbef4401","name":"Christian Felipe Amezquita Ortiz","image":{"@type":"ImageObject","inLanguage":"es","@id":"https:\/\/secure.gravatar.com\/avatar\/6a1b9e57b97fa86c2c4e887dcc49d71ff8b05649dac810809466547eb33825f4?s=96&d=mm&r=g","url":"https:\/\/secure.gravatar.com\/avatar\/6a1b9e57b97fa86c2c4e887dcc49d71ff8b05649dac810809466547eb33825f4?s=96&d=mm&r=g","contentUrl":"https:\/\/secure.gravatar.com\/avatar\/6a1b9e57b97fa86c2c4e887dcc49d71ff8b05649dac810809466547eb33825f4?s=96&d=mm&r=g","caption":"Christian Felipe Amezquita Ortiz"}}]}},"_links":{"self":[{"href":"https:\/\/futbolhoy.co\/index.php\/wp-json\/wp\/v2\/posts\/134595","targetHints":{"allow":["GET"]}}],"collection":[{"href":"https:\/\/futbolhoy.co\/index.php\/wp-json\/wp\/v2\/posts"}],"about":[{"href":"https:\/\/futbolhoy.co\/index.php\/wp-json\/wp\/v2\/types\/post"}],"author":[{"embeddable":true,"href":"https:\/\/futbolhoy.co\/index.php\/wp-json\/wp\/v2\/users\/18"}],"replies":[{"embeddable":true,"href":"https:\/\/futbolhoy.co\/index.php\/wp-json\/wp\/v2\/comments?post=134595"}],"version-history":[{"count":1,"href":"https:\/\/futbolhoy.co\/index.php\/wp-json\/wp\/v2\/posts\/134595\/revisions"}],"predecessor-version":[{"id":134597,"href":"https:\/\/futbolhoy.co\/index.php\/wp-json\/wp\/v2\/posts\/134595\/revisions\/134597"}],"wp:featuredmedia":[{"embeddable":true,"href":"https:\/\/futbolhoy.co\/index.php\/wp-json\/wp\/v2\/media\/134596"}],"wp:attachment":[{"href":"https:\/\/futbolhoy.co\/index.php\/wp-json\/wp\/v2\/media?parent=134595"}],"wp:term":[{"taxonomy":"category","embeddable":true,"href":"https:\/\/futbolhoy.co\/index.php\/wp-json\/wp\/v2\/categories?post=134595"},{"taxonomy":"post_tag","embeddable":true,"href":"https:\/\/futbolhoy.co\/index.php\/wp-json\/wp\/v2\/tags?post=134595"}],"curies":[{"name":"wp","href":"https:\/\/api.w.org\/{rel}","templated":true}]}}