{"id":134599,"date":"2026-08-31T09:17:45","date_gmt":"2026-08-31T14:17:45","guid":{"rendered":"https:\/\/futbolhoy.co\/?p=134599"},"modified":"2026-08-31T09:17:45","modified_gmt":"2026-08-31T14:17:45","slug":"nottingham-forest-oficializo-el-fichaje-de-daniel-munoz","status":"publish","type":"post","link":"https:\/\/futbolhoy.co\/index.php\/2026\/08\/31\/nottingham-forest-oficializo-el-fichaje-de-daniel-munoz\/","title":{"rendered":"Nottingham Forest oficializ\u00f3 el fichaje de Daniel Mu\u00f1oz"},"content":{"rendered":"<p style=\"text-align: justify;\"><span style=\"font-family: helvetica, arial, sans-serif;\"><strong>Nottingham Forest<\/strong> oficializ\u00f3 el fichaje del lateral colombiano <strong>Daniel Mu\u00f1oz,<\/strong> jugador que llega transferido desde el <strong>Crystal Palace<\/strong> por las pr\u00f3ximas tres temporadas con opci\u00f3n a una m\u00e1s y a cambio de<strong> 25 millones de euros<\/strong>, seg\u00fan ha informado la prensa de Inglaterra.<\/span><\/p>\n<blockquote class=\"twitter-tweet\" data-media-max-width=\"560\">\n<p dir=\"ltr\" lang=\"en\">The ink is dry. \ud83d\udd8b\ufe0f <a href=\"https:\/\/t.co\/4mefRLf8eM\">pic.twitter.com\/4mefRLf8eM<\/a><\/p>\n<p>\u2014 Nottingham Forest (@NFFC) <a href=\"https:\/\/x.com\/NFFC\/status\/2094394774950433080?ref_src=twsrc%5Etfw\">August 31, 2026<\/a><\/p><\/blockquote>\n<p><script async src=\"https:\/\/platform.x.com\/widgets.js\" charset=\"utf-8\"><\/script><\/p>\n<p style=\"text-align: justify;\"><span style=\"font-family: helvetica, arial, sans-serif;\"><strong>\u00abEstoy muy feliz por estar aqu\u00ed y los veo pronto el s\u00e1bado\u00bb,<\/strong> fueron algunas de las primeras palabras del jugador de 30 a\u00f1os tras ser anunciado por su nuevo equipo.<\/span><\/p>\n<p style=\"text-align: justify;\"><span style=\"font-family: helvetica, arial, sans-serif;\">Mu\u00f1oz llega al club pedido directamente por el t\u00e9cnico <strong>Oliver Glasner,<\/strong> con quien coincidi\u00f3 en el Crystal Palace en dos temporadas y con el que se consagraron campeones de la<strong> FA Cup y de la Community Shield, ambos t\u00edtulos conseguidos en el 2025.<\/strong><\/span><\/p>\n<p style=\"text-align: justify;\"><span style=\"font-family: helvetica, arial, sans-serif;\">Nottingham Forest ser\u00e1 el quinto equipo de Daniel Mu\u00f1oz en su carrera como futbolista y el tercero en el f\u00fatbol europeo. El antioque\u00f1o debut\u00f3 en<strong> \u00c1guilas Doradas<\/strong> en el 2017 y desde entonces ha pasado por<strong> Atl\u00e9tico Nacional, el Genk de B\u00e9lgica y el reci\u00e9n mencionado Crystal Palace.<\/strong> En su carrera registra cuatro t\u00edtulos,<strong> una Copa de B\u00e9lgica, la FA Cup, la Community Shield y Conference League,<\/strong> primer t\u00edtulo internacional conseguido por el club ingl\u00e9s.<\/span><\/p>\n<p style=\"text-align: justify;\"><span style=\"font-family: helvetica, arial, sans-serif;\">Su debut con el Nottingham Forest ser\u00eda el pr\u00f3ximo s\u00e1bado, cuando reciban al <strong>Tottenham.<\/strong> Al cabo de dos fechas, su nuevo club figura en el puesto 14 de la Premier League con un solo punto.<\/span><\/p>\n<blockquote class=\"twitter-tweet\" data-media-max-width=\"560\">\n<p dir=\"ltr\" lang=\"en\">Daniel&#8217;s new home. \ud83c\udfe1 <a href=\"https:\/\/t.co\/HFBZiwUmZW\">pic.twitter.com\/HFBZiwUmZW<\/a><\/p>\n<p>\u2014 Nottingham Forest (@NFFC) <a href=\"https:\/\/x.com\/NFFC\/status\/2094409873626669441?ref_src=twsrc%5Etfw\">August 31, 2026<\/a><\/p><\/blockquote>\n<p><script async src=\"https:\/\/platform.x.com\/widgets.js\" charset=\"utf-8\"><\/script><\/p>\n","protected":false},"excerpt":{"rendered":"<p>Nottingham Forest oficializ\u00f3 el fichaje del lateral colombiano Daniel Mu\u00f1oz, jugador que llega transferido desde el Crystal Palace por las pr\u00f3ximas tres temporadas con opci\u00f3n a una m\u00e1s y a cambio de 25 millones de euros, seg\u00fan ha informado la prensa de Inglaterra. The ink is dry. \ud83d\udd8b\ufe0f pic.twitter.com\/4mefRLf8eM \u2014 Nottingham Forest (@NFFC) August 31, [&hellip;]<\/p>\n","protected":false},"author":16,"featured_media":134612,"comment_status":"closed","ping_status":"closed","sticky":false,"template":"","format":"standard","meta":{"_acf_changed":false,"footnotes":""},"categories":[5],"tags":[],"class_list":["post-134599","post","type-post","status-publish","format-standard","has-post-thumbnail","category-destacados"],"acf":[],"yoast_head":"<!-- This site is optimized with the Yoast SEO plugin v28.3 - https:\/\/yoast.com\/product\/yoast-seo-wordpress\/ -->\n<title>Nottingham Forest oficializ\u00f3 el fichaje de Daniel Mu\u00f1oz -<\/title>\n<meta name=\"robots\" content=\"index, follow, max-snippet:-1, max-image-preview:large, max-video-preview:-1\" \/>\n<link rel=\"canonical\" href=\"https:\/\/futbolhoy.co\/index.php\/2026\/08\/31\/nottingham-forest-oficializo-el-fichaje-de-daniel-munoz\/\" \/>\n<meta property=\"og:locale\" content=\"es_ES\" \/>\n<meta property=\"og:type\" content=\"article\" \/>\n<meta property=\"og:title\" content=\"Nottingham Forest oficializ\u00f3 el fichaje de Daniel Mu\u00f1oz -\" \/>\n<meta property=\"og:description\" content=\"Nottingham Forest oficializ\u00f3 el fichaje del lateral colombiano Daniel Mu\u00f1oz, jugador que llega transferido desde el Crystal Palace por las pr\u00f3ximas tres temporadas con opci\u00f3n a una m\u00e1s y a cambio de 25 millones de euros, seg\u00fan ha informado la prensa de Inglaterra. The ink is dry. \ud83d\udd8b\ufe0f pic.twitter.com\/4mefRLf8eM \u2014 Nottingham Forest (@NFFC) August 31, [&hellip;]\" \/>\n<meta property=\"og:url\" content=\"https:\/\/futbolhoy.co\/index.php\/2026\/08\/31\/nottingham-forest-oficializo-el-fichaje-de-daniel-munoz\/\" \/>\n<meta property=\"article:publisher\" content=\"https:\/\/www.facebook.com\/FutbolHoyCol\/\" \/>\n<meta property=\"article:published_time\" content=\"2026-08-31T14:17:45+00:00\" \/>\n<meta property=\"og:image\" content=\"https:\/\/futbolhoy.co\/wp-content\/uploads\/2026\/08\/WhatsApp-Image-2026-08-31-at-9.16.28-AM.jpeg\" \/>\n\t<meta property=\"og:image:width\" content=\"1206\" \/>\n\t<meta property=\"og:image:height\" content=\"925\" \/>\n\t<meta property=\"og:image:type\" content=\"image\/jpeg\" \/>\n<meta name=\"author\" content=\"Cristian Pinzon\" \/>\n<meta name=\"twitter:card\" content=\"summary_large_image\" \/>\n<meta name=\"twitter:creator\" content=\"@FutbolHoyCol\" \/>\n<meta name=\"twitter:site\" content=\"@FutbolHoyCol\" \/>\n<meta name=\"twitter:label1\" content=\"Escrito por\" \/>\n\t<meta name=\"twitter:data1\" content=\"Cristian Pinzon\" \/>\n\t<meta name=\"twitter:label2\" content=\"Tiempo de lectura\" \/>\n\t<meta name=\"twitter:data2\" content=\"1 minuto\" \/>\n<script type=\"application\/ld+json\" class=\"yoast-schema-graph\">{\"@context\":\"https:\\\/\\\/schema.org\",\"@graph\":[{\"@type\":\"Article\",\"@id\":\"https:\\\/\\\/futbolhoy.co\\\/index.php\\\/2026\\\/08\\\/31\\\/nottingham-forest-oficializo-el-fichaje-de-daniel-munoz\\\/#article\",\"isPartOf\":{\"@id\":\"https:\\\/\\\/futbolhoy.co\\\/index.php\\\/2026\\\/08\\\/31\\\/nottingham-forest-oficializo-el-fichaje-de-daniel-munoz\\\/\"},\"author\":{\"name\":\"Cristian Pinzon\",\"@id\":\"https:\\\/\\\/futbolhoy.co\\\/#\\\/schema\\\/person\\\/3631d0513b65c6249db5b1cff87011f0\"},\"headline\":\"Nottingham Forest oficializ\u00f3 el fichaje de Daniel Mu\u00f1oz\",\"datePublished\":\"2026-08-31T14:17:45+00:00\",\"mainEntityOfPage\":{\"@id\":\"https:\\\/\\\/futbolhoy.co\\\/index.php\\\/2026\\\/08\\\/31\\\/nottingham-forest-oficializo-el-fichaje-de-daniel-munoz\\\/\"},\"wordCount\":278,\"image\":{\"@id\":\"https:\\\/\\\/futbolhoy.co\\\/index.php\\\/2026\\\/08\\\/31\\\/nottingham-forest-oficializo-el-fichaje-de-daniel-munoz\\\/#primaryimage\"},\"thumbnailUrl\":\"https:\\\/\\\/futbolhoy.co\\\/wp-content\\\/uploads\\\/2026\\\/08\\\/WhatsApp-Image-2026-08-31-at-9.16.28-AM.jpeg\",\"articleSection\":[\"Destacados\"],\"inLanguage\":\"es\"},{\"@type\":\"WebPage\",\"@id\":\"https:\\\/\\\/futbolhoy.co\\\/index.php\\\/2026\\\/08\\\/31\\\/nottingham-forest-oficializo-el-fichaje-de-daniel-munoz\\\/\",\"url\":\"https:\\\/\\\/futbolhoy.co\\\/index.php\\\/2026\\\/08\\\/31\\\/nottingham-forest-oficializo-el-fichaje-de-daniel-munoz\\\/\",\"name\":\"Nottingham Forest oficializ\u00f3 el fichaje de Daniel Mu\u00f1oz -\",\"isPartOf\":{\"@id\":\"https:\\\/\\\/futbolhoy.co\\\/#website\"},\"primaryImageOfPage\":{\"@id\":\"https:\\\/\\\/futbolhoy.co\\\/index.php\\\/2026\\\/08\\\/31\\\/nottingham-forest-oficializo-el-fichaje-de-daniel-munoz\\\/#primaryimage\"},\"image\":{\"@id\":\"https:\\\/\\\/futbolhoy.co\\\/index.php\\\/2026\\\/08\\\/31\\\/nottingham-forest-oficializo-el-fichaje-de-daniel-munoz\\\/#primaryimage\"},\"thumbnailUrl\":\"https:\\\/\\\/futbolhoy.co\\\/wp-content\\\/uploads\\\/2026\\\/08\\\/WhatsApp-Image-2026-08-31-at-9.16.28-AM.jpeg\",\"datePublished\":\"2026-08-31T14:17:45+00:00\",\"author\":{\"@id\":\"https:\\\/\\\/futbolhoy.co\\\/#\\\/schema\\\/person\\\/3631d0513b65c6249db5b1cff87011f0\"},\"breadcrumb\":{\"@id\":\"https:\\\/\\\/futbolhoy.co\\\/index.php\\\/2026\\\/08\\\/31\\\/nottingham-forest-oficializo-el-fichaje-de-daniel-munoz\\\/#breadcrumb\"},\"inLanguage\":\"es\",\"potentialAction\":[{\"@type\":\"ReadAction\",\"target\":[\"https:\\\/\\\/futbolhoy.co\\\/index.php\\\/2026\\\/08\\\/31\\\/nottingham-forest-oficializo-el-fichaje-de-daniel-munoz\\\/\"]}]},{\"@type\":\"ImageObject\",\"inLanguage\":\"es\",\"@id\":\"https:\\\/\\\/futbolhoy.co\\\/index.php\\\/2026\\\/08\\\/31\\\/nottingham-forest-oficializo-el-fichaje-de-daniel-munoz\\\/#primaryimage\",\"url\":\"https:\\\/\\\/futbolhoy.co\\\/wp-content\\\/uploads\\\/2026\\\/08\\\/WhatsApp-Image-2026-08-31-at-9.16.28-AM.jpeg\",\"contentUrl\":\"https:\\\/\\\/futbolhoy.co\\\/wp-content\\\/uploads\\\/2026\\\/08\\\/WhatsApp-Image-2026-08-31-at-9.16.28-AM.jpeg\",\"width\":1206,\"height\":925},{\"@type\":\"BreadcrumbList\",\"@id\":\"https:\\\/\\\/futbolhoy.co\\\/index.php\\\/2026\\\/08\\\/31\\\/nottingham-forest-oficializo-el-fichaje-de-daniel-munoz\\\/#breadcrumb\",\"itemListElement\":[{\"@type\":\"ListItem\",\"position\":1,\"name\":\"Portada\",\"item\":\"https:\\\/\\\/futbolhoy.co\\\/\"},{\"@type\":\"ListItem\",\"position\":2,\"name\":\"Nottingham Forest oficializ\u00f3 el fichaje de Daniel Mu\u00f1oz\"}]},{\"@type\":\"WebSite\",\"@id\":\"https:\\\/\\\/futbolhoy.co\\\/#website\",\"url\":\"https:\\\/\\\/futbolhoy.co\\\/\",\"name\":\"FutbolHoy\",\"description\":\"\",\"potentialAction\":[{\"@type\":\"SearchAction\",\"target\":{\"@type\":\"EntryPoint\",\"urlTemplate\":\"https:\\\/\\\/futbolhoy.co\\\/?s={search_term_string}\"},\"query-input\":{\"@type\":\"PropertyValueSpecification\",\"valueRequired\":true,\"valueName\":\"search_term_string\"}}],\"inLanguage\":\"es\"},{\"@type\":\"Person\",\"@id\":\"https:\\\/\\\/futbolhoy.co\\\/#\\\/schema\\\/person\\\/3631d0513b65c6249db5b1cff87011f0\",\"name\":\"Cristian Pinzon\",\"image\":{\"@type\":\"ImageObject\",\"inLanguage\":\"es\",\"@id\":\"https:\\\/\\\/secure.gravatar.com\\\/avatar\\\/9ec15fa010fd99c9e11e37948e85beef0a90c7daa64afd7860f1539c39ba9f90?s=96&d=mm&r=g\",\"url\":\"https:\\\/\\\/secure.gravatar.com\\\/avatar\\\/9ec15fa010fd99c9e11e37948e85beef0a90c7daa64afd7860f1539c39ba9f90?s=96&d=mm&r=g\",\"contentUrl\":\"https:\\\/\\\/secure.gravatar.com\\\/avatar\\\/9ec15fa010fd99c9e11e37948e85beef0a90c7daa64afd7860f1539c39ba9f90?s=96&d=mm&r=g\",\"caption\":\"Cristian Pinzon\"}}]}<\/script>\n<!-- \/ Yoast SEO plugin. -->","yoast_head_json":{"title":"Nottingham Forest oficializ\u00f3 el fichaje de Daniel Mu\u00f1oz -","robots":{"index":"index","follow":"follow","max-snippet":"max-snippet:-1","max-image-preview":"max-image-preview:large","max-video-preview":"max-video-preview:-1"},"canonical":"https:\/\/futbolhoy.co\/index.php\/2026\/08\/31\/nottingham-forest-oficializo-el-fichaje-de-daniel-munoz\/","og_locale":"es_ES","og_type":"article","og_title":"Nottingham Forest oficializ\u00f3 el fichaje de Daniel Mu\u00f1oz -","og_description":"Nottingham Forest oficializ\u00f3 el fichaje del lateral colombiano Daniel Mu\u00f1oz, jugador que llega transferido desde el Crystal Palace por las pr\u00f3ximas tres temporadas con opci\u00f3n a una m\u00e1s y a cambio de 25 millones de euros, seg\u00fan ha informado la prensa de Inglaterra. The ink is dry. \ud83d\udd8b\ufe0f pic.twitter.com\/4mefRLf8eM \u2014 Nottingham Forest (@NFFC) August 31, [&hellip;]","og_url":"https:\/\/futbolhoy.co\/index.php\/2026\/08\/31\/nottingham-forest-oficializo-el-fichaje-de-daniel-munoz\/","article_publisher":"https:\/\/www.facebook.com\/FutbolHoyCol\/","article_published_time":"2026-08-31T14:17:45+00:00","og_image":[{"width":1206,"height":925,"url":"https:\/\/futbolhoy.co\/wp-content\/uploads\/2026\/08\/WhatsApp-Image-2026-08-31-at-9.16.28-AM.jpeg","type":"image\/jpeg"}],"author":"Cristian Pinzon","twitter_card":"summary_large_image","twitter_creator":"@FutbolHoyCol","twitter_site":"@FutbolHoyCol","twitter_misc":{"Escrito por":"Cristian Pinzon","Tiempo de lectura":"1 minuto"},"schema":{"@context":"https:\/\/schema.org","@graph":[{"@type":"Article","@id":"https:\/\/futbolhoy.co\/index.php\/2026\/08\/31\/nottingham-forest-oficializo-el-fichaje-de-daniel-munoz\/#article","isPartOf":{"@id":"https:\/\/futbolhoy.co\/index.php\/2026\/08\/31\/nottingham-forest-oficializo-el-fichaje-de-daniel-munoz\/"},"author":{"name":"Cristian Pinzon","@id":"https:\/\/futbolhoy.co\/#\/schema\/person\/3631d0513b65c6249db5b1cff87011f0"},"headline":"Nottingham Forest oficializ\u00f3 el fichaje de Daniel Mu\u00f1oz","datePublished":"2026-08-31T14:17:45+00:00","mainEntityOfPage":{"@id":"https:\/\/futbolhoy.co\/index.php\/2026\/08\/31\/nottingham-forest-oficializo-el-fichaje-de-daniel-munoz\/"},"wordCount":278,"image":{"@id":"https:\/\/futbolhoy.co\/index.php\/2026\/08\/31\/nottingham-forest-oficializo-el-fichaje-de-daniel-munoz\/#primaryimage"},"thumbnailUrl":"https:\/\/futbolhoy.co\/wp-content\/uploads\/2026\/08\/WhatsApp-Image-2026-08-31-at-9.16.28-AM.jpeg","articleSection":["Destacados"],"inLanguage":"es"},{"@type":"WebPage","@id":"https:\/\/futbolhoy.co\/index.php\/2026\/08\/31\/nottingham-forest-oficializo-el-fichaje-de-daniel-munoz\/","url":"https:\/\/futbolhoy.co\/index.php\/2026\/08\/31\/nottingham-forest-oficializo-el-fichaje-de-daniel-munoz\/","name":"Nottingham Forest oficializ\u00f3 el fichaje de Daniel Mu\u00f1oz -","isPartOf":{"@id":"https:\/\/futbolhoy.co\/#website"},"primaryImageOfPage":{"@id":"https:\/\/futbolhoy.co\/index.php\/2026\/08\/31\/nottingham-forest-oficializo-el-fichaje-de-daniel-munoz\/#primaryimage"},"image":{"@id":"https:\/\/futbolhoy.co\/index.php\/2026\/08\/31\/nottingham-forest-oficializo-el-fichaje-de-daniel-munoz\/#primaryimage"},"thumbnailUrl":"https:\/\/futbolhoy.co\/wp-content\/uploads\/2026\/08\/WhatsApp-Image-2026-08-31-at-9.16.28-AM.jpeg","datePublished":"2026-08-31T14:17:45+00:00","author":{"@id":"https:\/\/futbolhoy.co\/#\/schema\/person\/3631d0513b65c6249db5b1cff87011f0"},"breadcrumb":{"@id":"https:\/\/futbolhoy.co\/index.php\/2026\/08\/31\/nottingham-forest-oficializo-el-fichaje-de-daniel-munoz\/#breadcrumb"},"inLanguage":"es","potentialAction":[{"@type":"ReadAction","target":["https:\/\/futbolhoy.co\/index.php\/2026\/08\/31\/nottingham-forest-oficializo-el-fichaje-de-daniel-munoz\/"]}]},{"@type":"ImageObject","inLanguage":"es","@id":"https:\/\/futbolhoy.co\/index.php\/2026\/08\/31\/nottingham-forest-oficializo-el-fichaje-de-daniel-munoz\/#primaryimage","url":"https:\/\/futbolhoy.co\/wp-content\/uploads\/2026\/08\/WhatsApp-Image-2026-08-31-at-9.16.28-AM.jpeg","contentUrl":"https:\/\/futbolhoy.co\/wp-content\/uploads\/2026\/08\/WhatsApp-Image-2026-08-31-at-9.16.28-AM.jpeg","width":1206,"height":925},{"@type":"BreadcrumbList","@id":"https:\/\/futbolhoy.co\/index.php\/2026\/08\/31\/nottingham-forest-oficializo-el-fichaje-de-daniel-munoz\/#breadcrumb","itemListElement":[{"@type":"ListItem","position":1,"name":"Portada","item":"https:\/\/futbolhoy.co\/"},{"@type":"ListItem","position":2,"name":"Nottingham Forest oficializ\u00f3 el fichaje de Daniel Mu\u00f1oz"}]},{"@type":"WebSite","@id":"https:\/\/futbolhoy.co\/#website","url":"https:\/\/futbolhoy.co\/","name":"FutbolHoy","description":"","potentialAction":[{"@type":"SearchAction","target":{"@type":"EntryPoint","urlTemplate":"https:\/\/futbolhoy.co\/?s={search_term_string}"},"query-input":{"@type":"PropertyValueSpecification","valueRequired":true,"valueName":"search_term_string"}}],"inLanguage":"es"},{"@type":"Person","@id":"https:\/\/futbolhoy.co\/#\/schema\/person\/3631d0513b65c6249db5b1cff87011f0","name":"Cristian Pinzon","image":{"@type":"ImageObject","inLanguage":"es","@id":"https:\/\/secure.gravatar.com\/avatar\/9ec15fa010fd99c9e11e37948e85beef0a90c7daa64afd7860f1539c39ba9f90?s=96&d=mm&r=g","url":"https:\/\/secure.gravatar.com\/avatar\/9ec15fa010fd99c9e11e37948e85beef0a90c7daa64afd7860f1539c39ba9f90?s=96&d=mm&r=g","contentUrl":"https:\/\/secure.gravatar.com\/avatar\/9ec15fa010fd99c9e11e37948e85beef0a90c7daa64afd7860f1539c39ba9f90?s=96&d=mm&r=g","caption":"Cristian Pinzon"}}]}},"_links":{"self":[{"href":"https:\/\/futbolhoy.co\/index.php\/wp-json\/wp\/v2\/posts\/134599","targetHints":{"allow":["GET"]}}],"collection":[{"href":"https:\/\/futbolhoy.co\/index.php\/wp-json\/wp\/v2\/posts"}],"about":[{"href":"https:\/\/futbolhoy.co\/index.php\/wp-json\/wp\/v2\/types\/post"}],"author":[{"embeddable":true,"href":"https:\/\/futbolhoy.co\/index.php\/wp-json\/wp\/v2\/users\/16"}],"replies":[{"embeddable":true,"href":"https:\/\/futbolhoy.co\/index.php\/wp-json\/wp\/v2\/comments?post=134599"}],"version-history":[{"count":1,"href":"https:\/\/futbolhoy.co\/index.php\/wp-json\/wp\/v2\/posts\/134599\/revisions"}],"predecessor-version":[{"id":134613,"href":"https:\/\/futbolhoy.co\/index.php\/wp-json\/wp\/v2\/posts\/134599\/revisions\/134613"}],"wp:featuredmedia":[{"embeddable":true,"href":"https:\/\/futbolhoy.co\/index.php\/wp-json\/wp\/v2\/media\/134612"}],"wp:attachment":[{"href":"https:\/\/futbolhoy.co\/index.php\/wp-json\/wp\/v2\/media?parent=134599"}],"wp:term":[{"taxonomy":"category","embeddable":true,"href":"https:\/\/futbolhoy.co\/index.php\/wp-json\/wp\/v2\/categories?post=134599"},{"taxonomy":"post_tag","embeddable":true,"href":"https:\/\/futbolhoy.co\/index.php\/wp-json\/wp\/v2\/tags?post=134599"}],"curies":[{"name":"wp","href":"https:\/\/api.w.org\/{rel}","templated":true}]}}