{"id":134615,"date":"2026-08-31T10:45:24","date_gmt":"2026-08-31T15:45:24","guid":{"rendered":"https:\/\/futbolhoy.co\/?p=134615"},"modified":"2026-08-31T10:45:24","modified_gmt":"2026-08-31T15:45:24","slug":"lionel-messi-anuncio-su-retiro-de-la-seleccion-de-argentina","status":"publish","type":"post","link":"https:\/\/futbolhoy.co\/index.php\/2026\/08\/31\/lionel-messi-anuncio-su-retiro-de-la-seleccion-de-argentina\/","title":{"rendered":"Lionel Messi anunci\u00f3 su retiro de la selecci\u00f3n de Argentina"},"content":{"rendered":"<p style=\"text-align: justify;\"><span style=\"font-family: helvetica, arial, sans-serif;\">El crack argentino <strong>Lionel Messi<\/strong> paraliz\u00f3 al mundo del f\u00fatbol este lunes, <strong>luego de anunciar su retiro de la selecci\u00f3n de su pa\u00eds, <\/strong>semanas despu\u00e9s de la final de la <strong>Copa del Mundo<\/strong> perdida ante <strong>Espa\u00f1a<\/strong> en el estadio <strong>MetLife<\/strong> de la ciudad de<strong> Nueva Jersey.<\/strong><\/span><\/p>\n<p style=\"text-align: justify;\"><span style=\"font-family: helvetica, arial, sans-serif;\"><strong>\u00abDespu\u00e9s de este tiempo que pas\u00f3 desde la final, pens\u00e1ndolo mucho, quiero comunicarles a todos que me retiro de la Selecci\u00f3n\u00bb,<\/strong> inform\u00f3 Messi a trav\u00e9s de su cuenta de Instagram, tras un emotivo comunicado en el que comunica su decisi\u00f3n.<\/span><\/p>\n<p style=\"text-align: justify;\"><span style=\"font-family: helvetica, arial, sans-serif;\">Al respecto, a\u00f1adi\u00f3: \u00abFue una decisi\u00f3n que doli\u00f3 y duele en el alma pero entiendo que es el momento. Les juro que siempre dej\u00e9 todo, no solo los \u00faltimos a\u00f1os que se gan\u00f3 todo antes tambi\u00e9n y siempre pele\u00e9 y me dej\u00e9 todo por esta camiseta, por darles alegr\u00edas y hacer que se sientan orgullosos de ser argentinos a trav\u00e9s del f\u00fatbol\u00bb.<\/span><\/p>\n<p style=\"text-align: justify;\"><span style=\"font-family: helvetica, arial, sans-serif;\">Entre otras cosas, Messi agradeci\u00f3 el apoyo de su los argentinos y de su familia durante los a\u00f1o que estuvo con\u00a0 Gracias por todo el cari\u00f1o de estos 20 a\u00f1os. Voy a extra\u00f1ar mucho escucharlos desde adentro. Ahora voy a ser uno m\u00e1s de ustedes, alentando y bancando siempre desde afuera (en las buenas y en las malas, mucho m\u00e1s).<\/span><\/p>\n<blockquote class=\"instagram-media\" style=\"background: #FFF; border: 0; border-radius: 3px; box-shadow: 0 0 1px 0 rgba(0,0,0,0.5),0 1px 10px 0 rgba(0,0,0,0.15); margin: 1px; max-width: 540px; min-width: 326px; padding: 0; width: calc(100% - 2px);\" data-instgrm-captioned=\"\" data-instgrm-permalink=\"https:\/\/www.instagram.com\/reel\/DctYV2qt6S5\/?utm_source=ig_embed&amp;utm_campaign=loading\" data-instgrm-version=\"14\">\n<div style=\"padding: 16px;\">\n<p>&nbsp;<\/p>\n<div style=\"display: flex; flex-direction: row; align-items: center;\">\n<div style=\"background-color: #f4f4f4; border-radius: 50%; flex-grow: 0; height: 40px; margin-right: 14px; width: 40px;\"><\/div>\n<div style=\"display: flex; flex-direction: column; flex-grow: 1; justify-content: center;\">\n<div style=\"background-color: #f4f4f4; border-radius: 4px; flex-grow: 0; height: 14px; margin-bottom: 6px; width: 100px;\"><\/div>\n<div style=\"background-color: #f4f4f4; border-radius: 4px; flex-grow: 0; height: 14px; width: 60px;\"><\/div>\n<\/div>\n<\/div>\n<div style=\"padding: 19% 0;\"><\/div>\n<div style=\"display: block; height: 50px; margin: 0 auto 12px; width: 50px;\"><\/div>\n<div style=\"padding-top: 8px;\">\n<div style=\"color: #3897f0; font-family: Arial,sans-serif; font-size: 14px; font-style: normal; font-weight: 550; line-height: 18px;\"><span style=\"font-family: helvetica, arial, sans-serif;\">Ver esta publicaci\u00f3n en Instagram<\/span><\/div>\n<\/div>\n<div style=\"padding: 12.5% 0;\"><\/div>\n<div style=\"display: flex; flex-direction: row; margin-bottom: 14px; align-items: center;\">\n<div>\n<div style=\"background-color: #f4f4f4; border-radius: 50%; height: 12.5px; width: 12.5px; transform: translateX(0px) translateY(7px);\"><\/div>\n<div style=\"background-color: #f4f4f4; height: 12.5px; transform: rotate(-45deg) translateX(3px) translateY(1px); width: 12.5px; flex-grow: 0; margin-right: 14px; margin-left: 2px;\"><\/div>\n<div style=\"background-color: #f4f4f4; border-radius: 50%; height: 12.5px; width: 12.5px; transform: translateX(9px) translateY(-18px);\"><\/div>\n<\/div>\n<div style=\"margin-left: 8px;\">\n<div style=\"background-color: #f4f4f4; border-radius: 50%; flex-grow: 0; height: 20px; width: 20px;\"><\/div>\n<div style=\"width: 0; height: 0; border-top: 2px solid transparent; border-left: 6px solid #f4f4f4; border-bottom: 2px solid transparent; transform: translateX(16px) translateY(-4px) rotate(30deg);\"><\/div>\n<\/div>\n<div style=\"margin-left: auto;\">\n<div style=\"width: 0px; border-top: 8px solid #F4F4F4; border-right: 8px solid transparent; transform: translateY(16px);\"><\/div>\n<div style=\"background-color: #f4f4f4; flex-grow: 0; height: 12px; width: 16px; transform: translateY(-4px);\"><\/div>\n<div style=\"width: 0; height: 0; border-top: 8px solid #F4F4F4; border-left: 8px solid transparent; transform: translateY(-4px) translateX(8px);\"><\/div>\n<\/div>\n<\/div>\n<div style=\"display: flex; flex-direction: column; flex-grow: 1; justify-content: center; margin-bottom: 24px;\">\n<div style=\"background-color: #f4f4f4; border-radius: 4px; flex-grow: 0; height: 14px; margin-bottom: 6px; width: 224px;\"><\/div>\n<div style=\"background-color: #f4f4f4; border-radius: 4px; flex-grow: 0; height: 14px; width: 144px;\"><\/div>\n<\/div>\n<p>&nbsp;<\/p>\n<p style=\"color: #c9c8cd; font-family: Arial,sans-serif; font-size: 14px; line-height: 17px; margin-bottom: 0; margin-top: 8px; overflow: hidden; padding: 8px 0 7px; text-align: center; text-overflow: ellipsis; white-space: nowrap;\"><span style=\"font-family: helvetica, arial, sans-serif;\"><a style=\"color: #c9c8cd; font-size: 14px; font-style: normal; font-weight: normal; line-height: 17px; text-decoration: none;\" href=\"https:\/\/www.instagram.com\/reel\/DctYV2qt6S5\/?utm_source=ig_embed&amp;utm_campaign=loading\" target=\"_blank\" rel=\"noopener\">Una publicaci\u00f3n compartida por Leo Messi (@leomessi)<\/a><\/span><\/p>\n<\/div>\n<\/blockquote>\n<p style=\"text-align: justify;\"><span style=\"font-family: helvetica, arial, sans-serif;\"><script async src=\"\/\/www.instagram.com\/embed.js\"><\/script><\/span><\/p>\n<p style=\"text-align: justify;\"><span style=\"font-family: helvetica, arial, sans-serif;\"><strong>Campe\u00f3n del mundo y goleador hist\u00f3rico<\/strong><\/span><\/p>\n<p style=\"text-align: justify;\"><span style=\"font-family: helvetica, arial, sans-serif;\">Messi dice adi\u00f3s a la selecci\u00f3n Argentina con cifras que probablemente nadie pueda superar o al menos no durante muchos a\u00f1os<strong>. El rosarino es el goleador hist\u00f3rico de su pa\u00eds con 116 goles marcados en 198 partidos,<\/strong> siendo tambi\u00e9n el m\u00e1ximo anotador de la Albiceleste<strong> en los Mundiales con 21 tantos<\/strong>. En total aport\u00f3 62 asistencias.\u00a0<\/span><\/p>\n<p style=\"text-align: justify;\"><span style=\"font-family: helvetica, arial, sans-serif;\">Vistiendo la camiseta de su pa\u00eds, Lionel Messi conquist\u00f3 cuatro t\u00edtulos: la <strong>Copa Am\u00e9rica 2021<\/strong>, la <strong>Finalissima 2022<\/strong>, el <strong>Mundial de Qatar 2022<\/strong> y la <strong>Copa Am\u00e9rica 2024<\/strong>.<\/span><\/p>\n","protected":false},"excerpt":{"rendered":"<p>El crack argentino Lionel Messi paraliz\u00f3 al mundo del f\u00fatbol este lunes, luego de anunciar su retiro de la selecci\u00f3n de su pa\u00eds, semanas despu\u00e9s de la final de la Copa del Mundo perdida ante Espa\u00f1a en el estadio MetLife de la ciudad de Nueva Jersey. \u00abDespu\u00e9s de este tiempo que pas\u00f3 desde la final, [&hellip;]<\/p>\n","protected":false},"author":16,"featured_media":134616,"comment_status":"closed","ping_status":"closed","sticky":false,"template":"","format":"standard","meta":{"_acf_changed":false,"footnotes":""},"categories":[5],"tags":[],"class_list":["post-134615","post","type-post","status-publish","format-standard","has-post-thumbnail","category-destacados"],"acf":[],"yoast_head":"<!-- This site is optimized with the Yoast SEO plugin v28.3 - https:\/\/yoast.com\/product\/yoast-seo-wordpress\/ -->\n<title>Lionel Messi anunci\u00f3 su retiro de la selecci\u00f3n de Argentina -<\/title>\n<meta name=\"robots\" content=\"index, follow, max-snippet:-1, max-image-preview:large, max-video-preview:-1\" \/>\n<link rel=\"canonical\" href=\"https:\/\/futbolhoy.co\/index.php\/2026\/08\/31\/lionel-messi-anuncio-su-retiro-de-la-seleccion-de-argentina\/\" \/>\n<meta property=\"og:locale\" content=\"es_ES\" \/>\n<meta property=\"og:type\" content=\"article\" \/>\n<meta property=\"og:title\" content=\"Lionel Messi anunci\u00f3 su retiro de la selecci\u00f3n de Argentina -\" \/>\n<meta property=\"og:description\" content=\"El crack argentino Lionel Messi paraliz\u00f3 al mundo del f\u00fatbol este lunes, luego de anunciar su retiro de la selecci\u00f3n de su pa\u00eds, semanas despu\u00e9s de la final de la Copa del Mundo perdida ante Espa\u00f1a en el estadio MetLife de la ciudad de Nueva Jersey. \u00abDespu\u00e9s de este tiempo que pas\u00f3 desde la final, [&hellip;]\" \/>\n<meta property=\"og:url\" content=\"https:\/\/futbolhoy.co\/index.php\/2026\/08\/31\/lionel-messi-anuncio-su-retiro-de-la-seleccion-de-argentina\/\" \/>\n<meta property=\"article:publisher\" content=\"https:\/\/www.facebook.com\/FutbolHoyCol\/\" \/>\n<meta property=\"article:published_time\" content=\"2026-08-31T15:45:24+00:00\" \/>\n<meta property=\"og:image\" content=\"https:\/\/futbolhoy.co\/wp-content\/uploads\/2026\/08\/WhatsApp-Image-2026-08-31-at-10.44.37-AM.jpeg\" \/>\n\t<meta property=\"og:image:width\" content=\"1206\" \/>\n\t<meta property=\"og:image:height\" content=\"1203\" \/>\n\t<meta property=\"og:image:type\" content=\"image\/jpeg\" \/>\n<meta name=\"author\" content=\"Cristian Pinzon\" \/>\n<meta name=\"twitter:card\" content=\"summary_large_image\" \/>\n<meta name=\"twitter:creator\" content=\"@FutbolHoyCol\" \/>\n<meta name=\"twitter:site\" content=\"@FutbolHoyCol\" \/>\n<meta name=\"twitter:label1\" content=\"Escrito por\" \/>\n\t<meta name=\"twitter:data1\" content=\"Cristian Pinzon\" \/>\n\t<meta name=\"twitter:label2\" content=\"Tiempo de lectura\" \/>\n\t<meta name=\"twitter:data2\" content=\"2 minutos\" \/>\n<script type=\"application\/ld+json\" class=\"yoast-schema-graph\">{\"@context\":\"https:\\\/\\\/schema.org\",\"@graph\":[{\"@type\":\"Article\",\"@id\":\"https:\\\/\\\/futbolhoy.co\\\/index.php\\\/2026\\\/08\\\/31\\\/lionel-messi-anuncio-su-retiro-de-la-seleccion-de-argentina\\\/#article\",\"isPartOf\":{\"@id\":\"https:\\\/\\\/futbolhoy.co\\\/index.php\\\/2026\\\/08\\\/31\\\/lionel-messi-anuncio-su-retiro-de-la-seleccion-de-argentina\\\/\"},\"author\":{\"name\":\"Cristian Pinzon\",\"@id\":\"https:\\\/\\\/futbolhoy.co\\\/#\\\/schema\\\/person\\\/3631d0513b65c6249db5b1cff87011f0\"},\"headline\":\"Lionel Messi anunci\u00f3 su retiro de la selecci\u00f3n de Argentina\",\"datePublished\":\"2026-08-31T15:45:24+00:00\",\"mainEntityOfPage\":{\"@id\":\"https:\\\/\\\/futbolhoy.co\\\/index.php\\\/2026\\\/08\\\/31\\\/lionel-messi-anuncio-su-retiro-de-la-seleccion-de-argentina\\\/\"},\"wordCount\":352,\"image\":{\"@id\":\"https:\\\/\\\/futbolhoy.co\\\/index.php\\\/2026\\\/08\\\/31\\\/lionel-messi-anuncio-su-retiro-de-la-seleccion-de-argentina\\\/#primaryimage\"},\"thumbnailUrl\":\"https:\\\/\\\/futbolhoy.co\\\/wp-content\\\/uploads\\\/2026\\\/08\\\/WhatsApp-Image-2026-08-31-at-10.44.37-AM.jpeg\",\"articleSection\":[\"Destacados\"],\"inLanguage\":\"es\"},{\"@type\":\"WebPage\",\"@id\":\"https:\\\/\\\/futbolhoy.co\\\/index.php\\\/2026\\\/08\\\/31\\\/lionel-messi-anuncio-su-retiro-de-la-seleccion-de-argentina\\\/\",\"url\":\"https:\\\/\\\/futbolhoy.co\\\/index.php\\\/2026\\\/08\\\/31\\\/lionel-messi-anuncio-su-retiro-de-la-seleccion-de-argentina\\\/\",\"name\":\"Lionel Messi anunci\u00f3 su retiro de la selecci\u00f3n de Argentina -\",\"isPartOf\":{\"@id\":\"https:\\\/\\\/futbolhoy.co\\\/#website\"},\"primaryImageOfPage\":{\"@id\":\"https:\\\/\\\/futbolhoy.co\\\/index.php\\\/2026\\\/08\\\/31\\\/lionel-messi-anuncio-su-retiro-de-la-seleccion-de-argentina\\\/#primaryimage\"},\"image\":{\"@id\":\"https:\\\/\\\/futbolhoy.co\\\/index.php\\\/2026\\\/08\\\/31\\\/lionel-messi-anuncio-su-retiro-de-la-seleccion-de-argentina\\\/#primaryimage\"},\"thumbnailUrl\":\"https:\\\/\\\/futbolhoy.co\\\/wp-content\\\/uploads\\\/2026\\\/08\\\/WhatsApp-Image-2026-08-31-at-10.44.37-AM.jpeg\",\"datePublished\":\"2026-08-31T15:45:24+00:00\",\"author\":{\"@id\":\"https:\\\/\\\/futbolhoy.co\\\/#\\\/schema\\\/person\\\/3631d0513b65c6249db5b1cff87011f0\"},\"breadcrumb\":{\"@id\":\"https:\\\/\\\/futbolhoy.co\\\/index.php\\\/2026\\\/08\\\/31\\\/lionel-messi-anuncio-su-retiro-de-la-seleccion-de-argentina\\\/#breadcrumb\"},\"inLanguage\":\"es\",\"potentialAction\":[{\"@type\":\"ReadAction\",\"target\":[\"https:\\\/\\\/futbolhoy.co\\\/index.php\\\/2026\\\/08\\\/31\\\/lionel-messi-anuncio-su-retiro-de-la-seleccion-de-argentina\\\/\"]}]},{\"@type\":\"ImageObject\",\"inLanguage\":\"es\",\"@id\":\"https:\\\/\\\/futbolhoy.co\\\/index.php\\\/2026\\\/08\\\/31\\\/lionel-messi-anuncio-su-retiro-de-la-seleccion-de-argentina\\\/#primaryimage\",\"url\":\"https:\\\/\\\/futbolhoy.co\\\/wp-content\\\/uploads\\\/2026\\\/08\\\/WhatsApp-Image-2026-08-31-at-10.44.37-AM.jpeg\",\"contentUrl\":\"https:\\\/\\\/futbolhoy.co\\\/wp-content\\\/uploads\\\/2026\\\/08\\\/WhatsApp-Image-2026-08-31-at-10.44.37-AM.jpeg\",\"width\":1206,\"height\":1203},{\"@type\":\"BreadcrumbList\",\"@id\":\"https:\\\/\\\/futbolhoy.co\\\/index.php\\\/2026\\\/08\\\/31\\\/lionel-messi-anuncio-su-retiro-de-la-seleccion-de-argentina\\\/#breadcrumb\",\"itemListElement\":[{\"@type\":\"ListItem\",\"position\":1,\"name\":\"Portada\",\"item\":\"https:\\\/\\\/futbolhoy.co\\\/\"},{\"@type\":\"ListItem\",\"position\":2,\"name\":\"Lionel Messi anunci\u00f3 su retiro de la selecci\u00f3n de Argentina\"}]},{\"@type\":\"WebSite\",\"@id\":\"https:\\\/\\\/futbolhoy.co\\\/#website\",\"url\":\"https:\\\/\\\/futbolhoy.co\\\/\",\"name\":\"FutbolHoy\",\"description\":\"\",\"potentialAction\":[{\"@type\":\"SearchAction\",\"target\":{\"@type\":\"EntryPoint\",\"urlTemplate\":\"https:\\\/\\\/futbolhoy.co\\\/?s={search_term_string}\"},\"query-input\":{\"@type\":\"PropertyValueSpecification\",\"valueRequired\":true,\"valueName\":\"search_term_string\"}}],\"inLanguage\":\"es\"},{\"@type\":\"Person\",\"@id\":\"https:\\\/\\\/futbolhoy.co\\\/#\\\/schema\\\/person\\\/3631d0513b65c6249db5b1cff87011f0\",\"name\":\"Cristian Pinzon\",\"image\":{\"@type\":\"ImageObject\",\"inLanguage\":\"es\",\"@id\":\"https:\\\/\\\/secure.gravatar.com\\\/avatar\\\/9ec15fa010fd99c9e11e37948e85beef0a90c7daa64afd7860f1539c39ba9f90?s=96&d=mm&r=g\",\"url\":\"https:\\\/\\\/secure.gravatar.com\\\/avatar\\\/9ec15fa010fd99c9e11e37948e85beef0a90c7daa64afd7860f1539c39ba9f90?s=96&d=mm&r=g\",\"contentUrl\":\"https:\\\/\\\/secure.gravatar.com\\\/avatar\\\/9ec15fa010fd99c9e11e37948e85beef0a90c7daa64afd7860f1539c39ba9f90?s=96&d=mm&r=g\",\"caption\":\"Cristian Pinzon\"}}]}<\/script>\n<!-- \/ Yoast SEO plugin. -->","yoast_head_json":{"title":"Lionel Messi anunci\u00f3 su retiro de la selecci\u00f3n de Argentina -","robots":{"index":"index","follow":"follow","max-snippet":"max-snippet:-1","max-image-preview":"max-image-preview:large","max-video-preview":"max-video-preview:-1"},"canonical":"https:\/\/futbolhoy.co\/index.php\/2026\/08\/31\/lionel-messi-anuncio-su-retiro-de-la-seleccion-de-argentina\/","og_locale":"es_ES","og_type":"article","og_title":"Lionel Messi anunci\u00f3 su retiro de la selecci\u00f3n de Argentina -","og_description":"El crack argentino Lionel Messi paraliz\u00f3 al mundo del f\u00fatbol este lunes, luego de anunciar su retiro de la selecci\u00f3n de su pa\u00eds, semanas despu\u00e9s de la final de la Copa del Mundo perdida ante Espa\u00f1a en el estadio MetLife de la ciudad de Nueva Jersey. \u00abDespu\u00e9s de este tiempo que pas\u00f3 desde la final, [&hellip;]","og_url":"https:\/\/futbolhoy.co\/index.php\/2026\/08\/31\/lionel-messi-anuncio-su-retiro-de-la-seleccion-de-argentina\/","article_publisher":"https:\/\/www.facebook.com\/FutbolHoyCol\/","article_published_time":"2026-08-31T15:45:24+00:00","og_image":[{"width":1206,"height":1203,"url":"https:\/\/futbolhoy.co\/wp-content\/uploads\/2026\/08\/WhatsApp-Image-2026-08-31-at-10.44.37-AM.jpeg","type":"image\/jpeg"}],"author":"Cristian Pinzon","twitter_card":"summary_large_image","twitter_creator":"@FutbolHoyCol","twitter_site":"@FutbolHoyCol","twitter_misc":{"Escrito por":"Cristian Pinzon","Tiempo de lectura":"2 minutos"},"schema":{"@context":"https:\/\/schema.org","@graph":[{"@type":"Article","@id":"https:\/\/futbolhoy.co\/index.php\/2026\/08\/31\/lionel-messi-anuncio-su-retiro-de-la-seleccion-de-argentina\/#article","isPartOf":{"@id":"https:\/\/futbolhoy.co\/index.php\/2026\/08\/31\/lionel-messi-anuncio-su-retiro-de-la-seleccion-de-argentina\/"},"author":{"name":"Cristian Pinzon","@id":"https:\/\/futbolhoy.co\/#\/schema\/person\/3631d0513b65c6249db5b1cff87011f0"},"headline":"Lionel Messi anunci\u00f3 su retiro de la selecci\u00f3n de Argentina","datePublished":"2026-08-31T15:45:24+00:00","mainEntityOfPage":{"@id":"https:\/\/futbolhoy.co\/index.php\/2026\/08\/31\/lionel-messi-anuncio-su-retiro-de-la-seleccion-de-argentina\/"},"wordCount":352,"image":{"@id":"https:\/\/futbolhoy.co\/index.php\/2026\/08\/31\/lionel-messi-anuncio-su-retiro-de-la-seleccion-de-argentina\/#primaryimage"},"thumbnailUrl":"https:\/\/futbolhoy.co\/wp-content\/uploads\/2026\/08\/WhatsApp-Image-2026-08-31-at-10.44.37-AM.jpeg","articleSection":["Destacados"],"inLanguage":"es"},{"@type":"WebPage","@id":"https:\/\/futbolhoy.co\/index.php\/2026\/08\/31\/lionel-messi-anuncio-su-retiro-de-la-seleccion-de-argentina\/","url":"https:\/\/futbolhoy.co\/index.php\/2026\/08\/31\/lionel-messi-anuncio-su-retiro-de-la-seleccion-de-argentina\/","name":"Lionel Messi anunci\u00f3 su retiro de la selecci\u00f3n de Argentina -","isPartOf":{"@id":"https:\/\/futbolhoy.co\/#website"},"primaryImageOfPage":{"@id":"https:\/\/futbolhoy.co\/index.php\/2026\/08\/31\/lionel-messi-anuncio-su-retiro-de-la-seleccion-de-argentina\/#primaryimage"},"image":{"@id":"https:\/\/futbolhoy.co\/index.php\/2026\/08\/31\/lionel-messi-anuncio-su-retiro-de-la-seleccion-de-argentina\/#primaryimage"},"thumbnailUrl":"https:\/\/futbolhoy.co\/wp-content\/uploads\/2026\/08\/WhatsApp-Image-2026-08-31-at-10.44.37-AM.jpeg","datePublished":"2026-08-31T15:45:24+00:00","author":{"@id":"https:\/\/futbolhoy.co\/#\/schema\/person\/3631d0513b65c6249db5b1cff87011f0"},"breadcrumb":{"@id":"https:\/\/futbolhoy.co\/index.php\/2026\/08\/31\/lionel-messi-anuncio-su-retiro-de-la-seleccion-de-argentina\/#breadcrumb"},"inLanguage":"es","potentialAction":[{"@type":"ReadAction","target":["https:\/\/futbolhoy.co\/index.php\/2026\/08\/31\/lionel-messi-anuncio-su-retiro-de-la-seleccion-de-argentina\/"]}]},{"@type":"ImageObject","inLanguage":"es","@id":"https:\/\/futbolhoy.co\/index.php\/2026\/08\/31\/lionel-messi-anuncio-su-retiro-de-la-seleccion-de-argentina\/#primaryimage","url":"https:\/\/futbolhoy.co\/wp-content\/uploads\/2026\/08\/WhatsApp-Image-2026-08-31-at-10.44.37-AM.jpeg","contentUrl":"https:\/\/futbolhoy.co\/wp-content\/uploads\/2026\/08\/WhatsApp-Image-2026-08-31-at-10.44.37-AM.jpeg","width":1206,"height":1203},{"@type":"BreadcrumbList","@id":"https:\/\/futbolhoy.co\/index.php\/2026\/08\/31\/lionel-messi-anuncio-su-retiro-de-la-seleccion-de-argentina\/#breadcrumb","itemListElement":[{"@type":"ListItem","position":1,"name":"Portada","item":"https:\/\/futbolhoy.co\/"},{"@type":"ListItem","position":2,"name":"Lionel Messi anunci\u00f3 su retiro de la selecci\u00f3n de Argentina"}]},{"@type":"WebSite","@id":"https:\/\/futbolhoy.co\/#website","url":"https:\/\/futbolhoy.co\/","name":"FutbolHoy","description":"","potentialAction":[{"@type":"SearchAction","target":{"@type":"EntryPoint","urlTemplate":"https:\/\/futbolhoy.co\/?s={search_term_string}"},"query-input":{"@type":"PropertyValueSpecification","valueRequired":true,"valueName":"search_term_string"}}],"inLanguage":"es"},{"@type":"Person","@id":"https:\/\/futbolhoy.co\/#\/schema\/person\/3631d0513b65c6249db5b1cff87011f0","name":"Cristian Pinzon","image":{"@type":"ImageObject","inLanguage":"es","@id":"https:\/\/secure.gravatar.com\/avatar\/9ec15fa010fd99c9e11e37948e85beef0a90c7daa64afd7860f1539c39ba9f90?s=96&d=mm&r=g","url":"https:\/\/secure.gravatar.com\/avatar\/9ec15fa010fd99c9e11e37948e85beef0a90c7daa64afd7860f1539c39ba9f90?s=96&d=mm&r=g","contentUrl":"https:\/\/secure.gravatar.com\/avatar\/9ec15fa010fd99c9e11e37948e85beef0a90c7daa64afd7860f1539c39ba9f90?s=96&d=mm&r=g","caption":"Cristian Pinzon"}}]}},"_links":{"self":[{"href":"https:\/\/futbolhoy.co\/index.php\/wp-json\/wp\/v2\/posts\/134615","targetHints":{"allow":["GET"]}}],"collection":[{"href":"https:\/\/futbolhoy.co\/index.php\/wp-json\/wp\/v2\/posts"}],"about":[{"href":"https:\/\/futbolhoy.co\/index.php\/wp-json\/wp\/v2\/types\/post"}],"author":[{"embeddable":true,"href":"https:\/\/futbolhoy.co\/index.php\/wp-json\/wp\/v2\/users\/16"}],"replies":[{"embeddable":true,"href":"https:\/\/futbolhoy.co\/index.php\/wp-json\/wp\/v2\/comments?post=134615"}],"version-history":[{"count":1,"href":"https:\/\/futbolhoy.co\/index.php\/wp-json\/wp\/v2\/posts\/134615\/revisions"}],"predecessor-version":[{"id":134617,"href":"https:\/\/futbolhoy.co\/index.php\/wp-json\/wp\/v2\/posts\/134615\/revisions\/134617"}],"wp:featuredmedia":[{"embeddable":true,"href":"https:\/\/futbolhoy.co\/index.php\/wp-json\/wp\/v2\/media\/134616"}],"wp:attachment":[{"href":"https:\/\/futbolhoy.co\/index.php\/wp-json\/wp\/v2\/media?parent=134615"}],"wp:term":[{"taxonomy":"category","embeddable":true,"href":"https:\/\/futbolhoy.co\/index.php\/wp-json\/wp\/v2\/categories?post=134615"},{"taxonomy":"post_tag","embeddable":true,"href":"https:\/\/futbolhoy.co\/index.php\/wp-json\/wp\/v2\/tags?post=134615"}],"curies":[{"name":"wp","href":"https:\/\/api.w.org\/{rel}","templated":true}]}}