{"id":134624,"date":"2026-08-31T17:02:46","date_gmt":"2026-08-31T22:02:46","guid":{"rendered":"https:\/\/futbolhoy.co\/?p=134624"},"modified":"2026-08-31T17:02:46","modified_gmt":"2026-08-31T22:02:46","slug":"barcelona-golea-al-rayo-vallecano-y-asi-quedo-la-tabla-de-posiciones-de-laliga","status":"publish","type":"post","link":"https:\/\/futbolhoy.co\/index.php\/2026\/08\/31\/barcelona-golea-al-rayo-vallecano-y-asi-quedo-la-tabla-de-posiciones-de-laliga\/","title":{"rendered":"Barcelona golea al Rayo Vallecano y as\u00ed qued\u00f3 la tabla de posiciones de LaLiga"},"content":{"rendered":"<p style=\"text-align: justify;\"><span style=\"font-family: helvetica, arial, sans-serif;\">Los delanteros <strong>Lamine Yamal y Raphinha<\/strong>, autores de sendos dobletes, y el extremo<strong> Anthony Gordon<\/strong>, que firm\u00f3 una asistencia y provoc\u00f3 el gol en propia porter\u00eda de <strong>Florian Lejeune<\/strong>, guiaron al <strong>Barcelona hacia el tercer triunfo (5-2) en LaLiga EA Sports<\/strong> <strong>ante un Rayo Vallecano<\/strong> que tute\u00f3 al vigente campe\u00f3n gracias la portentosa actuaci\u00f3n del bigoleador <strong>Sergio Camello<\/strong>.<\/span><\/p>\n<p><span style=\"font-family: helvetica, arial, sans-serif;\"><strong>\u00c1lvaro Garc\u00eda<\/strong>, ubicado en el extremo derecho, fue protagonista del tanto con el que el conjunto visitante sorprendi\u00f3 al vigente campe\u00f3n en el minuto 12. El mediapunta andaluz dej\u00f3 en evidencia a <strong>Kound\u00e9<\/strong>, titular en detrimento de <strong>Eric Garc\u00eda<\/strong> en el lateral derecho, y asisti\u00f3 con precisi\u00f3n a<strong> Sergio Camello<\/strong> que, con el pie tenso, clav\u00f3 el bal\u00f3n en la escuadra.<\/span><\/p>\n<p><span style=\"font-family: helvetica, arial, sans-serif;\">El gol -el primero que recibe Joan Garcia en LaLiga- fue un accidente tras un inicio estimulante del Bar\u00e7a, que no par\u00f3 de presionar y generar llegadas. Encontr\u00f3 la finura en el minuto 19, con una triangulaci\u00f3n entre P<strong>edri, Xavi Espart y Raphinha<\/strong>, que se zaf\u00f3 de la defensa vallecana con un regate, propio de un delantero centro, para superar con clase al guardameta rival.<\/span><\/p>\n<p style=\"text-align: justify;\"><span style=\"font-family: helvetica, arial, sans-serif;\">Asfixiaba el conjunto catal\u00e1n al Rayo con su presi\u00f3n y tard\u00f3 1 minuto y 41 segundos en marcar el tanto con el que daba la vuelta al marcador. Si en el primer gol, el Bar\u00e7a desarbol\u00f3 al Rayo en pocos toques, en el segundo el talento de<strong> Lamine Yamal<\/strong> marc\u00f3 la diferencia. Tras dos encuentros, ante el Elche y el Athletic Club, en los que se le vio algo contrariado por no haber sido decisivo de cara a porter\u00eda, el delantero de Matar\u00f3 volvi\u00f3 a sonre\u00edr con un <strong>zapatazo con la zurda<\/strong> que sac\u00f3 las telara\u00f1as de la escuadra corta.<\/span><\/p>\n<p style=\"text-align: justify;\"><span style=\"font-family: helvetica, arial, sans-serif;\">En la reanudaci\u00f3n, avanz\u00f3 las l\u00edneas el <strong>Rayo<\/strong> con una presi\u00f3n arriesgada, que incomod\u00f3 al <strong>Barcelona<\/strong> en la salida de bal\u00f3n pero que, a su vez, le permit\u00eda generar peligro merced a velocistas como <strong>Gordon<\/strong>. El ingl\u00e9s apareci\u00f3 con un incursi\u00f3n por la banda izquierda que acab\u00f3 en el gol en propia puerta de <strong>Florian Lejeune<\/strong> al intentar despejar el centro.<\/span><\/p>\n<p><span style=\"font-family: helvetica, arial, sans-serif;\">Tras el tanto, el Bar\u00e7a sigui\u00f3 domando con el bal\u00f3n al <strong>Rayo<\/strong>, que en el minuto 59 volvi\u00f3 a entrar en el partido con otro tanto de <strong>Camello<\/strong>. Esta vez, el \u201810\u2019 del Rayo le gan\u00f3 la partida a <strong>Espart<\/strong> en la salida de un c\u00f3rner y super\u00f3 con la testa a <strong>Joan Garcia<\/strong>.<\/span><\/p>\n<p><span style=\"font-family: helvetica, arial, sans-serif;\">El conjunto catal\u00e1n se redimi\u00f3 de unos minutos de dudas con una combinaci\u00f3n rapid\u00edsima entre <strong>Gordon y Raphinha<\/strong> para sentenciar al Rayo. El ingl\u00e9s dej\u00f3 solo con el tac\u00f3n al brasile\u00f1o que defini\u00f3 con un disparo seco y preciso (4-2, m.71).<\/span><\/p>\n<p><span style=\"font-family: helvetica, arial, sans-serif;\">Pese al mazazo del gol, el Rayo no baj\u00f3 los brazos ante un Bar\u00e7a que, finalmente, no s\u00f3lo sali\u00f3 indemne del intercambio de golpes final sino que acab\u00f3 goleando al Rayo con un tanto de<strong> Lamine Yamal en el minuto 90<\/strong>, tras definir con clase una asistencia de <strong>Adeyemi<\/strong>.<\/span><\/p>\n<h2><span style=\"font-family: helvetica, arial, sans-serif;\">Tabla de posiciones de LaLiga<\/span><\/h2>\n<ol>\n<li><span style=\"font-family: helvetica, arial, sans-serif;\">FC Barcelona &#8211; 9 puntos y +10<\/span><\/li>\n<li><span style=\"font-family: helvetica, arial, sans-serif;\">Real Madrid &#8211; 9 puntos y +8<\/span><\/li>\n<li><span style=\"font-family: helvetica, arial, sans-serif;\">Atl\u00e9tico de Madrid &#8211; 7 puntos y +4<\/span><\/li>\n<li><span style=\"font-family: helvetica, arial, sans-serif;\">Alav\u00e9s &#8211; 7 puntos y +4<\/span><\/li>\n<li><span style=\"font-family: helvetica, arial, sans-serif;\">Osasuna &#8211; 7 puntos y +2<\/span><\/li>\n<li><span style=\"font-family: helvetica, arial, sans-serif;\">Sevilla &#8211; 6 puntos y +1<\/span><\/li>\n<li><span style=\"font-family: helvetica, arial, sans-serif;\">Real Betis &#8211; 6 puntos y -1<\/span><\/li>\n<\/ol>\n","protected":false},"excerpt":{"rendered":"<p>Los delanteros Lamine Yamal y Raphinha, autores de sendos dobletes, y el extremo Anthony Gordon, que firm\u00f3 una asistencia y provoc\u00f3 el gol en propia porter\u00eda de Florian Lejeune, guiaron al Barcelona hacia el tercer triunfo (5-2) en LaLiga EA Sports ante un Rayo Vallecano que tute\u00f3 al vigente campe\u00f3n gracias la portentosa actuaci\u00f3n del [&hellip;]<\/p>\n","protected":false},"author":18,"featured_media":134625,"comment_status":"closed","ping_status":"closed","sticky":false,"template":"","format":"standard","meta":{"_acf_changed":false,"footnotes":""},"categories":[5],"tags":[],"class_list":["post-134624","post","type-post","status-publish","format-standard","has-post-thumbnail","category-destacados"],"acf":[],"yoast_head":"<!-- This site is optimized with the Yoast SEO plugin v28.3 - https:\/\/yoast.com\/product\/yoast-seo-wordpress\/ -->\n<title>Barcelona golea al Rayo Vallecano y as\u00ed qued\u00f3 la tabla de posiciones de LaLiga -<\/title>\n<meta name=\"robots\" content=\"index, follow, max-snippet:-1, max-image-preview:large, max-video-preview:-1\" \/>\n<link rel=\"canonical\" href=\"https:\/\/futbolhoy.co\/index.php\/2026\/08\/31\/barcelona-golea-al-rayo-vallecano-y-asi-quedo-la-tabla-de-posiciones-de-laliga\/\" \/>\n<meta property=\"og:locale\" content=\"es_ES\" \/>\n<meta property=\"og:type\" content=\"article\" \/>\n<meta property=\"og:title\" content=\"Barcelona golea al Rayo Vallecano y as\u00ed qued\u00f3 la tabla de posiciones de LaLiga -\" \/>\n<meta property=\"og:description\" content=\"Los delanteros Lamine Yamal y Raphinha, autores de sendos dobletes, y el extremo Anthony Gordon, que firm\u00f3 una asistencia y provoc\u00f3 el gol en propia porter\u00eda de Florian Lejeune, guiaron al Barcelona hacia el tercer triunfo (5-2) en LaLiga EA Sports ante un Rayo Vallecano que tute\u00f3 al vigente campe\u00f3n gracias la portentosa actuaci\u00f3n del [&hellip;]\" \/>\n<meta property=\"og:url\" content=\"https:\/\/futbolhoy.co\/index.php\/2026\/08\/31\/barcelona-golea-al-rayo-vallecano-y-asi-quedo-la-tabla-de-posiciones-de-laliga\/\" \/>\n<meta property=\"article:publisher\" content=\"https:\/\/www.facebook.com\/FutbolHoyCol\/\" \/>\n<meta property=\"article:published_time\" content=\"2026-08-31T22:02:46+00:00\" \/>\n<meta property=\"og:image\" content=\"https:\/\/futbolhoy.co\/wp-content\/uploads\/2026\/08\/image-12.png\" \/>\n\t<meta property=\"og:image:width\" content=\"1280\" \/>\n\t<meta property=\"og:image:height\" content=\"696\" \/>\n\t<meta property=\"og:image:type\" content=\"image\/png\" \/>\n<meta name=\"author\" content=\"Christian Felipe Amezquita Ortiz\" \/>\n<meta name=\"twitter:card\" content=\"summary_large_image\" \/>\n<meta name=\"twitter:creator\" content=\"@FutbolHoyCol\" \/>\n<meta name=\"twitter:site\" content=\"@FutbolHoyCol\" \/>\n<meta name=\"twitter:label1\" content=\"Escrito por\" \/>\n\t<meta name=\"twitter:data1\" content=\"Christian Felipe Amezquita Ortiz\" \/>\n\t<meta name=\"twitter:label2\" content=\"Tiempo de lectura\" \/>\n\t<meta name=\"twitter:data2\" content=\"3 minutos\" \/>\n<script type=\"application\/ld+json\" class=\"yoast-schema-graph\">{\"@context\":\"https:\\\/\\\/schema.org\",\"@graph\":[{\"@type\":\"Article\",\"@id\":\"https:\\\/\\\/futbolhoy.co\\\/index.php\\\/2026\\\/08\\\/31\\\/barcelona-golea-al-rayo-vallecano-y-asi-quedo-la-tabla-de-posiciones-de-laliga\\\/#article\",\"isPartOf\":{\"@id\":\"https:\\\/\\\/futbolhoy.co\\\/index.php\\\/2026\\\/08\\\/31\\\/barcelona-golea-al-rayo-vallecano-y-asi-quedo-la-tabla-de-posiciones-de-laliga\\\/\"},\"author\":{\"name\":\"Christian Felipe Amezquita Ortiz\",\"@id\":\"https:\\\/\\\/futbolhoy.co\\\/#\\\/schema\\\/person\\\/fd6655d9c96e8d0be987c569dbef4401\"},\"headline\":\"Barcelona golea al Rayo Vallecano y as\u00ed qued\u00f3 la tabla de posiciones de LaLiga\",\"datePublished\":\"2026-08-31T22:02:46+00:00\",\"mainEntityOfPage\":{\"@id\":\"https:\\\/\\\/futbolhoy.co\\\/index.php\\\/2026\\\/08\\\/31\\\/barcelona-golea-al-rayo-vallecano-y-asi-quedo-la-tabla-de-posiciones-de-laliga\\\/\"},\"wordCount\":571,\"image\":{\"@id\":\"https:\\\/\\\/futbolhoy.co\\\/index.php\\\/2026\\\/08\\\/31\\\/barcelona-golea-al-rayo-vallecano-y-asi-quedo-la-tabla-de-posiciones-de-laliga\\\/#primaryimage\"},\"thumbnailUrl\":\"https:\\\/\\\/futbolhoy.co\\\/wp-content\\\/uploads\\\/2026\\\/08\\\/image-12.png\",\"articleSection\":[\"Destacados\"],\"inLanguage\":\"es\"},{\"@type\":\"WebPage\",\"@id\":\"https:\\\/\\\/futbolhoy.co\\\/index.php\\\/2026\\\/08\\\/31\\\/barcelona-golea-al-rayo-vallecano-y-asi-quedo-la-tabla-de-posiciones-de-laliga\\\/\",\"url\":\"https:\\\/\\\/futbolhoy.co\\\/index.php\\\/2026\\\/08\\\/31\\\/barcelona-golea-al-rayo-vallecano-y-asi-quedo-la-tabla-de-posiciones-de-laliga\\\/\",\"name\":\"Barcelona golea al Rayo Vallecano y as\u00ed qued\u00f3 la tabla de posiciones de LaLiga -\",\"isPartOf\":{\"@id\":\"https:\\\/\\\/futbolhoy.co\\\/#website\"},\"primaryImageOfPage\":{\"@id\":\"https:\\\/\\\/futbolhoy.co\\\/index.php\\\/2026\\\/08\\\/31\\\/barcelona-golea-al-rayo-vallecano-y-asi-quedo-la-tabla-de-posiciones-de-laliga\\\/#primaryimage\"},\"image\":{\"@id\":\"https:\\\/\\\/futbolhoy.co\\\/index.php\\\/2026\\\/08\\\/31\\\/barcelona-golea-al-rayo-vallecano-y-asi-quedo-la-tabla-de-posiciones-de-laliga\\\/#primaryimage\"},\"thumbnailUrl\":\"https:\\\/\\\/futbolhoy.co\\\/wp-content\\\/uploads\\\/2026\\\/08\\\/image-12.png\",\"datePublished\":\"2026-08-31T22:02:46+00:00\",\"author\":{\"@id\":\"https:\\\/\\\/futbolhoy.co\\\/#\\\/schema\\\/person\\\/fd6655d9c96e8d0be987c569dbef4401\"},\"breadcrumb\":{\"@id\":\"https:\\\/\\\/futbolhoy.co\\\/index.php\\\/2026\\\/08\\\/31\\\/barcelona-golea-al-rayo-vallecano-y-asi-quedo-la-tabla-de-posiciones-de-laliga\\\/#breadcrumb\"},\"inLanguage\":\"es\",\"potentialAction\":[{\"@type\":\"ReadAction\",\"target\":[\"https:\\\/\\\/futbolhoy.co\\\/index.php\\\/2026\\\/08\\\/31\\\/barcelona-golea-al-rayo-vallecano-y-asi-quedo-la-tabla-de-posiciones-de-laliga\\\/\"]}]},{\"@type\":\"ImageObject\",\"inLanguage\":\"es\",\"@id\":\"https:\\\/\\\/futbolhoy.co\\\/index.php\\\/2026\\\/08\\\/31\\\/barcelona-golea-al-rayo-vallecano-y-asi-quedo-la-tabla-de-posiciones-de-laliga\\\/#primaryimage\",\"url\":\"https:\\\/\\\/futbolhoy.co\\\/wp-content\\\/uploads\\\/2026\\\/08\\\/image-12.png\",\"contentUrl\":\"https:\\\/\\\/futbolhoy.co\\\/wp-content\\\/uploads\\\/2026\\\/08\\\/image-12.png\",\"width\":1280,\"height\":696},{\"@type\":\"BreadcrumbList\",\"@id\":\"https:\\\/\\\/futbolhoy.co\\\/index.php\\\/2026\\\/08\\\/31\\\/barcelona-golea-al-rayo-vallecano-y-asi-quedo-la-tabla-de-posiciones-de-laliga\\\/#breadcrumb\",\"itemListElement\":[{\"@type\":\"ListItem\",\"position\":1,\"name\":\"Portada\",\"item\":\"https:\\\/\\\/futbolhoy.co\\\/\"},{\"@type\":\"ListItem\",\"position\":2,\"name\":\"Barcelona golea al Rayo Vallecano y as\u00ed qued\u00f3 la tabla de posiciones de LaLiga\"}]},{\"@type\":\"WebSite\",\"@id\":\"https:\\\/\\\/futbolhoy.co\\\/#website\",\"url\":\"https:\\\/\\\/futbolhoy.co\\\/\",\"name\":\"FutbolHoy\",\"description\":\"\",\"potentialAction\":[{\"@type\":\"SearchAction\",\"target\":{\"@type\":\"EntryPoint\",\"urlTemplate\":\"https:\\\/\\\/futbolhoy.co\\\/?s={search_term_string}\"},\"query-input\":{\"@type\":\"PropertyValueSpecification\",\"valueRequired\":true,\"valueName\":\"search_term_string\"}}],\"inLanguage\":\"es\"},{\"@type\":\"Person\",\"@id\":\"https:\\\/\\\/futbolhoy.co\\\/#\\\/schema\\\/person\\\/fd6655d9c96e8d0be987c569dbef4401\",\"name\":\"Christian Felipe Amezquita Ortiz\",\"image\":{\"@type\":\"ImageObject\",\"inLanguage\":\"es\",\"@id\":\"https:\\\/\\\/secure.gravatar.com\\\/avatar\\\/6a1b9e57b97fa86c2c4e887dcc49d71ff8b05649dac810809466547eb33825f4?s=96&d=mm&r=g\",\"url\":\"https:\\\/\\\/secure.gravatar.com\\\/avatar\\\/6a1b9e57b97fa86c2c4e887dcc49d71ff8b05649dac810809466547eb33825f4?s=96&d=mm&r=g\",\"contentUrl\":\"https:\\\/\\\/secure.gravatar.com\\\/avatar\\\/6a1b9e57b97fa86c2c4e887dcc49d71ff8b05649dac810809466547eb33825f4?s=96&d=mm&r=g\",\"caption\":\"Christian Felipe Amezquita Ortiz\"}}]}<\/script>\n<!-- \/ Yoast SEO plugin. -->","yoast_head_json":{"title":"Barcelona golea al Rayo Vallecano y as\u00ed qued\u00f3 la tabla de posiciones de LaLiga -","robots":{"index":"index","follow":"follow","max-snippet":"max-snippet:-1","max-image-preview":"max-image-preview:large","max-video-preview":"max-video-preview:-1"},"canonical":"https:\/\/futbolhoy.co\/index.php\/2026\/08\/31\/barcelona-golea-al-rayo-vallecano-y-asi-quedo-la-tabla-de-posiciones-de-laliga\/","og_locale":"es_ES","og_type":"article","og_title":"Barcelona golea al Rayo Vallecano y as\u00ed qued\u00f3 la tabla de posiciones de LaLiga -","og_description":"Los delanteros Lamine Yamal y Raphinha, autores de sendos dobletes, y el extremo Anthony Gordon, que firm\u00f3 una asistencia y provoc\u00f3 el gol en propia porter\u00eda de Florian Lejeune, guiaron al Barcelona hacia el tercer triunfo (5-2) en LaLiga EA Sports ante un Rayo Vallecano que tute\u00f3 al vigente campe\u00f3n gracias la portentosa actuaci\u00f3n del [&hellip;]","og_url":"https:\/\/futbolhoy.co\/index.php\/2026\/08\/31\/barcelona-golea-al-rayo-vallecano-y-asi-quedo-la-tabla-de-posiciones-de-laliga\/","article_publisher":"https:\/\/www.facebook.com\/FutbolHoyCol\/","article_published_time":"2026-08-31T22:02:46+00:00","og_image":[{"width":1280,"height":696,"url":"https:\/\/futbolhoy.co\/wp-content\/uploads\/2026\/08\/image-12.png","type":"image\/png"}],"author":"Christian Felipe Amezquita Ortiz","twitter_card":"summary_large_image","twitter_creator":"@FutbolHoyCol","twitter_site":"@FutbolHoyCol","twitter_misc":{"Escrito por":"Christian Felipe Amezquita Ortiz","Tiempo de lectura":"3 minutos"},"schema":{"@context":"https:\/\/schema.org","@graph":[{"@type":"Article","@id":"https:\/\/futbolhoy.co\/index.php\/2026\/08\/31\/barcelona-golea-al-rayo-vallecano-y-asi-quedo-la-tabla-de-posiciones-de-laliga\/#article","isPartOf":{"@id":"https:\/\/futbolhoy.co\/index.php\/2026\/08\/31\/barcelona-golea-al-rayo-vallecano-y-asi-quedo-la-tabla-de-posiciones-de-laliga\/"},"author":{"name":"Christian Felipe Amezquita Ortiz","@id":"https:\/\/futbolhoy.co\/#\/schema\/person\/fd6655d9c96e8d0be987c569dbef4401"},"headline":"Barcelona golea al Rayo Vallecano y as\u00ed qued\u00f3 la tabla de posiciones de LaLiga","datePublished":"2026-08-31T22:02:46+00:00","mainEntityOfPage":{"@id":"https:\/\/futbolhoy.co\/index.php\/2026\/08\/31\/barcelona-golea-al-rayo-vallecano-y-asi-quedo-la-tabla-de-posiciones-de-laliga\/"},"wordCount":571,"image":{"@id":"https:\/\/futbolhoy.co\/index.php\/2026\/08\/31\/barcelona-golea-al-rayo-vallecano-y-asi-quedo-la-tabla-de-posiciones-de-laliga\/#primaryimage"},"thumbnailUrl":"https:\/\/futbolhoy.co\/wp-content\/uploads\/2026\/08\/image-12.png","articleSection":["Destacados"],"inLanguage":"es"},{"@type":"WebPage","@id":"https:\/\/futbolhoy.co\/index.php\/2026\/08\/31\/barcelona-golea-al-rayo-vallecano-y-asi-quedo-la-tabla-de-posiciones-de-laliga\/","url":"https:\/\/futbolhoy.co\/index.php\/2026\/08\/31\/barcelona-golea-al-rayo-vallecano-y-asi-quedo-la-tabla-de-posiciones-de-laliga\/","name":"Barcelona golea al Rayo Vallecano y as\u00ed qued\u00f3 la tabla de posiciones de LaLiga -","isPartOf":{"@id":"https:\/\/futbolhoy.co\/#website"},"primaryImageOfPage":{"@id":"https:\/\/futbolhoy.co\/index.php\/2026\/08\/31\/barcelona-golea-al-rayo-vallecano-y-asi-quedo-la-tabla-de-posiciones-de-laliga\/#primaryimage"},"image":{"@id":"https:\/\/futbolhoy.co\/index.php\/2026\/08\/31\/barcelona-golea-al-rayo-vallecano-y-asi-quedo-la-tabla-de-posiciones-de-laliga\/#primaryimage"},"thumbnailUrl":"https:\/\/futbolhoy.co\/wp-content\/uploads\/2026\/08\/image-12.png","datePublished":"2026-08-31T22:02:46+00:00","author":{"@id":"https:\/\/futbolhoy.co\/#\/schema\/person\/fd6655d9c96e8d0be987c569dbef4401"},"breadcrumb":{"@id":"https:\/\/futbolhoy.co\/index.php\/2026\/08\/31\/barcelona-golea-al-rayo-vallecano-y-asi-quedo-la-tabla-de-posiciones-de-laliga\/#breadcrumb"},"inLanguage":"es","potentialAction":[{"@type":"ReadAction","target":["https:\/\/futbolhoy.co\/index.php\/2026\/08\/31\/barcelona-golea-al-rayo-vallecano-y-asi-quedo-la-tabla-de-posiciones-de-laliga\/"]}]},{"@type":"ImageObject","inLanguage":"es","@id":"https:\/\/futbolhoy.co\/index.php\/2026\/08\/31\/barcelona-golea-al-rayo-vallecano-y-asi-quedo-la-tabla-de-posiciones-de-laliga\/#primaryimage","url":"https:\/\/futbolhoy.co\/wp-content\/uploads\/2026\/08\/image-12.png","contentUrl":"https:\/\/futbolhoy.co\/wp-content\/uploads\/2026\/08\/image-12.png","width":1280,"height":696},{"@type":"BreadcrumbList","@id":"https:\/\/futbolhoy.co\/index.php\/2026\/08\/31\/barcelona-golea-al-rayo-vallecano-y-asi-quedo-la-tabla-de-posiciones-de-laliga\/#breadcrumb","itemListElement":[{"@type":"ListItem","position":1,"name":"Portada","item":"https:\/\/futbolhoy.co\/"},{"@type":"ListItem","position":2,"name":"Barcelona golea al Rayo Vallecano y as\u00ed qued\u00f3 la tabla de posiciones de LaLiga"}]},{"@type":"WebSite","@id":"https:\/\/futbolhoy.co\/#website","url":"https:\/\/futbolhoy.co\/","name":"FutbolHoy","description":"","potentialAction":[{"@type":"SearchAction","target":{"@type":"EntryPoint","urlTemplate":"https:\/\/futbolhoy.co\/?s={search_term_string}"},"query-input":{"@type":"PropertyValueSpecification","valueRequired":true,"valueName":"search_term_string"}}],"inLanguage":"es"},{"@type":"Person","@id":"https:\/\/futbolhoy.co\/#\/schema\/person\/fd6655d9c96e8d0be987c569dbef4401","name":"Christian Felipe Amezquita Ortiz","image":{"@type":"ImageObject","inLanguage":"es","@id":"https:\/\/secure.gravatar.com\/avatar\/6a1b9e57b97fa86c2c4e887dcc49d71ff8b05649dac810809466547eb33825f4?s=96&d=mm&r=g","url":"https:\/\/secure.gravatar.com\/avatar\/6a1b9e57b97fa86c2c4e887dcc49d71ff8b05649dac810809466547eb33825f4?s=96&d=mm&r=g","contentUrl":"https:\/\/secure.gravatar.com\/avatar\/6a1b9e57b97fa86c2c4e887dcc49d71ff8b05649dac810809466547eb33825f4?s=96&d=mm&r=g","caption":"Christian Felipe Amezquita Ortiz"}}]}},"_links":{"self":[{"href":"https:\/\/futbolhoy.co\/index.php\/wp-json\/wp\/v2\/posts\/134624","targetHints":{"allow":["GET"]}}],"collection":[{"href":"https:\/\/futbolhoy.co\/index.php\/wp-json\/wp\/v2\/posts"}],"about":[{"href":"https:\/\/futbolhoy.co\/index.php\/wp-json\/wp\/v2\/types\/post"}],"author":[{"embeddable":true,"href":"https:\/\/futbolhoy.co\/index.php\/wp-json\/wp\/v2\/users\/18"}],"replies":[{"embeddable":true,"href":"https:\/\/futbolhoy.co\/index.php\/wp-json\/wp\/v2\/comments?post=134624"}],"version-history":[{"count":1,"href":"https:\/\/futbolhoy.co\/index.php\/wp-json\/wp\/v2\/posts\/134624\/revisions"}],"predecessor-version":[{"id":134626,"href":"https:\/\/futbolhoy.co\/index.php\/wp-json\/wp\/v2\/posts\/134624\/revisions\/134626"}],"wp:featuredmedia":[{"embeddable":true,"href":"https:\/\/futbolhoy.co\/index.php\/wp-json\/wp\/v2\/media\/134625"}],"wp:attachment":[{"href":"https:\/\/futbolhoy.co\/index.php\/wp-json\/wp\/v2\/media?parent=134624"}],"wp:term":[{"taxonomy":"category","embeddable":true,"href":"https:\/\/futbolhoy.co\/index.php\/wp-json\/wp\/v2\/categories?post=134624"},{"taxonomy":"post_tag","embeddable":true,"href":"https:\/\/futbolhoy.co\/index.php\/wp-json\/wp\/v2\/tags?post=134624"}],"curies":[{"name":"wp","href":"https:\/\/api.w.org\/{rel}","templated":true}]}}