{"id":134633,"date":"2026-09-01T09:41:53","date_gmt":"2026-09-01T14:41:53","guid":{"rendered":"https:\/\/futbolhoy.co\/?p=134633"},"modified":"2026-09-01T09:41:53","modified_gmt":"2026-09-01T14:41:53","slug":"barcelona-anuncio-a-gabriel-jesus-como-su-nuevo-fichaje","status":"publish","type":"post","link":"https:\/\/futbolhoy.co\/index.php\/2026\/09\/01\/barcelona-anuncio-a-gabriel-jesus-como-su-nuevo-fichaje\/","title":{"rendered":"Barcelona anunci\u00f3 a Gabriel Jesus como su nuevo fichaje"},"content":{"rendered":"<p style=\"text-align: justify;\"><span style=\"font-family: helvetica, arial, sans-serif;\"><strong>Barcelona<\/strong> ha hecho oficial este martes el fichaje del delantero <strong>Gabriel Jesus,<\/strong> procedente del <strong>Arsenal,<\/strong> que firma un contrato de tres temporadas, hasta el 30 de junio de 2029.<\/span><\/p>\n<blockquote class=\"twitter-tweet\" data-media-max-width=\"560\">\n<p dir=\"ltr\" lang=\"es\">\ud83d\udde3\ufe0f Las primeras palabras de Gabriel Jesus como jugador del Bar\u00e7a <a href=\"https:\/\/t.co\/sM8VpvEpAH\">pic.twitter.com\/sM8VpvEpAH<\/a><\/p>\n<p>\u2014 FC Barcelona (@FCBarcelona_es) <a href=\"https:\/\/x.com\/FCBarcelona_es\/status\/2094788870151807319?ref_src=twsrc%5Etfw\">September 1, 2026<\/a><\/p><\/blockquote>\n<p style=\"text-align: justify;\"><script async src=\"https:\/\/platform.x.com\/widgets.js\" charset=\"utf-8\"><\/script><span style=\"font-family: helvetica, arial, sans-serif;\"><strong>La entidad catalana cierra un acuerdo de unos 10 millones de euros m\u00e1s variables con el club ingl\u00e9s<\/strong> para reforzar la posici\u00f3n de delantero centro ante la negativa del <strong>Atl\u00e9tico de Madrid<\/strong> a traspasar al internacional argentino <strong>Juli\u00e1n \u00c1lvarez,<\/strong> que la direcci\u00f3n deportiva azulgrana no descarta con vistas a las pr\u00f3ximas ventanas del mercado de fichajes.<\/span><\/p>\n<p style=\"text-align: justify;\"><span style=\"font-family: helvetica, arial, sans-serif;\">Las primeras informaciones apuntaban a que <strong>Gabriel Jesus,<\/strong> de 29 a\u00f1os, firmar\u00eda por dos temporadas, hasta 2028, m\u00e1s otra opcional, pero finalmente el acuerdo entre las partes <strong>se ha cerrado por tres a\u00f1os fijos,<\/strong> seg\u00fan ha informado la entidad catalana.<\/span><\/p>\n<p style=\"text-align: justify;\"><span style=\"font-family: helvetica, arial, sans-serif;\">Juli\u00e1n \u00c1lvarez era el principal objetivo del Bar\u00e7a en esta ventana de fichajes para ocupar dicho puesto, pero la imposibilidad de negociar el traspaso del argentino con el Atl\u00e9tico de Madrid oblig\u00f3 al Bar\u00e7a a buscar una alternativa en el mercado.<\/span><\/p>\n<p style=\"text-align: justify;\"><span style=\"font-family: helvetica, arial, sans-serif;\">El club azulgrana se decant\u00f3 finalmente por un atacante contrastado en el f\u00fatbol ingl\u00e9s, cuyo rendimiento en el <strong>Manchester City (2017-22) y el Arsenal (2022-26)<\/strong> ha estado marcado por los altibajos debido a las lesiones en la rodilla.<\/span><\/p>\n<p style=\"text-align: justify;\"><span style=\"font-family: helvetica, arial, sans-serif;\">\u00abLos \u00faltimos dos a\u00f1os fueron muy complicados tras la lesi\u00f3n en la rodilla que me dej\u00f3 casi un a\u00f1o fuera. Aparte de eso, estoy muy bien y me encuentro muy bien f\u00edsicamente\u00bb, afirm\u00f3 el futbolista de <strong>Sao Paulo.<\/strong><\/span><\/p>\n","protected":false},"excerpt":{"rendered":"<p>Barcelona ha hecho oficial este martes el fichaje del delantero Gabriel Jesus, procedente del Arsenal, que firma un contrato de tres temporadas, hasta el 30 de junio de 2029. \ud83d\udde3\ufe0f Las primeras palabras de Gabriel Jesus como jugador del Bar\u00e7a pic.twitter.com\/sM8VpvEpAH \u2014 FC Barcelona (@FCBarcelona_es) September 1, 2026 La entidad catalana cierra un acuerdo de [&hellip;]<\/p>\n","protected":false},"author":16,"featured_media":134634,"comment_status":"closed","ping_status":"closed","sticky":false,"template":"","format":"standard","meta":{"_acf_changed":false,"footnotes":""},"categories":[5],"tags":[],"class_list":["post-134633","post","type-post","status-publish","format-standard","has-post-thumbnail","category-destacados"],"acf":[],"yoast_head":"<!-- This site is optimized with the Yoast SEO plugin v28.4 - https:\/\/yoast.com\/product\/yoast-seo-wordpress\/ -->\n<title>Barcelona anunci\u00f3 a Gabriel Jesus como su nuevo fichaje -<\/title>\n<meta name=\"robots\" content=\"index, follow, max-snippet:-1, max-image-preview:large, max-video-preview:-1\" \/>\n<link rel=\"canonical\" href=\"https:\/\/futbolhoy.co\/index.php\/2026\/09\/01\/barcelona-anuncio-a-gabriel-jesus-como-su-nuevo-fichaje\/\" \/>\n<meta property=\"og:locale\" content=\"es_ES\" \/>\n<meta property=\"og:type\" content=\"article\" \/>\n<meta property=\"og:title\" content=\"Barcelona anunci\u00f3 a Gabriel Jesus como su nuevo fichaje -\" \/>\n<meta property=\"og:description\" content=\"Barcelona ha hecho oficial este martes el fichaje del delantero Gabriel Jesus, procedente del Arsenal, que firma un contrato de tres temporadas, hasta el 30 de junio de 2029. \ud83d\udde3\ufe0f Las primeras palabras de Gabriel Jesus como jugador del Bar\u00e7a pic.twitter.com\/sM8VpvEpAH \u2014 FC Barcelona (@FCBarcelona_es) September 1, 2026 La entidad catalana cierra un acuerdo de [&hellip;]\" \/>\n<meta property=\"og:url\" content=\"https:\/\/futbolhoy.co\/index.php\/2026\/09\/01\/barcelona-anuncio-a-gabriel-jesus-como-su-nuevo-fichaje\/\" \/>\n<meta property=\"article:publisher\" content=\"https:\/\/www.facebook.com\/FutbolHoyCol\/\" \/>\n<meta property=\"article:published_time\" content=\"2026-09-01T14:41:53+00:00\" \/>\n<meta property=\"og:image\" content=\"https:\/\/futbolhoy.co\/wp-content\/uploads\/2026\/09\/Captura-de-pantalla-2026-09-01-094111.png\" \/>\n\t<meta property=\"og:image:width\" content=\"777\" \/>\n\t<meta property=\"og:image:height\" content=\"583\" \/>\n\t<meta property=\"og:image:type\" content=\"image\/png\" \/>\n<meta name=\"author\" content=\"Cristian Pinzon\" \/>\n<meta name=\"twitter:card\" content=\"summary_large_image\" \/>\n<meta name=\"twitter:creator\" content=\"@FutbolHoyCol\" \/>\n<meta name=\"twitter:site\" content=\"@FutbolHoyCol\" \/>\n<meta name=\"twitter:label1\" content=\"Escrito por\" \/>\n\t<meta name=\"twitter:data1\" content=\"Cristian Pinzon\" \/>\n\t<meta name=\"twitter:label2\" content=\"Tiempo de lectura\" \/>\n\t<meta name=\"twitter:data2\" content=\"1 minuto\" \/>\n<script type=\"application\/ld+json\" class=\"yoast-schema-graph\">{\"@context\":\"https:\\\/\\\/schema.org\",\"@graph\":[{\"@type\":\"Article\",\"@id\":\"https:\\\/\\\/futbolhoy.co\\\/index.php\\\/2026\\\/09\\\/01\\\/barcelona-anuncio-a-gabriel-jesus-como-su-nuevo-fichaje\\\/#article\",\"isPartOf\":{\"@id\":\"https:\\\/\\\/futbolhoy.co\\\/index.php\\\/2026\\\/09\\\/01\\\/barcelona-anuncio-a-gabriel-jesus-como-su-nuevo-fichaje\\\/\"},\"author\":{\"name\":\"Cristian Pinzon\",\"@id\":\"https:\\\/\\\/futbolhoy.co\\\/#\\\/schema\\\/person\\\/3631d0513b65c6249db5b1cff87011f0\"},\"headline\":\"Barcelona anunci\u00f3 a Gabriel Jesus como su nuevo fichaje\",\"datePublished\":\"2026-09-01T14:41:53+00:00\",\"mainEntityOfPage\":{\"@id\":\"https:\\\/\\\/futbolhoy.co\\\/index.php\\\/2026\\\/09\\\/01\\\/barcelona-anuncio-a-gabriel-jesus-como-su-nuevo-fichaje\\\/\"},\"wordCount\":289,\"image\":{\"@id\":\"https:\\\/\\\/futbolhoy.co\\\/index.php\\\/2026\\\/09\\\/01\\\/barcelona-anuncio-a-gabriel-jesus-como-su-nuevo-fichaje\\\/#primaryimage\"},\"thumbnailUrl\":\"https:\\\/\\\/futbolhoy.co\\\/wp-content\\\/uploads\\\/2026\\\/09\\\/Captura-de-pantalla-2026-09-01-094111.png\",\"articleSection\":[\"Destacados\"],\"inLanguage\":\"es\"},{\"@type\":\"WebPage\",\"@id\":\"https:\\\/\\\/futbolhoy.co\\\/index.php\\\/2026\\\/09\\\/01\\\/barcelona-anuncio-a-gabriel-jesus-como-su-nuevo-fichaje\\\/\",\"url\":\"https:\\\/\\\/futbolhoy.co\\\/index.php\\\/2026\\\/09\\\/01\\\/barcelona-anuncio-a-gabriel-jesus-como-su-nuevo-fichaje\\\/\",\"name\":\"Barcelona anunci\u00f3 a Gabriel Jesus como su nuevo fichaje -\",\"isPartOf\":{\"@id\":\"https:\\\/\\\/futbolhoy.co\\\/#website\"},\"primaryImageOfPage\":{\"@id\":\"https:\\\/\\\/futbolhoy.co\\\/index.php\\\/2026\\\/09\\\/01\\\/barcelona-anuncio-a-gabriel-jesus-como-su-nuevo-fichaje\\\/#primaryimage\"},\"image\":{\"@id\":\"https:\\\/\\\/futbolhoy.co\\\/index.php\\\/2026\\\/09\\\/01\\\/barcelona-anuncio-a-gabriel-jesus-como-su-nuevo-fichaje\\\/#primaryimage\"},\"thumbnailUrl\":\"https:\\\/\\\/futbolhoy.co\\\/wp-content\\\/uploads\\\/2026\\\/09\\\/Captura-de-pantalla-2026-09-01-094111.png\",\"datePublished\":\"2026-09-01T14:41:53+00:00\",\"author\":{\"@id\":\"https:\\\/\\\/futbolhoy.co\\\/#\\\/schema\\\/person\\\/3631d0513b65c6249db5b1cff87011f0\"},\"breadcrumb\":{\"@id\":\"https:\\\/\\\/futbolhoy.co\\\/index.php\\\/2026\\\/09\\\/01\\\/barcelona-anuncio-a-gabriel-jesus-como-su-nuevo-fichaje\\\/#breadcrumb\"},\"inLanguage\":\"es\",\"potentialAction\":[{\"@type\":\"ReadAction\",\"target\":[\"https:\\\/\\\/futbolhoy.co\\\/index.php\\\/2026\\\/09\\\/01\\\/barcelona-anuncio-a-gabriel-jesus-como-su-nuevo-fichaje\\\/\"]}]},{\"@type\":\"ImageObject\",\"inLanguage\":\"es\",\"@id\":\"https:\\\/\\\/futbolhoy.co\\\/index.php\\\/2026\\\/09\\\/01\\\/barcelona-anuncio-a-gabriel-jesus-como-su-nuevo-fichaje\\\/#primaryimage\",\"url\":\"https:\\\/\\\/futbolhoy.co\\\/wp-content\\\/uploads\\\/2026\\\/09\\\/Captura-de-pantalla-2026-09-01-094111.png\",\"contentUrl\":\"https:\\\/\\\/futbolhoy.co\\\/wp-content\\\/uploads\\\/2026\\\/09\\\/Captura-de-pantalla-2026-09-01-094111.png\",\"width\":777,\"height\":583},{\"@type\":\"BreadcrumbList\",\"@id\":\"https:\\\/\\\/futbolhoy.co\\\/index.php\\\/2026\\\/09\\\/01\\\/barcelona-anuncio-a-gabriel-jesus-como-su-nuevo-fichaje\\\/#breadcrumb\",\"itemListElement\":[{\"@type\":\"ListItem\",\"position\":1,\"name\":\"Portada\",\"item\":\"https:\\\/\\\/futbolhoy.co\\\/\"},{\"@type\":\"ListItem\",\"position\":2,\"name\":\"Barcelona anunci\u00f3 a Gabriel Jesus como su nuevo fichaje\"}]},{\"@type\":\"WebSite\",\"@id\":\"https:\\\/\\\/futbolhoy.co\\\/#website\",\"url\":\"https:\\\/\\\/futbolhoy.co\\\/\",\"name\":\"FutbolHoy\",\"description\":\"\",\"potentialAction\":[{\"@type\":\"SearchAction\",\"target\":{\"@type\":\"EntryPoint\",\"urlTemplate\":\"https:\\\/\\\/futbolhoy.co\\\/?s={search_term_string}\"},\"query-input\":{\"@type\":\"PropertyValueSpecification\",\"valueRequired\":true,\"valueName\":\"search_term_string\"}}],\"inLanguage\":\"es\"},{\"@type\":\"Person\",\"@id\":\"https:\\\/\\\/futbolhoy.co\\\/#\\\/schema\\\/person\\\/3631d0513b65c6249db5b1cff87011f0\",\"name\":\"Cristian Pinzon\",\"image\":{\"@type\":\"ImageObject\",\"inLanguage\":\"es\",\"@id\":\"https:\\\/\\\/secure.gravatar.com\\\/avatar\\\/9ec15fa010fd99c9e11e37948e85beef0a90c7daa64afd7860f1539c39ba9f90?s=96&d=mm&r=g\",\"url\":\"https:\\\/\\\/secure.gravatar.com\\\/avatar\\\/9ec15fa010fd99c9e11e37948e85beef0a90c7daa64afd7860f1539c39ba9f90?s=96&d=mm&r=g\",\"contentUrl\":\"https:\\\/\\\/secure.gravatar.com\\\/avatar\\\/9ec15fa010fd99c9e11e37948e85beef0a90c7daa64afd7860f1539c39ba9f90?s=96&d=mm&r=g\",\"caption\":\"Cristian Pinzon\"}}]}<\/script>\n<!-- \/ Yoast SEO plugin. -->","yoast_head_json":{"title":"Barcelona anunci\u00f3 a Gabriel Jesus como su nuevo fichaje -","robots":{"index":"index","follow":"follow","max-snippet":"max-snippet:-1","max-image-preview":"max-image-preview:large","max-video-preview":"max-video-preview:-1"},"canonical":"https:\/\/futbolhoy.co\/index.php\/2026\/09\/01\/barcelona-anuncio-a-gabriel-jesus-como-su-nuevo-fichaje\/","og_locale":"es_ES","og_type":"article","og_title":"Barcelona anunci\u00f3 a Gabriel Jesus como su nuevo fichaje -","og_description":"Barcelona ha hecho oficial este martes el fichaje del delantero Gabriel Jesus, procedente del Arsenal, que firma un contrato de tres temporadas, hasta el 30 de junio de 2029. \ud83d\udde3\ufe0f Las primeras palabras de Gabriel Jesus como jugador del Bar\u00e7a pic.twitter.com\/sM8VpvEpAH \u2014 FC Barcelona (@FCBarcelona_es) September 1, 2026 La entidad catalana cierra un acuerdo de [&hellip;]","og_url":"https:\/\/futbolhoy.co\/index.php\/2026\/09\/01\/barcelona-anuncio-a-gabriel-jesus-como-su-nuevo-fichaje\/","article_publisher":"https:\/\/www.facebook.com\/FutbolHoyCol\/","article_published_time":"2026-09-01T14:41:53+00:00","og_image":[{"width":777,"height":583,"url":"https:\/\/futbolhoy.co\/wp-content\/uploads\/2026\/09\/Captura-de-pantalla-2026-09-01-094111.png","type":"image\/png"}],"author":"Cristian Pinzon","twitter_card":"summary_large_image","twitter_creator":"@FutbolHoyCol","twitter_site":"@FutbolHoyCol","twitter_misc":{"Escrito por":"Cristian Pinzon","Tiempo de lectura":"1 minuto"},"schema":{"@context":"https:\/\/schema.org","@graph":[{"@type":"Article","@id":"https:\/\/futbolhoy.co\/index.php\/2026\/09\/01\/barcelona-anuncio-a-gabriel-jesus-como-su-nuevo-fichaje\/#article","isPartOf":{"@id":"https:\/\/futbolhoy.co\/index.php\/2026\/09\/01\/barcelona-anuncio-a-gabriel-jesus-como-su-nuevo-fichaje\/"},"author":{"name":"Cristian Pinzon","@id":"https:\/\/futbolhoy.co\/#\/schema\/person\/3631d0513b65c6249db5b1cff87011f0"},"headline":"Barcelona anunci\u00f3 a Gabriel Jesus como su nuevo fichaje","datePublished":"2026-09-01T14:41:53+00:00","mainEntityOfPage":{"@id":"https:\/\/futbolhoy.co\/index.php\/2026\/09\/01\/barcelona-anuncio-a-gabriel-jesus-como-su-nuevo-fichaje\/"},"wordCount":289,"image":{"@id":"https:\/\/futbolhoy.co\/index.php\/2026\/09\/01\/barcelona-anuncio-a-gabriel-jesus-como-su-nuevo-fichaje\/#primaryimage"},"thumbnailUrl":"https:\/\/futbolhoy.co\/wp-content\/uploads\/2026\/09\/Captura-de-pantalla-2026-09-01-094111.png","articleSection":["Destacados"],"inLanguage":"es"},{"@type":"WebPage","@id":"https:\/\/futbolhoy.co\/index.php\/2026\/09\/01\/barcelona-anuncio-a-gabriel-jesus-como-su-nuevo-fichaje\/","url":"https:\/\/futbolhoy.co\/index.php\/2026\/09\/01\/barcelona-anuncio-a-gabriel-jesus-como-su-nuevo-fichaje\/","name":"Barcelona anunci\u00f3 a Gabriel Jesus como su nuevo fichaje -","isPartOf":{"@id":"https:\/\/futbolhoy.co\/#website"},"primaryImageOfPage":{"@id":"https:\/\/futbolhoy.co\/index.php\/2026\/09\/01\/barcelona-anuncio-a-gabriel-jesus-como-su-nuevo-fichaje\/#primaryimage"},"image":{"@id":"https:\/\/futbolhoy.co\/index.php\/2026\/09\/01\/barcelona-anuncio-a-gabriel-jesus-como-su-nuevo-fichaje\/#primaryimage"},"thumbnailUrl":"https:\/\/futbolhoy.co\/wp-content\/uploads\/2026\/09\/Captura-de-pantalla-2026-09-01-094111.png","datePublished":"2026-09-01T14:41:53+00:00","author":{"@id":"https:\/\/futbolhoy.co\/#\/schema\/person\/3631d0513b65c6249db5b1cff87011f0"},"breadcrumb":{"@id":"https:\/\/futbolhoy.co\/index.php\/2026\/09\/01\/barcelona-anuncio-a-gabriel-jesus-como-su-nuevo-fichaje\/#breadcrumb"},"inLanguage":"es","potentialAction":[{"@type":"ReadAction","target":["https:\/\/futbolhoy.co\/index.php\/2026\/09\/01\/barcelona-anuncio-a-gabriel-jesus-como-su-nuevo-fichaje\/"]}]},{"@type":"ImageObject","inLanguage":"es","@id":"https:\/\/futbolhoy.co\/index.php\/2026\/09\/01\/barcelona-anuncio-a-gabriel-jesus-como-su-nuevo-fichaje\/#primaryimage","url":"https:\/\/futbolhoy.co\/wp-content\/uploads\/2026\/09\/Captura-de-pantalla-2026-09-01-094111.png","contentUrl":"https:\/\/futbolhoy.co\/wp-content\/uploads\/2026\/09\/Captura-de-pantalla-2026-09-01-094111.png","width":777,"height":583},{"@type":"BreadcrumbList","@id":"https:\/\/futbolhoy.co\/index.php\/2026\/09\/01\/barcelona-anuncio-a-gabriel-jesus-como-su-nuevo-fichaje\/#breadcrumb","itemListElement":[{"@type":"ListItem","position":1,"name":"Portada","item":"https:\/\/futbolhoy.co\/"},{"@type":"ListItem","position":2,"name":"Barcelona anunci\u00f3 a Gabriel Jesus como su nuevo fichaje"}]},{"@type":"WebSite","@id":"https:\/\/futbolhoy.co\/#website","url":"https:\/\/futbolhoy.co\/","name":"FutbolHoy","description":"","potentialAction":[{"@type":"SearchAction","target":{"@type":"EntryPoint","urlTemplate":"https:\/\/futbolhoy.co\/?s={search_term_string}"},"query-input":{"@type":"PropertyValueSpecification","valueRequired":true,"valueName":"search_term_string"}}],"inLanguage":"es"},{"@type":"Person","@id":"https:\/\/futbolhoy.co\/#\/schema\/person\/3631d0513b65c6249db5b1cff87011f0","name":"Cristian Pinzon","image":{"@type":"ImageObject","inLanguage":"es","@id":"https:\/\/secure.gravatar.com\/avatar\/9ec15fa010fd99c9e11e37948e85beef0a90c7daa64afd7860f1539c39ba9f90?s=96&d=mm&r=g","url":"https:\/\/secure.gravatar.com\/avatar\/9ec15fa010fd99c9e11e37948e85beef0a90c7daa64afd7860f1539c39ba9f90?s=96&d=mm&r=g","contentUrl":"https:\/\/secure.gravatar.com\/avatar\/9ec15fa010fd99c9e11e37948e85beef0a90c7daa64afd7860f1539c39ba9f90?s=96&d=mm&r=g","caption":"Cristian Pinzon"}}]}},"_links":{"self":[{"href":"https:\/\/futbolhoy.co\/index.php\/wp-json\/wp\/v2\/posts\/134633","targetHints":{"allow":["GET"]}}],"collection":[{"href":"https:\/\/futbolhoy.co\/index.php\/wp-json\/wp\/v2\/posts"}],"about":[{"href":"https:\/\/futbolhoy.co\/index.php\/wp-json\/wp\/v2\/types\/post"}],"author":[{"embeddable":true,"href":"https:\/\/futbolhoy.co\/index.php\/wp-json\/wp\/v2\/users\/16"}],"replies":[{"embeddable":true,"href":"https:\/\/futbolhoy.co\/index.php\/wp-json\/wp\/v2\/comments?post=134633"}],"version-history":[{"count":1,"href":"https:\/\/futbolhoy.co\/index.php\/wp-json\/wp\/v2\/posts\/134633\/revisions"}],"predecessor-version":[{"id":134635,"href":"https:\/\/futbolhoy.co\/index.php\/wp-json\/wp\/v2\/posts\/134633\/revisions\/134635"}],"wp:featuredmedia":[{"embeddable":true,"href":"https:\/\/futbolhoy.co\/index.php\/wp-json\/wp\/v2\/media\/134634"}],"wp:attachment":[{"href":"https:\/\/futbolhoy.co\/index.php\/wp-json\/wp\/v2\/media?parent=134633"}],"wp:term":[{"taxonomy":"category","embeddable":true,"href":"https:\/\/futbolhoy.co\/index.php\/wp-json\/wp\/v2\/categories?post=134633"},{"taxonomy":"post_tag","embeddable":true,"href":"https:\/\/futbolhoy.co\/index.php\/wp-json\/wp\/v2\/tags?post=134633"}],"curies":[{"name":"wp","href":"https:\/\/api.w.org\/{rel}","templated":true}]}}